{"id":101919,"date":"2025-10-06T09:00:11","date_gmt":"2025-10-06T09:00:11","guid":{"rendered":"https:\/\/ekamu.net\/?p=101919"},"modified":"2025-10-06T09:00:11","modified_gmt":"2025-10-06T09:00:11","slug":"sabiha-gokcende-haziranda-atanan-ceo-gorevden-ayrildi","status":"publish","type":"post","link":"https:\/\/ekamu.net\/index.php\/2025\/10\/06\/sabiha-gokcende-haziranda-atanan-ceo-gorevden-ayrildi\/","title":{"rendered":"Sabiha G\u00f6k\u00e7en&#8217;de Haziran&#8217;da atanan CEO g\u00f6revden ayr\u0131ld\u0131"},"content":{"rendered":"<p><p>\u0130stanbul Sabiha G\u00f6k\u00e7en (\u0130SG) taraf\u0131ndan yap\u0131lan a\u00e7\u0131klamaya g\u00f6re, \u0130SG Uluslararas\u0131 Havaliman\u0131&#8217;nda haziran itibar\u0131yla CEO&#8217;luk g\u00f6revine gelen Alp Er Tunga Ersoy ile her iki taraf\u0131n da ortak karar\u0131 neticesinde kar\u015f\u0131l\u0131kl\u0131 anla\u015fmayla g\u00f6rev ayr\u0131l\u0131\u011f\u0131 ger\u00e7ekle\u015fti.<\/p>\n<p>&#8220;Alp Er Bey&#8217;e bug\u00fcne kadar bize olan katk\u0131lar\u0131 i\u00e7in te\u015fekk\u00fcr ederken kendisine bundan sonraki \u00e7al\u0131\u015fma hayat\u0131nda ba\u015far\u0131lar dileriz&#8221; ifadeleri kullan\u0131lan a\u00e7\u0131klamada, \u015fu de\u011ferlendirmelere yer verildi:<\/p>\n<div>\n<p>&#8220;Ulusal ve uluslararas\u0131 pek \u00e7ok havaliman\u0131n\u0131n i\u015fletmecisi konumundaki Malezya Havalimanlar\u0131 Holdings Berhad&#8217;\u0131n (MAHB) i\u015fletmecisi oldu\u011fu havaliman\u0131m\u0131zda, yeni CEO g\u00f6reve gelene kadar t\u00fcm operasyonlar MAHB&#8217;\u0131n b\u00fcy\u00fck havac\u0131l\u0131k tecr\u00fcbesiyle ve \u0130SG Y\u00f6netim Komitesi taraf\u0131ndan y\u00f6netilecektir. \u0130stanbul Sabiha G\u00f6k\u00e7en Uluslararas\u0131 Havaliman\u0131&#8217;nda t\u00fcm operasyonlar\u0131m\u0131z\u0131 aksamadan ayn\u0131 \u015fekilde y\u00fcr\u00fctmeye ve misafirlerimizi en iyi \u015fekilde a\u011f\u0131rlamaya devam etmekteyiz.&#8221;<\/p>\n<\/div>\n<\/p>\n<p><\/p>\n<p>Kaynak :\u00a0<span style=\"background-color: rgb(255, 249, 236); color: rgb(55, 58, 60); font-size: 14px;\">Bloomberg HT<\/span><\/p>\n<p><span style=\"display: block; width: 343.125px; color: rgb(55, 58, 60); font-size: 14px; background-color: rgb(255, 249, 236);\"><\/span><\/p>\n","protected":false},"excerpt":{"rendered":"<p>\u0130stanbul\u00a0Sabiha\u00a0G\u00f6k\u00e7en\u00a0(\u0130SG) Uluslararas\u0131 Havaliman\u0131&#8217;nda, \u00dcst Y\u00f6netici (CEO) Alp Er Tunga Ersoy ile kar\u015f\u0131l\u0131kl\u0131 anla\u015fma sonucunda yollar ayr\u0131ld\u0131.<\/p>\n","protected":false},"author":1,"featured_media":101920,"comment_status":"open","ping_status":"open","sticky":false,"template":"","format":"standard","meta":{"footnotes":""},"categories":[2],"tags":[],"class_list":["post-101919","post","type-post","status-publish","format-standard","has-post-thumbnail","hentry","category-ekonomi"],"_links":{"self":[{"href":"https:\/\/ekamu.net\/index.php\/wp-json\/wp\/v2\/posts\/101919","targetHints":{"allow":["GET"]}}],"collection":[{"href":"https:\/\/ekamu.net\/index.php\/wp-json\/wp\/v2\/posts"}],"about":[{"href":"https:\/\/ekamu.net\/index.php\/wp-json\/wp\/v2\/types\/post"}],"author":[{"embeddable":true,"href":"https:\/\/ekamu.net\/index.php\/wp-json\/wp\/v2\/users\/1"}],"replies":[{"embeddable":true,"href":"https:\/\/ekamu.net\/index.php\/wp-json\/wp\/v2\/comments?post=101919"}],"version-history":[{"count":1,"href":"https:\/\/ekamu.net\/index.php\/wp-json\/wp\/v2\/posts\/101919\/revisions"}],"predecessor-version":[{"id":101921,"href":"https:\/\/ekamu.net\/index.php\/wp-json\/wp\/v2\/posts\/101919\/revisions\/101921"}],"wp:featuredmedia":[{"embeddable":true,"href":"https:\/\/ekamu.net\/index.php\/wp-json\/wp\/v2\/media\/101920"}],"wp:attachment":[{"href":"https:\/\/ekamu.net\/index.php\/wp-json\/wp\/v2\/media?parent=101919"}],"wp:term":[{"taxonomy":"category","embeddable":true,"href":"https:\/\/ekamu.net\/index.php\/wp-json\/wp\/v2\/categories?post=101919"},{"taxonomy":"post_tag","embeddable":true,"href":"https:\/\/ekamu.net\/index.php\/wp-json\/wp\/v2\/tags?post=101919"}],"curies":[{"name":"wp","href":"https:\/\/api.w.org\/{rel}","templated":true}]}}