{"id":102095,"date":"2025-10-06T18:24:06","date_gmt":"2025-10-06T18:24:06","guid":{"rendered":"https:\/\/ekamu.net\/?p=102095"},"modified":"2025-10-06T18:24:06","modified_gmt":"2025-10-06T18:24:06","slug":"uluslararasi-ceza-mahkemesi-netanyahuya-tutuklama-emri-cikardi","status":"publish","type":"post","link":"https:\/\/ekamu.net\/index.php\/2025\/10\/06\/uluslararasi-ceza-mahkemesi-netanyahuya-tutuklama-emri-cikardi\/","title":{"rendered":"Uluslararas\u0131 Ceza Mahkemesi Netanyahu&#8217;ya tutuklama emri \u00e7\u0131kard\u0131"},"content":{"rendered":"<p><p>Uluslararas\u0131 Ceza Mahkemesi, Gazze&#8217;de sava\u015f su\u00e7u i\u015fledikleri su\u00e7lamas\u0131yla \u0130srail Ba\u015fbakan\u0131 Netanyahu ve eski Savunma Bakan\u0131 Galant hakk\u0131nda yakalama emri \u00e7\u0131kard\u0131.<\/p>\n<p>Mahkeme, Netanyahu ve Gallant&#8217;\u0131n su\u00e7 i\u015fledikleri i\u00e7in yeteri kadar delil oldu\u011funu belirtirken, \u0130srail devletinin mahkemenin yetkisinin kabul edip etmemesinin \u00f6nemli olmad\u0131\u011f\u0131n\u0131 vurgulad\u0131.<\/p>\n<p>Sivil halka sald\u0131r\u0131lar planlamakla su\u00e7lanan Netanyahu ve Gallant&#8217;\u0131n, Gazze&#8217;deki halk\u0131 bilin\u00e7li olarak a\u00e7 b\u0131rakt\u0131\u011f\u0131, bunun da bir sava\u015f su\u00e7u oldu\u011fun ifade edildi.<\/p>\n<div>\n<p>Mahkeme, Hamas liderlerinden Al-Masri hakk\u0131nda da yakalama emri \u00e7\u0131kard\u0131.<\/p>\n<p>Uluslararas\u0131 Ceza Mahkemesi, Rusya Devlet Ba\u015fkan\u0131 Vladimir Putin hakk\u0131nda yakalama karar\u0131 \u00e7\u0131karm\u0131\u015f ve bu karar\u0131n \u00f6m\u00fcr boyu ge\u00e7erli oldu\u011funu belirtmi\u015fti.<\/p>\n<\/div>\n<\/p>\n<p><\/p>\n<p>Kaynak :\u00a0<span style=\"background-color: rgb(255, 249, 236); color: rgb(55, 58, 60); font-size: 14px;\">Bloomberg HT<\/span><\/p>\n<p><span style=\"display: block; width: 343.125px; color: rgb(55, 58, 60); font-size: 14px; background-color: rgb(255, 249, 236);\"><\/span><\/p>\n","protected":false},"excerpt":{"rendered":"<p>Uluslararas\u0131 Ceza Mahkemesi, \u0130srail Ba\u015fbakan\u0131 Netanyahu ve eski Savunma Bakan\u0131 Galant hakk\u0131nda tutuklama emri \u00e7\u0131kard\u0131.<\/p>\n","protected":false},"author":1,"featured_media":102096,"comment_status":"open","ping_status":"open","sticky":false,"template":"","format":"standard","meta":{"footnotes":""},"categories":[2],"tags":[82],"class_list":["post-102095","post","type-post","status-publish","format-standard","has-post-thumbnail","hentry","category-ekonomi","tag-suc"],"_links":{"self":[{"href":"https:\/\/ekamu.net\/index.php\/wp-json\/wp\/v2\/posts\/102095","targetHints":{"allow":["GET"]}}],"collection":[{"href":"https:\/\/ekamu.net\/index.php\/wp-json\/wp\/v2\/posts"}],"about":[{"href":"https:\/\/ekamu.net\/index.php\/wp-json\/wp\/v2\/types\/post"}],"author":[{"embeddable":true,"href":"https:\/\/ekamu.net\/index.php\/wp-json\/wp\/v2\/users\/1"}],"replies":[{"embeddable":true,"href":"https:\/\/ekamu.net\/index.php\/wp-json\/wp\/v2\/comments?post=102095"}],"version-history":[{"count":1,"href":"https:\/\/ekamu.net\/index.php\/wp-json\/wp\/v2\/posts\/102095\/revisions"}],"predecessor-version":[{"id":102097,"href":"https:\/\/ekamu.net\/index.php\/wp-json\/wp\/v2\/posts\/102095\/revisions\/102097"}],"wp:featuredmedia":[{"embeddable":true,"href":"https:\/\/ekamu.net\/index.php\/wp-json\/wp\/v2\/media\/102096"}],"wp:attachment":[{"href":"https:\/\/ekamu.net\/index.php\/wp-json\/wp\/v2\/media?parent=102095"}],"wp:term":[{"taxonomy":"category","embeddable":true,"href":"https:\/\/ekamu.net\/index.php\/wp-json\/wp\/v2\/categories?post=102095"},{"taxonomy":"post_tag","embeddable":true,"href":"https:\/\/ekamu.net\/index.php\/wp-json\/wp\/v2\/tags?post=102095"}],"curies":[{"name":"wp","href":"https:\/\/api.w.org\/{rel}","templated":true}]}}