{"id":102125,"date":"2025-10-06T20:00:38","date_gmt":"2025-10-06T20:00:38","guid":{"rendered":"https:\/\/ekamu.net\/?p=102125"},"modified":"2025-10-06T20:00:38","modified_gmt":"2025-10-06T20:00:38","slug":"citiden-tcmb-faiz-indirimi-ongorusu","status":"publish","type":"post","link":"https:\/\/ekamu.net\/index.php\/2025\/10\/06\/citiden-tcmb-faiz-indirimi-ongorusu\/","title":{"rendered":"Citi&#8217;den TCMB faiz indirimi \u00f6ng\u00f6r\u00fcs\u00fc"},"content":{"rendered":"<p><p>Citigroup ekonomistleri \u0130lker Doma\u00e7 ve G\u00fcltekin I\u015f\u0131klar TCMB\u2019nin politika faizini de\u011fi\u015ftirmeyerek y\u00fczde 50\u2019de tuttu\u011fu faiz karar\u0131n\u0131n ard\u0131ndan yay\u0131mlad\u0131\u011f\u0131 raporda faiz indirim beklentisini payla\u015ft\u0131.<\/p>\n<p>Notta Aral\u0131k ay\u0131nda faiz indirimi i\u00e7in zemin haz\u0131rland\u0131\u011f\u0131 belirtildi.<\/p>\n<p>A\u00e7\u0131klamada \u201cPara Politikas\u0131 Kurulu\u2019nun i\u00e7 talebin dezenflasyon s\u00fcrecini daha \u00e7ok destekledi\u011fi, hizmet enflasyonunun daha net iyile\u015fme i\u015faretleri g\u00f6sterdi\u011fi y\u00f6n\u00fcndeki de\u011ferlendirmesi, maliye ve para politikas\u0131 aras\u0131ndaki koordinasyonun artt\u0131\u011f\u0131na ili\u015fkin s\u00f6ylemle birle\u015fti\u011finde Aral\u0131k ay\u0131nda faiz indiriminin masada kalmaya devam etti\u011fine i\u015faret ediyor\u201d ifadesi yer ald\u0131.<\/p>\n<div>\n<p>Kas\u0131m ay\u0131 enflasyon rakam\u0131na, TL\u2019deki harekete ve rezerv birikiminin h\u0131z\u0131na ba\u011fl\u0131 olarak \u2018daha az agresif\u2019 bir gev\u015femenin g\u00f6z ard\u0131 edilemeyece\u011fi belirtildi.<\/p>\n<p>TCMB bug\u00fcnk\u00fc toplant\u0131da politika faizini y\u00fczde 50 seviyesinde b\u0131rakt\u0131. Karar metninde Ekim ay\u0131nda enflasyonun ana e\u011filiminde d\u00fc\u015f\u00fc\u015f g\u00f6zlendi\u011fi belirtildi.<\/p>\n<\/div>\n<\/p>\n<p><\/p>\n<p>Kaynak :\u00a0<span style=\"background-color: rgb(255, 249, 236); color: rgb(55, 58, 60); font-size: 14px;\">Bloomberg HT<\/span><\/p>\n<p><span style=\"display: block; width: 343.125px; color: rgb(55, 58, 60); font-size: 14px; background-color: rgb(255, 249, 236);\"><\/span><\/p>\n","protected":false},"excerpt":{"rendered":"<p>Citigroup TCMB&#8217;nin faiz karar\u0131 sonras\u0131 yapt\u0131\u011f\u0131 de\u011ferlendirmede Merkez Bankas\u0131&#8217;n\u0131n Aral\u0131k&#8217;ta faiz indirimi i\u00e7in zemin haz\u0131rlad\u0131\u011f\u0131n\u0131 belirtti.<\/p>\n","protected":false},"author":1,"featured_media":102126,"comment_status":"open","ping_status":"open","sticky":false,"template":"","format":"standard","meta":{"footnotes":""},"categories":[2],"tags":[1131],"class_list":["post-102125","post","type-post","status-publish","format-standard","has-post-thumbnail","hentry","category-ekonomi","tag-faiz"],"_links":{"self":[{"href":"https:\/\/ekamu.net\/index.php\/wp-json\/wp\/v2\/posts\/102125","targetHints":{"allow":["GET"]}}],"collection":[{"href":"https:\/\/ekamu.net\/index.php\/wp-json\/wp\/v2\/posts"}],"about":[{"href":"https:\/\/ekamu.net\/index.php\/wp-json\/wp\/v2\/types\/post"}],"author":[{"embeddable":true,"href":"https:\/\/ekamu.net\/index.php\/wp-json\/wp\/v2\/users\/1"}],"replies":[{"embeddable":true,"href":"https:\/\/ekamu.net\/index.php\/wp-json\/wp\/v2\/comments?post=102125"}],"version-history":[{"count":1,"href":"https:\/\/ekamu.net\/index.php\/wp-json\/wp\/v2\/posts\/102125\/revisions"}],"predecessor-version":[{"id":102127,"href":"https:\/\/ekamu.net\/index.php\/wp-json\/wp\/v2\/posts\/102125\/revisions\/102127"}],"wp:featuredmedia":[{"embeddable":true,"href":"https:\/\/ekamu.net\/index.php\/wp-json\/wp\/v2\/media\/102126"}],"wp:attachment":[{"href":"https:\/\/ekamu.net\/index.php\/wp-json\/wp\/v2\/media?parent=102125"}],"wp:term":[{"taxonomy":"category","embeddable":true,"href":"https:\/\/ekamu.net\/index.php\/wp-json\/wp\/v2\/categories?post=102125"},{"taxonomy":"post_tag","embeddable":true,"href":"https:\/\/ekamu.net\/index.php\/wp-json\/wp\/v2\/tags?post=102125"}],"curies":[{"name":"wp","href":"https:\/\/api.w.org\/{rel}","templated":true}]}}