{"id":102697,"date":"2025-10-08T02:36:07","date_gmt":"2025-10-08T02:36:07","guid":{"rendered":"https:\/\/ekamu.net\/?p=102697"},"modified":"2025-10-08T02:36:07","modified_gmt":"2025-10-08T02:36:07","slug":"fed-raporu-abdnin-mali-borcu-finansal-istikrar-riski-olarak-goruluyor","status":"publish","type":"post","link":"https:\/\/ekamu.net\/index.php\/2025\/10\/08\/fed-raporu-abdnin-mali-borcu-finansal-istikrar-riski-olarak-goruluyor\/","title":{"rendered":"Fed raporu: ABD&#8217;nin mali borcu finansal istikrar riski olarak g\u00f6r\u00fcl\u00fcyor"},"content":{"rendered":"<p><p>Fed, Amerikan finansal sistemindeki mevcut duruma ili\u015fkin de\u011ferlendirmelerin yer ald\u0131\u011f\u0131 Finansal \u0130stikrar Raporu&#8217;nun kas\u0131m say\u0131s\u0131n\u0131 yay\u0131mlad\u0131.<\/p>\n<p>ABD&#8217;nin finansal istikrar\u0131na y\u00f6nelik risklere ili\u015fkin yap\u0131lan anketin sonu\u00e7lar\u0131n\u0131n payla\u015f\u0131ld\u0131\u011f\u0131 raporda, \u00fclkenin mali borcunun s\u00fcrd\u00fcr\u00fclebilirli\u011fine ili\u015fkin endi\u015felerin listenin ba\u015f\u0131nda yer ald\u0131\u011f\u0131, bunu Orta Do\u011fu&#8217;da t\u0131rmanan gerilim ile son ankette de s\u0131kl\u0131kla dile getirilen politika belirsizli\u011finin takip etti\u011fi anlat\u0131ld\u0131.<\/p>\n<div>\n<p>Raporda, &#8220;ABD&#8217;nin mali bor\u00e7lar\u0131n\u0131n s\u00fcrd\u00fcr\u00fclebilirli\u011fine ili\u015fkin endi\u015feler en \u00e7ok belirtilen risk oldu. Artan Hazine ihra\u00e7lar\u0131n\u0131n \u00f6zel yat\u0131r\u0131mlar\u0131 engellemeye ba\u015flayabilece\u011fi veya ekonomik durgunlukta politika tepkilerini k\u0131s\u0131tlayabilece\u011fi kaydedildi.&#8221; de\u011ferlendirmesinde bulunuldu.<\/p>\n<p>ABD&#8217;nin resesyona girme riskinin de listenin \u00fcst s\u0131ralar\u0131nda yer ald\u0131\u011f\u0131 belirtilen raporda, \u00f6nceki 6 anketin 5&#8217;inde ilk s\u0131ralarda yer alan kal\u0131c\u0131 enflasyonist bask\u0131lar ve k\u0131s\u0131tlay\u0131c\u0131 para politikas\u0131 duru\u015funun etkilerine ili\u015fkin riskin bu kez daha az dile getirildi\u011fi kaydedildi.<\/p>\n<\/div>\n<div>\n<p>Raporda, k\u00fcresel ticarete ili\u015fkin risklerin bir \u00f6nceki ankete k\u0131yasla daha s\u0131k belirtildi\u011fi, riskli varl\u0131k fiyatlar\u0131ndaki d\u00fczeltme ve bankac\u0131l\u0131k sekt\u00f6r\u00fcndeki stresin yeniden ortaya \u00e7\u0131kmas\u0131n\u0131n di\u011fer riskler kadar \u00f6ne \u00e7\u0131kmasa da dile getirilmeye devam etti\u011fi aktar\u0131ld\u0131.<\/p>\n<p>Ayr\u0131ca raporda, \u00c7in ekonomisinin daha da zay\u0131flamas\u0131n\u0131n ve bir finans kurulu\u015funa y\u00f6nelik siber sald\u0131r\u0131 olas\u0131l\u0131\u011f\u0131n\u0131n da ger\u00e7ekle\u015fmeleri halinde ciddi sonu\u00e7lara yol a\u00e7abilecek riskler aras\u0131nda g\u00f6r\u00fcld\u00fc\u011f\u00fc belirtildi.<\/p>\n<\/div>\n<\/p>\n<p><\/p>\n<p>Kaynak :\u00a0<span style=\"background-color: rgb(255, 249, 236); color: rgb(55, 58, 60); font-size: 14px;\">Bloomberg HT<\/span><\/p>\n<p><span style=\"display: block; width: 343.125px; color: rgb(55, 58, 60); font-size: 14px; background-color: rgb(255, 249, 236);\"><\/span><\/p>\n","protected":false},"excerpt":{"rendered":"<p>ABD Merkez Bankas\u0131 (Fed), \u00fclkenin mali borcunun s\u00fcrd\u00fcr\u00fclebilirli\u011finin finansal istikrara y\u00f6nelik en \u00f6nemli risk olarak g\u00f6r\u00fcld\u00fc\u011f\u00fcn\u00fc bildirdi.<\/p>\n","protected":false},"author":1,"featured_media":102698,"comment_status":"open","ping_status":"open","sticky":false,"template":"","format":"standard","meta":{"footnotes":""},"categories":[2],"tags":[2145,476,541],"class_list":["post-102697","post","type-post","status-publish","format-standard","has-post-thumbnail","hentry","category-ekonomi","tag-iliskin","tag-raporda","tag-risk"],"_links":{"self":[{"href":"https:\/\/ekamu.net\/index.php\/wp-json\/wp\/v2\/posts\/102697","targetHints":{"allow":["GET"]}}],"collection":[{"href":"https:\/\/ekamu.net\/index.php\/wp-json\/wp\/v2\/posts"}],"about":[{"href":"https:\/\/ekamu.net\/index.php\/wp-json\/wp\/v2\/types\/post"}],"author":[{"embeddable":true,"href":"https:\/\/ekamu.net\/index.php\/wp-json\/wp\/v2\/users\/1"}],"replies":[{"embeddable":true,"href":"https:\/\/ekamu.net\/index.php\/wp-json\/wp\/v2\/comments?post=102697"}],"version-history":[{"count":1,"href":"https:\/\/ekamu.net\/index.php\/wp-json\/wp\/v2\/posts\/102697\/revisions"}],"predecessor-version":[{"id":102699,"href":"https:\/\/ekamu.net\/index.php\/wp-json\/wp\/v2\/posts\/102697\/revisions\/102699"}],"wp:featuredmedia":[{"embeddable":true,"href":"https:\/\/ekamu.net\/index.php\/wp-json\/wp\/v2\/media\/102698"}],"wp:attachment":[{"href":"https:\/\/ekamu.net\/index.php\/wp-json\/wp\/v2\/media?parent=102697"}],"wp:term":[{"taxonomy":"category","embeddable":true,"href":"https:\/\/ekamu.net\/index.php\/wp-json\/wp\/v2\/categories?post=102697"},{"taxonomy":"post_tag","embeddable":true,"href":"https:\/\/ekamu.net\/index.php\/wp-json\/wp\/v2\/tags?post=102697"}],"curies":[{"name":"wp","href":"https:\/\/api.w.org\/{rel}","templated":true}]}}