{"id":102862,"date":"2025-10-08T09:00:34","date_gmt":"2025-10-08T09:00:34","guid":{"rendered":"https:\/\/ekamu.net\/?p=102862"},"modified":"2025-10-08T09:00:34","modified_gmt":"2025-10-08T09:00:34","slug":"metro-turkiye-iklim-notr-olma-yolunda-ilerliyor","status":"publish","type":"post","link":"https:\/\/ekamu.net\/index.php\/2025\/10\/08\/metro-turkiye-iklim-notr-olma-yolunda-ilerliyor\/","title":{"rendered":"Metro T\u00fcrkiye iklim n\u00f6tr olma yolunda ilerliyor"},"content":{"rendered":"<p><figure> <span> <img decoding=\"async\" src=\"https:\/\/ekamu.net\/wp-content\/uploads\/2025\/10\/metro-turkiye-iklim-notr-olma-yolunda-ilerliyor-0-W6DyqcWP.jpg\"\/> <\/span> 21 \u015fehirde 37 ma\u011fazas\u0131 bulunan <strong>Metro T\u00fcrkiye<\/strong>, s\u00fcrd\u00fcr\u00fclebilir enerjiye ge\u00e7i\u015f konusunda \u00f6zel sekt\u00f6r\u00fcn \u00f6nc\u00fcleri aras\u0131nda yer almaya devam ediyor. Her y\u0131l bu alandaki \u00e7al\u0131\u015fmalar\u0131n\u0131 detayland\u0131rd\u0131\u011f\u0131 etki raporlar\u0131 payla\u015fan Metro, ge\u00e7ti\u011fimiz g\u00fcnlerde de &#8220;4. Etki Raporu&#8221;nu yay\u0131nlad\u0131.\u00a0\u015eirket, iklim n\u00f6tr olma yolunda emin ad\u0131mlarla ilerliyor. <\/figure>\n<p>\u0130lk olarak S\u00fcrd\u00fcr\u00fclebilirlik Raporu olarak yay\u0131nlanmaya ba\u015flayan, 2020 y\u0131l\u0131nda ise Etki Raporu olarak de\u011fi\u015ftirilen bu raporlar\u0131n sonuncusu, \u015firketin 2023&#8217;te yapt\u0131\u011f\u0131 at\u0131l\u0131mlar\u0131 detayland\u0131r\u0131rken gelece\u011fe dair planlar\u0131n\u0131 da \u00f6n\u00fcm\u00fcze seriyor. <strong>2040 y\u0131l\u0131na kadar iklim n\u00f6tr h\u00e2le gelmeyi hedefleyen <\/strong>Metro T\u00fcrkiye, 2023&#8217;te kendi operasyonlar\u0131ndan kaynakl\u0131 emisyonlar\u0131n bir \u00f6nceki y\u0131la k\u0131yasla <strong>y\u00fczde 11 azald\u0131\u011f\u0131n\u0131 <\/strong>a\u00e7\u0131klad\u0131.<\/p>\n<p>Metro Grup, 2011 baz y\u0131l\u0131na g\u00f6re 2030&#8217;a kadar metrekare sat\u0131\u015f ve da\u011f\u0131t\u0131m alan\u0131 ba\u015f\u0131na Kapsam 1 ve 2 sera gaz\u0131 emisyonlar\u0131n\u0131 <strong>y\u00fczde 60 azaltmay\u0131 taahh\u00fct ediyor<\/strong>. Grup ayr\u0131ca mutlak Kapsam 3 sera gaz\u0131 emisyonlar\u0131n\u0131 2030&#8217;a kadar 2018 baz y\u0131l\u0131na g\u00f6re y\u00fczde 15 azaltmay\u0131 da taahh\u00fct ediyor.<\/p>\n<p><b>Metro Ma\u011fazalar\u0131nda Elektrikli Ara\u00e7lar \u0130\u00e7in \u015earj Hizmeti Sunuluyor<\/b><\/p>\n<figure> <span> <img decoding=\"async\" src=\"https:\/\/ekamu.net\/wp-content\/uploads\/2025\/10\/metro-turkiye-iklim-notr-olma-yolunda-ilerliyor-1-d1H3rasy.jpg\"\/> <\/span> Metro T\u00fcrkiye i\u00e7in 2023, ye\u015fil yat\u0131r\u0131mlarda geni\u015fleme y\u0131l\u0131 oldu.\u00a0Zorlu Energy Solutions (ZES) ile ger\u00e7ekle\u015ftirilen i\u015f birli\u011fiyle <strong>Metro ma\u011fazalar\u0131nda elektrikli ara\u00e7lar i\u00e7in \u015farj hizmeti sunulmaya ba\u015fland\u0131.<\/strong>\u00a0Di\u011fer yandan 500 milyon TL&#8217;lik g\u00fcne\u015f enerjisi sistemi (GES) projesinin ilk faz\u0131 devreye al\u0131narak 15 ma\u011fazada <strong>elektrik ihtiyac\u0131n\u0131n y\u00fczde 70&#8217;ten fazlas\u0131n\u0131n yenilenebilir enerji ile kar\u015f\u0131lanmas\u0131 sa\u011fland\u0131.<\/strong> <\/figure>\n<p>Metro T\u00fcrkiye, ilk fazda yer alan 15 ma\u011fazan\u0131n \u00e7at\u0131lar\u0131na ve otopark g\u00f6lgeliklerine g\u00fcne\u015f panelleri kurarak <strong>18 MW\u2019l\u0131k GES g\u00fcc\u00fcne eri\u015fti<\/strong>. Bu ma\u011fazalar\u0131n enerji ihtiyac\u0131n\u0131n y\u00fczde 70&#8217;inin yenilenebilir enerjiyle sa\u011flanmas\u0131 da bu sayede m\u00fcmk\u00fcn oldu.<\/p>\n<p>\u015eimdi projenin <strong>2. faz\u0131na ge\u00e7en<\/strong> Metro T\u00fcrkiye, 500 milyon TL&#8217;lik GES yat\u0131r\u0131m\u0131n\u0131 tamamlad\u0131\u011f\u0131nda toplam<strong> GES \u00fcretim kapasitesini 30 MW&#8217;a \u00e7\u0131karacak<\/strong>. Yakla\u015f\u0131k 110 bin ki\u015finin y\u0131ll\u0131k enerji t\u00fcketimine denk gelen\u00a0bu yenilenebilir enerji \u00fcretimi, \u015firketin 30 ma\u011fazas\u0131nda kulland\u0131\u011f\u0131 elektri\u011fin yakla\u015f\u0131k y\u00fczde 60\u2019\u0131n\u0131 temiz enerjiden kar\u015f\u0131lamas\u0131n\u0131 sa\u011flayacak. Bu sayede 825 bin a\u011fac\u0131n n\u00f6trleyebilece\u011fi 18 bin ton karbon emisyonunun \u00f6n\u00fcne ge\u00e7ip karbon ayak izini 14 bin tona d\u00fc\u015f\u00fcrerek daha s\u00fcrd\u00fcr\u00fclebilir bir gelece\u011fe katk\u0131 sa\u011flayacak. Metro T\u00fcrkiye CFO&#8217;su Asl\u0131 Y\u0131lmaz Arac\u0131o\u011flu &#8220;Hedefimiz ise elbette enerji ihtiyac\u0131m\u0131z\u0131n y\u00fczde 100\u2019\u00fcn\u00fc g\u00fcne\u015ften kar\u015f\u0131lamak amac\u0131yla GES yat\u0131r\u0131m\u0131m\u0131za devam etmek.\u201d diyor.<\/p>\n\n<p><span style=\"display: block; width: 343.125px; color: rgb(55, 58, 60); font-size: 14px; background-color: rgb(255, 249, 236);\"><\/span><\/p>\n<p>Kaynak :\u00a0<span style=\"background-color: rgb(255, 249, 236); color: rgb(55, 58, 60); font-size: 14px;\">https:\/\/www.donanimhaber.com\/metro-turkiye-nin-yesil-enerji-atilimi-suruyor&#8211;185189<\/span><\/p>\n","protected":false},"excerpt":{"rendered":"<p>21 \u015fehirde 37 ma\u011fazas\u0131 bulunan Metro T\u00fcrkiye, s\u00fcrd\u00fcr\u00fclebilir enerjiye ge\u00e7i\u015f konusunda \u00f6zel sekt\u00f6r\u00fcn \u00f6nc\u00fcleri aras\u0131nda yer almaya devam ediyor. Her y\u0131l bu alandaki \u00e7al\u0131\u015fmalar\u0131n\u0131 detayland\u0131rd\u0131\u011f\u0131 etki raporlar\u0131 payla\u015fan Metro, ge\u00e7ti\u011fimiz g\u00fcnlerde de &#8230;<\/p>\n","protected":false},"author":1,"featured_media":102863,"comment_status":"open","ping_status":"open","sticky":false,"template":"","format":"standard","meta":{"footnotes":""},"categories":[8],"tags":[137,6090],"class_list":["post-102862","post","type-post","status-publish","format-standard","has-post-thumbnail","hentry","category-teknoloji","tag-enerji","tag-metro-turkiye"],"_links":{"self":[{"href":"https:\/\/ekamu.net\/index.php\/wp-json\/wp\/v2\/posts\/102862","targetHints":{"allow":["GET"]}}],"collection":[{"href":"https:\/\/ekamu.net\/index.php\/wp-json\/wp\/v2\/posts"}],"about":[{"href":"https:\/\/ekamu.net\/index.php\/wp-json\/wp\/v2\/types\/post"}],"author":[{"embeddable":true,"href":"https:\/\/ekamu.net\/index.php\/wp-json\/wp\/v2\/users\/1"}],"replies":[{"embeddable":true,"href":"https:\/\/ekamu.net\/index.php\/wp-json\/wp\/v2\/comments?post=102862"}],"version-history":[{"count":1,"href":"https:\/\/ekamu.net\/index.php\/wp-json\/wp\/v2\/posts\/102862\/revisions"}],"predecessor-version":[{"id":102866,"href":"https:\/\/ekamu.net\/index.php\/wp-json\/wp\/v2\/posts\/102862\/revisions\/102866"}],"wp:featuredmedia":[{"embeddable":true,"href":"https:\/\/ekamu.net\/index.php\/wp-json\/wp\/v2\/media\/102863"}],"wp:attachment":[{"href":"https:\/\/ekamu.net\/index.php\/wp-json\/wp\/v2\/media?parent=102862"}],"wp:term":[{"taxonomy":"category","embeddable":true,"href":"https:\/\/ekamu.net\/index.php\/wp-json\/wp\/v2\/categories?post=102862"},{"taxonomy":"post_tag","embeddable":true,"href":"https:\/\/ekamu.net\/index.php\/wp-json\/wp\/v2\/tags?post=102862"}],"curies":[{"name":"wp","href":"https:\/\/api.w.org\/{rel}","templated":true}]}}