{"id":103176,"date":"2025-10-08T22:48:09","date_gmt":"2025-10-08T22:48:09","guid":{"rendered":"https:\/\/ekamu.net\/?p=103176"},"modified":"2025-10-08T22:48:09","modified_gmt":"2025-10-08T22:48:09","slug":"almanyada-ifo-guven-endeksi-kasimda-geriledi","status":"publish","type":"post","link":"https:\/\/ekamu.net\/index.php\/2025\/10\/08\/almanyada-ifo-guven-endeksi-kasimda-geriledi\/","title":{"rendered":"Almanya&#8217;da Ifo g\u00fcven endeksi Kas\u0131m&#8217;da geriledi"},"content":{"rendered":"<p><p>Almanya&#8217;n\u0131n i\u015f d\u00fcnyas\u0131 g\u00f6r\u00fcn\u00fcm\u00fc, siyasal alanda ya\u015fanan \u00e7alkant\u0131lar ve Donald Trump&#8217;\u0131n yeniden ABD ba\u015fkan\u0131 se\u00e7ilmesinin ard\u0131ndan ticaret tarifeleri tehdidi nedeniyle Kas\u0131m ay\u0131nda geriledi.<\/p>\n<p>Almanya&#8217;da i\u015f d\u00fcnyas\u0131n\u0131n ekonomiye g\u00fcvenini yans\u0131tan Ifo endeksi Kas\u0131m ay\u0131nda 85,7 ile beklentilerin alt\u0131nda a\u00e7\u0131kland\u0131.<\/p>\n<p>Ge\u00e7en ay bu veri 86,5 olarak a\u00e7\u0131klanm\u0131\u015ft\u0131.<\/p>\n<div>\n<p>Bloomberg anketine kat\u0131lan ekonomistler verinin 86 seviyesinde olaca\u011f\u0131n\u0131 \u00f6ng\u00f6r\u00fcyorlard\u0131.<\/p>\n<p>Ifo Ba\u015fkan\u0131 Clemens Fuest verilere ili\u015fkin a\u00e7\u0131klamas\u0131nda \u201cAlman ekonomisi toparlanmakta zorlan\u0131yor. \u015eirketler \u00f6n\u00fcm\u00fczdeki aylar konusunda yine \u015f\u00fcpheci davrand\u0131lar\u201d de\u011ferlendirmelerini yapt\u0131.<\/p>\n<p>Fuest, Pazartesi g\u00fcn\u00fc Bloomberg Televizyonu&#8217;na verdi\u011fi deme\u00e7te, \u201cTrump&#8217;\u0131n tarifeleri, bir s\u00fcredir Alman imalat\u0131nda bir endi\u015fe kayna\u011f\u0131. \u0130\u015f d\u00fcnyas\u0131n\u0131n g\u00f6r\u00fcn\u00fcm\u00fc zay\u0131f. Bu ay tek parlak nokta t\u00fcketimden geliyor\u201d dedi.<\/p>\n<\/div>\n<div>\n<p>Avrupa&#8217;n\u0131n en b\u00fcy\u00fck ekonomisi, sanayi ve otomobil devleri aras\u0131nda uzun s\u00fcredir devam eden m\u00fccadelelerin siyasi \u00e7alkant\u0131lar ve Trump&#8217;\u0131n d\u00f6n\u00fc\u015f\u00fcn\u00fcn k\u00fcresel ticareti sarsma tehlikesiyle birle\u015fmesi nedeniyle \u00fcst \u00fcste ikinci daralma y\u0131l\u0131yla kar\u015f\u0131 kar\u015f\u0131ya.<\/p>\n<p>Bundesbank Ba\u015fkan\u0131 Joachim Nagel, Trump&#8217;\u0131n vergilerinin Almanya&#8217;n\u0131n \u00fcretiminin y\u00fczde 1&#8217;ine mal olabilece\u011fi ve bunun sonucunda ekonominin 2025&#8217;te de k\u00fc\u00e7\u00fclebilece\u011fi uyar\u0131s\u0131nda bulunmu\u015ftu.<\/p>\n<\/div>\n<\/p>\n<p><\/p>\n<p>Kaynak :\u00a0<span style=\"background-color: rgb(255, 249, 236); color: rgb(55, 58, 60); font-size: 14px;\">Bloomberg HT<\/span><\/p>\n<p><span style=\"display: block; width: 343.125px; color: rgb(55, 58, 60); font-size: 14px; background-color: rgb(255, 249, 236);\"><\/span><\/p>\n","protected":false},"excerpt":{"rendered":"<p>Siyasi \u00e7alkant\u0131yla g\u00fcndeme gelen Avrupa&#8217;n\u0131n en b\u00fcy\u00fck ekonomisi Almanya&#8217;da i\u015f g\u00fcveni de gerileme g\u00f6sterdi. Almanya&#8217;n\u0131n Ifo g\u00fcven endeksi Kas\u0131m&#8217;da 85,7 ile bir \u00f6nceki ay kaydedilen seviyenin alt\u0131nda kald\u0131.<\/p>\n","protected":false},"author":1,"featured_media":103177,"comment_status":"open","ping_status":"open","sticky":false,"template":"","format":"standard","meta":{"footnotes":""},"categories":[2],"tags":[1265],"class_list":["post-103176","post","type-post","status-publish","format-standard","has-post-thumbnail","hentry","category-ekonomi","tag-alman"],"_links":{"self":[{"href":"https:\/\/ekamu.net\/index.php\/wp-json\/wp\/v2\/posts\/103176","targetHints":{"allow":["GET"]}}],"collection":[{"href":"https:\/\/ekamu.net\/index.php\/wp-json\/wp\/v2\/posts"}],"about":[{"href":"https:\/\/ekamu.net\/index.php\/wp-json\/wp\/v2\/types\/post"}],"author":[{"embeddable":true,"href":"https:\/\/ekamu.net\/index.php\/wp-json\/wp\/v2\/users\/1"}],"replies":[{"embeddable":true,"href":"https:\/\/ekamu.net\/index.php\/wp-json\/wp\/v2\/comments?post=103176"}],"version-history":[{"count":1,"href":"https:\/\/ekamu.net\/index.php\/wp-json\/wp\/v2\/posts\/103176\/revisions"}],"predecessor-version":[{"id":103178,"href":"https:\/\/ekamu.net\/index.php\/wp-json\/wp\/v2\/posts\/103176\/revisions\/103178"}],"wp:featuredmedia":[{"embeddable":true,"href":"https:\/\/ekamu.net\/index.php\/wp-json\/wp\/v2\/media\/103177"}],"wp:attachment":[{"href":"https:\/\/ekamu.net\/index.php\/wp-json\/wp\/v2\/media?parent=103176"}],"wp:term":[{"taxonomy":"category","embeddable":true,"href":"https:\/\/ekamu.net\/index.php\/wp-json\/wp\/v2\/categories?post=103176"},{"taxonomy":"post_tag","embeddable":true,"href":"https:\/\/ekamu.net\/index.php\/wp-json\/wp\/v2\/tags?post=103176"}],"curies":[{"name":"wp","href":"https:\/\/api.w.org\/{rel}","templated":true}]}}