{"id":103333,"date":"2025-10-09T04:12:13","date_gmt":"2025-10-09T04:12:13","guid":{"rendered":"https:\/\/ekamu.net\/?p=103333"},"modified":"2025-10-09T04:12:13","modified_gmt":"2025-10-09T04:12:13","slug":"almanyada-scholza-partisinden-adaylik-destegi","status":"publish","type":"post","link":"https:\/\/ekamu.net\/index.php\/2025\/10\/09\/almanyada-scholza-partisinden-adaylik-destegi\/","title":{"rendered":"Almanya&#8217;da Scholz&#8217;a partisinden adayl\u0131k deste\u011fi"},"content":{"rendered":"<p><p>Almanya&#8217;da siyasi krizin ba\u015frol oyuncular\u0131ndan Olaf Scholz, yeniden se\u00e7im sahnesindeki yerini al\u0131yor.<\/p>\n<p>Bloomberg&#8217;in haberine g\u00f6re haberine g\u00f6re Almanya&#8217;n\u0131n iktidardaki Sosyal Demokrat Partisi (SPD) Olaf Scholz&#8217;u yakla\u015fan erken se\u00e7im i\u00e7in resmen aday olarak belirledi. B\u00f6ylelikle SPD Scholz&#8217;a ikinci bir d\u00f6nem i\u00e7in bir \u015fans verdi.<\/p>\n<p>Savunma Bakan\u0131 Boris Pistorius ge\u00e7en hafta Per\u015fembe g\u00fcn\u00fc g\u00f6reve haz\u0131r olmad\u0131\u011f\u0131n\u0131 belirtmi\u015fti. Bu geli\u015fmenin ard\u0131ndan Scholz&#8217;un adayl\u0131k olas\u0131l\u0131\u011f\u0131 g\u00fc\u00e7lenmi\u015fti. Pistorius bu a\u00e7\u0131klamas\u0131 ile Scholz&#8217;un yerine SPD&#8217;yi se\u00e7ime g\u00f6t\u00fcr\u00fcp g\u00f6t\u00fcrmemesi gerekti\u011fi konusunda haftalard\u0131r s\u00fcren beklentilere de son vermi\u015fti.<\/p>\n\n<p><\/p>\n<p>Kaynak :\u00a0<span style=\"background-color: rgb(255, 249, 236); color: rgb(55, 58, 60); font-size: 14px;\">Bloomberg HT<\/span><\/p>\n<p><span style=\"display: block; width: 343.125px; color: rgb(55, 58, 60); font-size: 14px; background-color: rgb(255, 249, 236);\"><\/span><\/p>\n","protected":false},"excerpt":{"rendered":"<p>Almanya&#8217;n\u0131n iktidardaki Sosyal Demokrat Partisi (SPD) Olaf Scholz&#8217;u yakla\u015fan se\u00e7im i\u00e7in resmen partinin aday\u0131 olarak belirledi.<\/p>\n","protected":false},"author":1,"featured_media":103334,"comment_status":"open","ping_status":"open","sticky":false,"template":"","format":"standard","meta":{"footnotes":""},"categories":[2],"tags":[],"class_list":["post-103333","post","type-post","status-publish","format-standard","has-post-thumbnail","hentry","category-ekonomi"],"_links":{"self":[{"href":"https:\/\/ekamu.net\/index.php\/wp-json\/wp\/v2\/posts\/103333","targetHints":{"allow":["GET"]}}],"collection":[{"href":"https:\/\/ekamu.net\/index.php\/wp-json\/wp\/v2\/posts"}],"about":[{"href":"https:\/\/ekamu.net\/index.php\/wp-json\/wp\/v2\/types\/post"}],"author":[{"embeddable":true,"href":"https:\/\/ekamu.net\/index.php\/wp-json\/wp\/v2\/users\/1"}],"replies":[{"embeddable":true,"href":"https:\/\/ekamu.net\/index.php\/wp-json\/wp\/v2\/comments?post=103333"}],"version-history":[{"count":1,"href":"https:\/\/ekamu.net\/index.php\/wp-json\/wp\/v2\/posts\/103333\/revisions"}],"predecessor-version":[{"id":103335,"href":"https:\/\/ekamu.net\/index.php\/wp-json\/wp\/v2\/posts\/103333\/revisions\/103335"}],"wp:featuredmedia":[{"embeddable":true,"href":"https:\/\/ekamu.net\/index.php\/wp-json\/wp\/v2\/media\/103334"}],"wp:attachment":[{"href":"https:\/\/ekamu.net\/index.php\/wp-json\/wp\/v2\/media?parent=103333"}],"wp:term":[{"taxonomy":"category","embeddable":true,"href":"https:\/\/ekamu.net\/index.php\/wp-json\/wp\/v2\/categories?post=103333"},{"taxonomy":"post_tag","embeddable":true,"href":"https:\/\/ekamu.net\/index.php\/wp-json\/wp\/v2\/tags?post=103333"}],"curies":[{"name":"wp","href":"https:\/\/api.w.org\/{rel}","templated":true}]}}