{"id":103402,"date":"2025-10-09T07:00:47","date_gmt":"2025-10-09T07:00:47","guid":{"rendered":"https:\/\/ekamu.net\/?p=103402"},"modified":"2025-10-09T07:00:47","modified_gmt":"2025-10-09T07:00:47","slug":"byd-ergun-4-yeni-modelimiz-onumuzdeki-hafta-bayilerimize-ulasmis-olacak","status":"publish","type":"post","link":"https:\/\/ekamu.net\/index.php\/2025\/10\/09\/byd-ergun-4-yeni-modelimiz-onumuzdeki-hafta-bayilerimize-ulasmis-olacak\/","title":{"rendered":"BYD\/Ergun: 4 yeni modelimiz \u00f6n\u00fcm\u00fczdeki hafta bayilerimize ula\u015fm\u0131\u015f olacak"},"content":{"rendered":"<p><p>BYD T\u00fcrkiye Genel M\u00fcd\u00fcr\u00fc \u0130smail Ergun T\u00fcrkiye\u2019de tan\u0131t\u0131m\u0131 yap\u0131lan yeni modellerin \u00f6n\u00fcm\u00fczdeki hafta bayilere ula\u015faca\u011f\u0131n\u0131 s\u00f6yledi.<\/p>\n<p>Bloomberg HT\u2019ye konuk olan Ergun \u201cBYD otomotiv sekt\u00f6r\u00fcndeki de\u011fi\u015fime \u00e7ok ciddi bir h\u0131zla \u00f6nc\u00fcl\u00fck ediyor. BYD Kas\u0131m ay\u0131nda 10 milyonuncu yeni enerji arac\u0131n\u0131 satt\u0131. Marka ilk 5 milyon arac\u0131 15 y\u0131lda satm\u0131\u015f, son 5 milyon arac\u0131 ise 15 ayda satm\u0131\u015f. Teknoloji ve inovasyon BYD\u2019nin DNA\u2019s\u0131nda var. BYD her yeni \u00e7al\u0131\u015fma g\u00fcn\u00fcnde 32 tane patent ba\u015fvurusunda bulunuyor\u201d dedi.<\/p>\n<div>\n<p>BYD\u2019nin T\u00fcrkiye yat\u0131r\u0131m\u0131 ile ilgili de\u011ferlendirmelerde bulunan Ergun \u201cBYD\u2019nin T\u00fcrkiye\u2019ye geli\u015fi \u00e7ok \u00f6nemli bir olay; \u00e7\u00fcnk\u00fc BYD bu pazara, bu de\u011fi\u015fime liderlik ediyor. Gelen yeni modellerle birlikte bizim en \u00f6nemli hedefimiz bekleyen m\u00fc\u015fterilerimize bir an \u00f6nce bu modellerimizi ula\u015ft\u0131rmak. Sat\u0131\u015f adetleri bir sonu\u00e7. Bizim en \u00f6nemli hedefimiz T\u00fcrkiye\u2019de \u00e7ok h\u0131zl\u0131 bir \u015fekilde bayi a\u011f\u0131n\u0131, servis a\u011f\u0131n\u0131 geli\u015ftirip T\u00fcrkiye\u2019de de m\u00fc\u015fterilerini en \u00e7ok mutlu eden marka olmak\u201d diye konu\u015ftu.<\/p>\n<\/div>\n<div>\n<p>Ergun \u201cBYD olarak T\u00fcrkiye\u2019de 2024 y\u0131l\u0131n\u0131 2 modelle ge\u00e7irmi\u015ftik. Yat\u0131r\u0131mdan sonra, \u00e7ok yak\u0131n bir zamanda lansman yapt\u0131k. 15 Kas\u0131m\u2019daki lansman sonras\u0131nda markam\u0131z \u00e7ok ciddi bir ilgi g\u00f6r\u00fcyor. \u015eu anda satt\u0131\u011f\u0131m\u0131z mevcut elektrikli ve plug-in hibrit modelimizin \u00fczerine T\u00fcrkiye\u2019de 4 tane yeni model tan\u0131t\u0131m\u0131 yapt\u0131k. \u015eimdi toplamda 6 modelle pazarday\u0131z. \u00d6n\u00fcm\u00fczdeki hafta in\u015fallah ara\u00e7lar bayilerimize ula\u015fm\u0131\u015f olacak. \u015eu an sadece plug-in hibrit modelimizi bekleyen 6 bin tane m\u00fc\u015fterimiz var. Bunun sebebi de bundan \u00f6nce satt\u0131\u011f\u0131m\u0131z modelden m\u00fc\u015fterilerimizin \u00e7ok memnun olmas\u0131. Yayg\u0131nla\u015fan bayi a\u011f\u0131m\u0131zla birlikte Aral\u0131k ba\u015f\u0131nda m\u00fc\u015fterilerimize ara\u00e7lar\u0131m\u0131z\u0131 teslim edece\u011fimizi umuyoruz\u201d diye ekledi.<\/p>\n<\/div>\n<div>\n<p>Ergun \u201cOtomotiv pazar\u0131n\u0131n Temmuz ay\u0131 itibari ile 1 milyonu ge\u00e7ece\u011fi belliydi. Y\u0131l sonu ge\u00e7en seneyle paralel bir yerlerde bitecek\u201d dedi.<\/p>\n<p>\u00d6te yandan \u015farj altyap\u0131s\u0131n\u0131n ve \u015farj noktalar\u0131n\u0131n \u00e7ok h\u0131zl\u0131 bir \u015fekilde artmas\u0131n\u0131n gereklili\u011fini vurgulayan Ergun \u201cT\u00fcrkiye \u00e7ok ciddi bir uyum i\u00e7erisinde ve \u00e7ok y\u00fcksek bir h\u0131zla bunu yap\u0131yor. Toplam \u015farj a\u011f\u0131 i\u015fletmecisi 2 sene \u00f6nce 30 adet \u015firketken bug\u00fcn 168 \u015firket oldu. Toplam \u015farj soketi 2023\u2019de 3 bin iken bug\u00fcn 25 bin oldu. EPDK\u2019n\u0131n planlamas\u0131na g\u00f6re bu 25 bin ikiye katlanarak 53 bin, 2030\u2019da ise 251 bin oluyor. \u015eu \u00e7ok net ki T\u00fcrkiye b\u00fct\u00fcn alt yap\u0131s\u0131 ve her kurumun buna verdi\u011fi destek ile t\u00fcketicilerin \u00e7ok h\u0131zl\u0131 bir \u015fekilde buna uyum sa\u011flayaca\u011f\u0131 bir ortam yarat\u0131yor. \u00d6n\u00fcm\u00fczdeki d\u00f6nem elektrifikasyona ge\u00e7i\u015fte T\u00fcrk t\u00fcketicileri de bundan en iyi \u015fekilde faydalanacakt\u0131r\u201d ifadelerini kulland\u0131.<\/p>\n<\/div>\n<\/p>\n<p><\/p>\n<p>Kaynak :\u00a0<span style=\"background-color: rgb(255, 249, 236); color: rgb(55, 58, 60); font-size: 14px;\">Bloomberg HT<\/span><\/p>\n<p><span style=\"display: block; width: 343.125px; color: rgb(55, 58, 60); font-size: 14px; background-color: rgb(255, 249, 236);\"><\/span><\/p>\n","protected":false},"excerpt":{"rendered":"<p>BYD T\u00fcrkiye Genel M\u00fcd\u00fcr\u00fc \u0130smail Ergun &#8220;15 Kas\u0131m&#8217;daki lansman sonras\u0131nda markam\u0131z \u00e7ok ciddi bir ilgi g\u00f6r\u00fcyor. \u015eu anda satt\u0131\u011f\u0131m\u0131z mevcut elektrikli ve plug-in hibrit modelimizin \u00fczerine T\u00fcrkiye&#8217;de 4 tane yeni model tan\u0131t\u0131m\u0131 yapt\u0131k.  \u015eimdi toplamda 6 modelle pazarday\u0131z. \u00d6n\u00fcm\u00fczdeki hafta ara\u00e7lar bayilerimize ula\u015fm\u0131\u015f olacak. Bizim en \u00f6nemli hedefimiz T\u00fcrkiye&#8217;de \u00e7ok h\u0131zl\u0131 bir \u015fekilde bayi a\u011f\u0131n\u0131, servis a\u011f\u0131n\u0131 geli\u015ftirip T\u00fcrkiye&#8217;de de m\u00fc\u015fterilerini en \u00e7ok mutlu eden marka olmak&#8221; dedi.<\/p>\n","protected":false},"author":1,"featured_media":103403,"comment_status":"open","ping_status":"open","sticky":false,"template":"","format":"standard","meta":{"footnotes":""},"categories":[2],"tags":[2902,6105,4312,80],"class_list":["post-103402","post","type-post","status-publish","format-standard","has-post-thumbnail","hentry","category-ekonomi","tag-byd","tag-ergun","tag-modelle","tag-turkiye"],"_links":{"self":[{"href":"https:\/\/ekamu.net\/index.php\/wp-json\/wp\/v2\/posts\/103402","targetHints":{"allow":["GET"]}}],"collection":[{"href":"https:\/\/ekamu.net\/index.php\/wp-json\/wp\/v2\/posts"}],"about":[{"href":"https:\/\/ekamu.net\/index.php\/wp-json\/wp\/v2\/types\/post"}],"author":[{"embeddable":true,"href":"https:\/\/ekamu.net\/index.php\/wp-json\/wp\/v2\/users\/1"}],"replies":[{"embeddable":true,"href":"https:\/\/ekamu.net\/index.php\/wp-json\/wp\/v2\/comments?post=103402"}],"version-history":[{"count":1,"href":"https:\/\/ekamu.net\/index.php\/wp-json\/wp\/v2\/posts\/103402\/revisions"}],"predecessor-version":[{"id":103404,"href":"https:\/\/ekamu.net\/index.php\/wp-json\/wp\/v2\/posts\/103402\/revisions\/103404"}],"wp:featuredmedia":[{"embeddable":true,"href":"https:\/\/ekamu.net\/index.php\/wp-json\/wp\/v2\/media\/103403"}],"wp:attachment":[{"href":"https:\/\/ekamu.net\/index.php\/wp-json\/wp\/v2\/media?parent=103402"}],"wp:term":[{"taxonomy":"category","embeddable":true,"href":"https:\/\/ekamu.net\/index.php\/wp-json\/wp\/v2\/categories?post=103402"},{"taxonomy":"post_tag","embeddable":true,"href":"https:\/\/ekamu.net\/index.php\/wp-json\/wp\/v2\/tags?post=103402"}],"curies":[{"name":"wp","href":"https:\/\/api.w.org\/{rel}","templated":true}]}}