{"id":103662,"date":"2025-10-09T17:24:08","date_gmt":"2025-10-09T17:24:08","guid":{"rendered":"https:\/\/ekamu.net\/?p=103662"},"modified":"2025-10-09T17:24:08","modified_gmt":"2025-10-09T17:24:08","slug":"opecnin-petrol-arzini-canlandirmak-icin-cok-az-alani-var","status":"publish","type":"post","link":"https:\/\/ekamu.net\/index.php\/2025\/10\/09\/opecnin-petrol-arzini-canlandirmak-icin-cok-az-alani-var\/","title":{"rendered":"&#8220;OPEC+&#8217;n\u0131n petrol arz\u0131n\u0131 canland\u0131rmak i\u00e7in \u00e7ok az alan\u0131 var&#8221;"},"content":{"rendered":"<p><p>\u0130ran OPEC Y\u00f6neticisi Afshin Javan, Shana devlet haber ajans\u0131nda yay\u0131nlanan bir makalede k\u0131s\u0131tlamalar hakk\u0131nda fiyatlar\u0131 destekleyen stratejinin, \u00f6zellikle ABD taraf\u0131nda, grup d\u0131\u015f\u0131nda daha y\u00fcksek arz\u0131 etkili bir \u015fekilde te\u015fvik etti\u011fini s\u00f6yledi. Javan, &#8220;Bu, OPEC+&#8217;n\u0131n k\u0131s\u0131tlamalar\u0131n\u0131 hafifletmek i\u00e7in s\u0131n\u0131rl\u0131 bir manevra alan\u0131 b\u0131rakacakt\u0131r.&#8221; ifadelerini kulland\u0131.<\/p>\n<div>\n<p>OPEC politikas\u0131n\u0131 al\u0131\u015f\u0131lmad\u0131k \u015fekilde ele\u015ftiren makale, \u00fcreticilerin durdurulan arz\u0131 canland\u0131rma planlar\u0131 hakk\u0131nda karar vermek \u00fczere bir araya gelmesinden birka\u00e7 g\u00fcn \u00f6nce geldi.<\/p>\n<p>Javan ayr\u0131ca Gabon ve Kongo da dahil olmak \u00fczere baz\u0131 daha k\u00fc\u00e7\u00fck Afrika \u00fcyelerinin \u00fcyelik \u00fccretlerini \u00f6deyemedikleri i\u00e7in \u00f6rg\u00fctten ayr\u0131labileceklerini yazd\u0131.<\/p>\n<p>Suudi Arabistan ve Rusya liderli\u011findeki \u00fcye olmayan \u00fclkeler gibi OPEC \u00fclkelerinin bir ittifak\u0131 olan OPEC+, 2022&#8217;den beri durdurulan \u00fcretimi canland\u0131rmaya \u00e7al\u0131\u015f\u0131yor, ancak d\u00fc\u015fen ham petrol fiyatlar\u0131 nedeniyle yeniden ba\u015flatmay\u0131 ertelemek zorunda kald\u0131. Javan, OPEC+ taraf\u0131ndan planlanan arz art\u0131\u015flar\u0131n\u0131n &#8220;2025&#8217;te a\u015f\u0131r\u0131 arza yol a\u00e7mas\u0131 muhtemel&#8221; uyar\u0131s\u0131nda bulundu.<\/p>\n<\/div>\n<\/p>\n<p><\/p>\n<p>Kaynak :\u00a0<span style=\"background-color: rgb(255, 249, 236); color: rgb(55, 58, 60); font-size: 14px;\">Bloomberg HT<\/span><\/p>\n<p><span style=\"display: block; width: 343.125px; color: rgb(55, 58, 60); font-size: 14px; background-color: rgb(255, 249, 236);\"><\/span><\/p>\n","protected":false},"excerpt":{"rendered":"<p>\u0130ran OPEC Y\u00f6neticisi Afshin Javan &#8220;OPEC+&#8217;n\u0131n ABD kaya petrol\u00fc end\u00fcstrisinden gelen bir rakip arz dalgas\u0131n\u0131 tetikleyen petrol \u00fcretim kesintilerini tersine \u00e7evirmek i\u00e7in \u00e7ok az alan\u0131 var.&#8221; dedi.<\/p>\n","protected":false},"author":1,"featured_media":103663,"comment_status":"open","ping_status":"open","sticky":false,"template":"","format":"standard","meta":{"footnotes":""},"categories":[2],"tags":[2901],"class_list":["post-103662","post","type-post","status-publish","format-standard","has-post-thumbnail","hentry","category-ekonomi","tag-opec"],"_links":{"self":[{"href":"https:\/\/ekamu.net\/index.php\/wp-json\/wp\/v2\/posts\/103662","targetHints":{"allow":["GET"]}}],"collection":[{"href":"https:\/\/ekamu.net\/index.php\/wp-json\/wp\/v2\/posts"}],"about":[{"href":"https:\/\/ekamu.net\/index.php\/wp-json\/wp\/v2\/types\/post"}],"author":[{"embeddable":true,"href":"https:\/\/ekamu.net\/index.php\/wp-json\/wp\/v2\/users\/1"}],"replies":[{"embeddable":true,"href":"https:\/\/ekamu.net\/index.php\/wp-json\/wp\/v2\/comments?post=103662"}],"version-history":[{"count":1,"href":"https:\/\/ekamu.net\/index.php\/wp-json\/wp\/v2\/posts\/103662\/revisions"}],"predecessor-version":[{"id":103664,"href":"https:\/\/ekamu.net\/index.php\/wp-json\/wp\/v2\/posts\/103662\/revisions\/103664"}],"wp:featuredmedia":[{"embeddable":true,"href":"https:\/\/ekamu.net\/index.php\/wp-json\/wp\/v2\/media\/103663"}],"wp:attachment":[{"href":"https:\/\/ekamu.net\/index.php\/wp-json\/wp\/v2\/media?parent=103662"}],"wp:term":[{"taxonomy":"category","embeddable":true,"href":"https:\/\/ekamu.net\/index.php\/wp-json\/wp\/v2\/categories?post=103662"},{"taxonomy":"post_tag","embeddable":true,"href":"https:\/\/ekamu.net\/index.php\/wp-json\/wp\/v2\/tags?post=103662"}],"curies":[{"name":"wp","href":"https:\/\/api.w.org\/{rel}","templated":true}]}}