{"id":104362,"date":"2025-10-11T00:24:08","date_gmt":"2025-10-11T00:24:08","guid":{"rendered":"https:\/\/ekamu.net\/?p=104362"},"modified":"2025-10-11T00:24:08","modified_gmt":"2025-10-11T00:24:08","slug":"nintendo-switch-2nin-boyutlari-ortaya-cikti-iste-yeni-goruntuler","status":"publish","type":"post","link":"https:\/\/ekamu.net\/index.php\/2025\/10\/11\/nintendo-switch-2nin-boyutlari-ortaya-cikti-iste-yeni-goruntuler\/","title":{"rendered":"Nintendo Switch 2&#8217;nin boyutlar\u0131 ortaya \u00e7\u0131kt\u0131: \u0130\u015fte yeni g\u00f6r\u00fcnt\u00fcler"},"content":{"rendered":"<p><figure> <span> <img decoding=\"async\" src=\"https:\/\/ekamu.net\/wp-content\/uploads\/2025\/10\/nintendo-switch-2nin-boyutlari-ortaya-cikti-iste-yeni-goruntuler-0-awNKvhDp.jpg\"\/> <\/span> Nintendo, 2017 y\u0131l\u0131nda piyasaya s\u00fcrd\u00fc\u011f\u00fc Switch modeliyle el konsolu pazar\u0131nda rakipsiz bir konuma sahip oldu. Uzun s\u00fcredir g\u00fcndemde olan <strong>Nintendo Switch 2<\/strong> ise, \u00f6zellikle son d\u00f6nemdeki s\u0131z\u0131nt\u0131lar sayesinde \u015fekillenmeye ba\u015flad\u0131. Son olarak Switch 2&#8217;nin tasar\u0131m\u0131n\u0131 g\u00f6steren yepyeni k\u0131l\u0131f g\u00f6r\u00fcnt\u00fcleri ortaya \u00e7\u0131kt\u0131. \u00dcstelik bu bilgi g\u00fcvenilir bir markadan geliyor.\u00a0 <\/figure>\n<p><b>Nintendo Switch 2&#8217;nin boyutlar\u0131 payla\u015f\u0131ld\u0131<\/b><\/p>\n<p>G\u00fcn\u00fcm\u00fcz\u00fcn tan\u0131nan aksesuar \u00fcreticilerinden <strong>Drand<\/strong>, Nintendo Switch 2&#8217;nin tasar\u0131m\u0131n\u0131 yanl\u0131\u015fl\u0131kla do\u011frulam\u0131\u015f olabililir. Buna g\u00f6re ikinci nesil konsolu, Switch ve Switch OLED modeline k\u0131yasla benzer kal\u0131nl\u0131kta, 270 mm geni\u015flik ve 116 mm y\u00fckseklik \u00f6l\u00e7\u00fclerine sahip olacak.\u00a0K\u0131yaslamak ad\u0131na mevcut modelin 242 mm geni\u015fli\u011finde, 102 mm y\u00fcksekli\u011finde ve 13,9 mm kal\u0131nl\u0131\u011f\u0131nda oldu\u011funu hat\u0131rlatal\u0131m.\u00a0Bu da yeni konsolun\u00a0<strong>daha b\u00fcy\u00fck ve daha uzun<\/strong> yap\u0131da oldu\u011funu do\u011fruluyor.\u00a0<\/p>\n<figure> <span> <img decoding=\"async\" src=\"https:\/\/ekamu.net\/wp-content\/uploads\/2025\/10\/nintendo-switch-2nin-boyutlari-ortaya-cikti-iste-yeni-goruntuler-1-1GncPgFX.jpg\"\/> <\/span> Hat\u0131rlayanlar olacakt\u0131r, Nintendo Switch 2&#8217;nin tasar\u0131m\u0131na y\u00f6nelik bilgiler, bug\u00fcne kadar yaln\u0131zca s\u0131z\u0131nt\u0131lara dayan\u0131yordu.\u00a0Dbrand CEO&#8217;su Adam Ijaz ise, g\u00f6r\u00fcnt\u00fclerin konsolun ger\u00e7ek boyutlar\u0131na dayand\u0131\u011f\u0131n\u0131 do\u011frulad\u0131. \u00dcstelik marka sitesinde k\u0131l\u0131fa ait\u00a03D g\u00f6rsel ve videoya yer verildi\u011fini belirtmekte fayda var. Bu da nispeten ger\u00e7ek oldu\u011funu do\u011fuluyor. <\/figure>\n<p>Switch 2&#8217;ye d\u00f6nersek, konsolun bu y\u0131l tan\u0131t\u0131lmas\u0131 pek olas\u0131 de\u011fil. <strong>S\u00f6ylentiler ise<\/strong>\u00a0<strong>2025 y\u0131l\u0131n\u0131n Ocak ay\u0131nda<\/strong>\u00a0tan\u0131t\u0131laca\u011f\u0131 ve Mart ay\u0131nda global olarak piyasaya s\u00fcr\u00fclece\u011fi y\u00f6n\u00fcnde. Ayr\u0131ca\u00a0konsolun yeni\u00a0<strong>Joy-Con kontrolc\u00fcleri<\/strong>\u00a0ve aksesuarlar\u0131na dair g\u00f6rsellerin ve listelemelerin \u00e7evrimi\u00e7i olarak ortaya \u00e7\u0131kmas\u0131, \u00e7\u0131k\u0131\u015f tarihinin yakla\u015ft\u0131\u011f\u0131n\u0131 bizlere g\u00f6steriyor.<\/p>\n<p><b>Nintendo Switch 2 beklenen \u00f6zellikler<\/b><\/p>\n<p>Nintendo Switch 2&#8217;nin teknik \u00f6zellikleri ve yenilikleri hakk\u0131nda herhangi bir resmi bilgi bulunmuyor. Ancak s\u0131z\u0131nt\u0131lara\u00a0g\u00f6re Nintendo Switch 2&#8217;nin\u00a0<strong>60W \u015farj cihaz\u0131<\/strong>\u00a0ve dock kullan\u0131m\u0131 i\u00e7in<strong>\u00a0ikinci bir so\u011futucuya\u00a0<\/strong>sahip olaca\u011f\u0131 s\u00f6yleniyor. \u00dcstelik Ampere mimarili NVIDIA Tegra 239 platformundan g\u00fc\u00e7 alaca\u011f\u0131n\u0131 do\u011frulad\u0131.<\/p>\n<p>Bu konfig\u00fcrasyonda ise,\u00a01280 CUDA \u00e7ekirde\u011fi,\u00a08 Cortex A78 Arm CPU ve 12GB RAM kapasitesi bulunacak. Ayr\u0131ca Nvidia GPU sayesinde konsolun\u00a0<strong>Nvidia DLSS Super Resolution\u00a0<\/strong>ve<strong>\u00a0Ray Reconstruction teknolojilerini<\/strong>\u00a0destekledi\u011fini g\u00f6rece\u011fiz.<\/p>\n\n<p><span style=\"display: block; width: 343.125px; color: rgb(55, 58, 60); font-size: 14px; background-color: rgb(255, 249, 236);\"><\/span><\/p>\n<p>Kaynak :\u00a0<span style=\"background-color: rgb(255, 249, 236); color: rgb(55, 58, 60); font-size: 14px;\">https:\/\/www.donanimhaber.com\/nintendo-switch-2-boyutlari-ortaya-cikti-iste-goruntuler&#8211;185362<\/span><\/p>\n","protected":false},"excerpt":{"rendered":"<p>Nintendo, 2017 y\u0131l\u0131nda piyasaya s\u00fcrd\u00fc\u011f\u00fc Switch modeliyle el konsolu pazar\u0131nda rakipsiz bir konuma sahip oldu. Uzun s\u00fcredir g\u00fcndemde olan Nintendo Switch 2 ise, \u00f6zellikle son d\u00f6nemdeki s\u0131z\u0131nt\u0131lar sayesinde \u015fekillenmeye ba\u015flad\u0131. Son olarak Switch 2 &#8230;<\/p>\n","protected":false},"author":1,"featured_media":104363,"comment_status":"open","ping_status":"open","sticky":false,"template":"","format":"standard","meta":{"footnotes":""},"categories":[8],"tags":[4122,3183],"class_list":["post-104362","post","type-post","status-publish","format-standard","has-post-thumbnail","hentry","category-teknoloji","tag-konsolu","tag-switch"],"_links":{"self":[{"href":"https:\/\/ekamu.net\/index.php\/wp-json\/wp\/v2\/posts\/104362","targetHints":{"allow":["GET"]}}],"collection":[{"href":"https:\/\/ekamu.net\/index.php\/wp-json\/wp\/v2\/posts"}],"about":[{"href":"https:\/\/ekamu.net\/index.php\/wp-json\/wp\/v2\/types\/post"}],"author":[{"embeddable":true,"href":"https:\/\/ekamu.net\/index.php\/wp-json\/wp\/v2\/users\/1"}],"replies":[{"embeddable":true,"href":"https:\/\/ekamu.net\/index.php\/wp-json\/wp\/v2\/comments?post=104362"}],"version-history":[{"count":1,"href":"https:\/\/ekamu.net\/index.php\/wp-json\/wp\/v2\/posts\/104362\/revisions"}],"predecessor-version":[{"id":104366,"href":"https:\/\/ekamu.net\/index.php\/wp-json\/wp\/v2\/posts\/104362\/revisions\/104366"}],"wp:featuredmedia":[{"embeddable":true,"href":"https:\/\/ekamu.net\/index.php\/wp-json\/wp\/v2\/media\/104363"}],"wp:attachment":[{"href":"https:\/\/ekamu.net\/index.php\/wp-json\/wp\/v2\/media?parent=104362"}],"wp:term":[{"taxonomy":"category","embeddable":true,"href":"https:\/\/ekamu.net\/index.php\/wp-json\/wp\/v2\/categories?post=104362"},{"taxonomy":"post_tag","embeddable":true,"href":"https:\/\/ekamu.net\/index.php\/wp-json\/wp\/v2\/tags?post=104362"}],"curies":[{"name":"wp","href":"https:\/\/api.w.org\/{rel}","templated":true}]}}