{"id":106004,"date":"2025-10-14T12:00:15","date_gmt":"2025-10-14T12:00:15","guid":{"rendered":"https:\/\/ekamu.net\/?p=106004"},"modified":"2025-10-14T12:00:15","modified_gmt":"2025-10-14T12:00:15","slug":"galaxy-s25-ve-galaxy-s25-ram-ve-depolama-secenekleri-ortaya-cikti","status":"publish","type":"post","link":"https:\/\/ekamu.net\/index.php\/2025\/10\/14\/galaxy-s25-ve-galaxy-s25-ram-ve-depolama-secenekleri-ortaya-cikti\/","title":{"rendered":"Galaxy S25 ve Galaxy S25+ RAM ve depolama se\u00e7enekleri ortaya \u00e7\u0131kt\u0131"},"content":{"rendered":"<p><figure> <span> <img decoding=\"async\" src=\"https:\/\/ekamu.net\/wp-content\/uploads\/2025\/10\/galaxy-s25-ve-galaxy-s25-ram-ve-depolama-secenekleri-ortaya-cikti-0-bheBkJYE.jpg\"\/> <\/span> 2024 y\u0131l\u0131n\u0131n sonu gelirken markalar birer iki\u015fer gelecek y\u0131l\u0131n \u00fcr\u00fcnlerine haz\u0131rlan\u0131yor.\u00a0<strong>Samsung\u00a0<\/strong>da yak\u0131n zamanda 2024 y\u0131l\u0131n\u0131n amiral gemisi ak\u0131ll\u0131 telefonlar\u0131<strong> Samsung Galaxy S25<\/strong> serisini tan\u0131tacak. Dolay\u0131s\u0131yla tan\u0131t\u0131m tarihi yakla\u015ft\u0131k\u00e7a seri hakk\u0131nda yeni bilgiler duymaya devam ediyoruz. Son olarak Galaxy S25 ve S25+ modellerinin RAM ve depolama kapasitesi ortaya \u00e7\u0131kt\u0131. <\/figure>\n<p>Yeni payla\u015f\u0131lan s\u0131z\u0131nt\u0131ya g\u00f6re Samsung, Galaxy S25 serisi kapsam\u0131nda 8GB+128GB yap\u0131land\u0131rmas\u0131n\u0131 b\u0131rakmay\u0131 planl\u0131yor. Hat\u0131rlatmak gerekirse Galaxy\u00a0S24 ve S24 Plus, bu ba\u015flang\u0131\u00e7 \u200b\u200bse\u00e7ene\u011fi ile tan\u0131t\u0131lm\u0131\u015ft\u0131. Galaxy S25 ve S25+ ise, standart olarak\u00a0<strong>12 GB RAM+256GB<\/strong>\u00a0RAM ve depolama kapasitesi ile kullan\u0131c\u0131lara sunulacak.\u00a0Bu da temel s\u00fcr\u00fcm\u00fc en \u00fcst d\u00fczey Ultra modelle ayn\u0131 seviyeye getiriyor.<\/p>\n<p>\u015eimdiye kadar ortaya at\u0131lan iddialara g\u00f6re\u00a0Galaxy S25 serisi belirli b\u00f6lgelerde Galaxy S24 serisiyle ayn\u0131 fiyata gelebilir. Ayr\u0131ca s\u0131ras\u0131yla 6.2 ve 6.7 Dynamic AMOLED ekran, 50MP birincil, 10MP telefoto, 12MP ultra geni\u015f a\u00e7\u0131 olmak \u00fczere \u00fc\u00e7l\u00fc kamera kurulumuna sahip olmas\u0131 bekleniyor. Pil b\u00f6l\u00fcm\u00fcnde ise, temel modelde 4.000mAh Plus modelinde ise 4.900mAh kapasite bulunacak.\u00a0<\/p>\n<p><b>Galaxy S25, S25 ve S25 Ultra ne zaman tan\u0131t\u0131lacak?<\/b><\/p>\n<p>Daha \u00f6nce s\u0131zd\u0131r\u0131lan bas\u0131n g\u00f6rsellerine g\u00f6re Galaxy S25 ailesinin 22 Ocak 2025 tarihinde tan\u0131t\u0131lmas\u0131 bekleniyor. Ayr\u0131ca bu g\u00f6r\u00fcnt\u00fclerde seriye ait d\u00f6rd\u00fcnc\u00fc bir cihaz da do\u011fruland\u0131. Bu kuvvetle muhtemel Galaxy S25 Slim olacak.\u00a0<\/p>\n\n<p><span style=\"display: block; width: 343.125px; color: rgb(55, 58, 60); font-size: 14px; background-color: rgb(255, 249, 236);\"><\/span><\/p>\n<p>Kaynak :\u00a0<span style=\"background-color: rgb(255, 249, 236); color: rgb(55, 58, 60); font-size: 14px;\">https:\/\/www.donanimhaber.com\/galaxy-s25-ve-galaxy-s25-ram-ve-depolama-secenekleri-sizdirildi&#8211;185603<\/span><\/p>\n","protected":false},"excerpt":{"rendered":"<p>2024 y\u0131l\u0131n\u0131n sonu gelirken markalar birer iki\u015fer gelecek y\u0131l\u0131n \u00fcr\u00fcnlerine haz\u0131rlan\u0131yor.\u00a0Samsung\u00a0da yak\u0131n zamanda 2024 y\u0131l\u0131n\u0131n amiral gemisi ak\u0131ll\u0131 telefonlar\u0131 Samsung Galaxy S25 serisini tan\u0131tacak. Dolay\u0131s\u0131yla tan\u0131t\u0131m tarihi yakla\u015ft\u0131k\u00e7a seri &#8230;<\/p>\n","protected":false},"author":1,"featured_media":106005,"comment_status":"open","ping_status":"open","sticky":false,"template":"","format":"standard","meta":{"footnotes":""},"categories":[8],"tags":[157,3049],"class_list":["post-106004","post","type-post","status-publish","format-standard","has-post-thumbnail","hentry","category-teknoloji","tag-galaxy-s25","tag-seri"],"_links":{"self":[{"href":"https:\/\/ekamu.net\/index.php\/wp-json\/wp\/v2\/posts\/106004","targetHints":{"allow":["GET"]}}],"collection":[{"href":"https:\/\/ekamu.net\/index.php\/wp-json\/wp\/v2\/posts"}],"about":[{"href":"https:\/\/ekamu.net\/index.php\/wp-json\/wp\/v2\/types\/post"}],"author":[{"embeddable":true,"href":"https:\/\/ekamu.net\/index.php\/wp-json\/wp\/v2\/users\/1"}],"replies":[{"embeddable":true,"href":"https:\/\/ekamu.net\/index.php\/wp-json\/wp\/v2\/comments?post=106004"}],"version-history":[{"count":1,"href":"https:\/\/ekamu.net\/index.php\/wp-json\/wp\/v2\/posts\/106004\/revisions"}],"predecessor-version":[{"id":106007,"href":"https:\/\/ekamu.net\/index.php\/wp-json\/wp\/v2\/posts\/106004\/revisions\/106007"}],"wp:featuredmedia":[{"embeddable":true,"href":"https:\/\/ekamu.net\/index.php\/wp-json\/wp\/v2\/media\/106005"}],"wp:attachment":[{"href":"https:\/\/ekamu.net\/index.php\/wp-json\/wp\/v2\/media?parent=106004"}],"wp:term":[{"taxonomy":"category","embeddable":true,"href":"https:\/\/ekamu.net\/index.php\/wp-json\/wp\/v2\/categories?post=106004"},{"taxonomy":"post_tag","embeddable":true,"href":"https:\/\/ekamu.net\/index.php\/wp-json\/wp\/v2\/tags?post=106004"}],"curies":[{"name":"wp","href":"https:\/\/api.w.org\/{rel}","templated":true}]}}