{"id":107376,"date":"2025-10-17T14:48:59","date_gmt":"2025-10-17T14:48:59","guid":{"rendered":"https:\/\/ekamu.net\/?p=107376"},"modified":"2025-10-17T14:48:59","modified_gmt":"2025-10-17T14:48:59","slug":"garanti-bbva-ve-istiraklerinin-ust-yonetiminde-degisiklikler-yapildi","status":"publish","type":"post","link":"https:\/\/ekamu.net\/index.php\/2025\/10\/17\/garanti-bbva-ve-istiraklerinin-ust-yonetiminde-degisiklikler-yapildi\/","title":{"rendered":"Garanti BBVA ve i\u015ftiraklerinin \u00fcst y\u00f6netiminde de\u011fi\u015fiklikler\u00a0yap\u0131ld\u0131"},"content":{"rendered":"<p><p>Bankan\u0131n Yetenek ve K\u00fclt\u00fcr\u2019den sorumlu Genel M\u00fcd\u00fcr Yard\u0131mc\u0131s\u0131 Tuba K\u00f6seo\u011flu Ok\u00e7u g\u00f6revinden ayr\u0131l\u0131rken, bu g\u00f6revi Ebru Ta\u015fc\u0131 Firuzbay \u00fcstlenecek.<\/p>\n<p>Kariyerine Garanti BBVA\u2019da ba\u015flayan Ebru Ta\u015fc\u0131 Firuzbay bankada \u00e7e\u015fitli \u015fube, b\u00f6lge ve genel m\u00fcd\u00fcrl\u00fck g\u00f6revlerinde bulundu. Ard\u0131ndan ba\u015fta finans olmak \u00fczere, farkl\u0131 sekt\u00f6rlerde \u0130nsan Kaynaklar\u0131 Genel M\u00fcd\u00fcr Yard\u0131mc\u0131l\u0131\u011f\u0131 g\u00f6revini \u00fcstlendi. \u0130nsan kaynaklar\u0131 sistemlerinin kurulmas\u0131 ve transformasyon s\u00fcre\u00e7lerinin y\u00f6netimi, kurum k\u00fclt\u00fcr\u00fc ve dijitalle\u015fme projelerine liderlik etti.<\/p>\n<div>\n<p>\u0130\u015ftiraklerde ger\u00e7ekle\u015fen de\u011fi\u015fiklikler:<\/p>\n<p>Garanti BBVA Yat\u0131r\u0131m Genel M\u00fcd\u00fcrl\u00fc\u011f\u00fc g\u00f6revini Garanti BBVA Portf\u00f6y Genel M\u00fcd\u00fcr\u00fc H\u00fclya T\u00fcrkmen devralacak.<\/p>\n<p>Garanti BBVA Portf\u00f6y Genel M\u00fcd\u00fcrl\u00fc\u011f\u00fc g\u00f6revine Garanti BBVA Portf\u00f6y\u2019de Yat\u0131r\u0131m Y\u00f6netiminden sorumlu Genel M\u00fcd\u00fcr Yard\u0131mc\u0131s\u0131 Ey\u00fcp G\u00fcls\u00fcn atanacak.<\/p>\n<p>Garanti BBVA Faktoring Genel M\u00fcd\u00fcrl\u00fc\u011f\u00fc g\u00f6revini Garanti BBVA Leasing Genel M\u00fcd\u00fcr\u00fc Selahattin G\u00fcld\u00fc \u00fcstlenecek.<\/p>\n<\/div>\n<div>\n<p>Garanti BBVA Leasing Genel M\u00fcd\u00fcrl\u00fc\u011f\u00fc g\u00f6revini ise ge\u00e7mi\u015fte bankada farkl\u0131 alanlarda y\u00f6neticilik ve \u00e7e\u015fitli kurumlarda y\u00f6netim kurulu \u00fcyeli\u011fi yapm\u0131\u015f Orhan Veli \u00c7ayc\u0131 devralacak.<\/p>\n<p>Garanti BBVA Filo Genel M\u00fcd\u00fcrl\u00fc\u011f\u00fc\u2019n\u00fc Garanti BBVA Emeklilik Genel M\u00fcd\u00fcr\u00fc olarak g\u00f6rev yapan Burak Ali G\u00f6\u00e7er \u00fcstlenecek.<\/p>\n<p>Garanti BBVA Emeklilik Genel M\u00fcd\u00fcrl\u00fc\u011f\u00fc g\u00f6revini ise BBVA Holding\u2019te KOB\u0130 Bankac\u0131l\u0131\u011f\u0131 Global Sorumlusu olan G\u00f6khan Koca \u00fcstlenecek.<\/p>\n<\/div>\n<div>\n<p>T\u00fcm atamalar i\u00e7 s\u00fcre\u00e7lerin ve yasal izinlerin tamamlanmas\u0131n\u0131 takiben ger\u00e7ekle\u015fecek.<\/p>\n<p>Ger\u00e7ekle\u015fen de\u011fi\u015fimler, Garanti BBVA\u2019n\u0131n rotasyon k\u00fclt\u00fcr\u00fcne verdi\u011fi \u00f6nemi ortaya koyarken, Banka bu yakla\u015f\u0131mla, farkl\u0131 deneyimlerin ve tecr\u00fcbelerin aktar\u0131m\u0131n\u0131 zenginle\u015ftirerek, organizasyonel dinamizmi art\u0131rmay\u0131 hedefliyor.<\/p>\n<p><b> Atanan y\u00f6neticilerin \u00f6zge\u00e7mi\u015fleri  <\/b><\/p>\n<p>Ebru Ta\u015fc\u0131 Firuzbay<\/p>\n<p>Kariyerine Garanti Bankas\u0131\u2019nda y\u00f6netici aday\u0131 olarak ba\u015flayan Ebru Ta\u015fc\u0131 Firuzbay; \u015fube, b\u00f6lge ve genel m\u00fcd\u00fcrl\u00fck birimlerinde \u00e7e\u015fitli sorumluluklar ald\u0131. Ard\u0131ndan T\u00fcrk Ekonomi Bankas\u0131\u2019nda (TEB) Bireysel Bankac\u0131l\u0131k \u00e7at\u0131s\u0131 alt\u0131nda \u0130\u015fletme Bankac\u0131l\u0131\u011f\u0131 Sat\u0131\u015f ve Strateji Planlama Y\u00f6netimi\u2019nden sorumlu oldu. Sonras\u0131nda s\u0131ras\u0131yla, 2011 \u2013 2018 tarihleri aras\u0131nda BNP Paribas Cardif T\u00fcrkiye \u0130nsan Kaynaklar\u0131 ve Organizasyon\u2019dan Sorumlu Genel M\u00fcd\u00fcr Yard\u0131mc\u0131s\u0131 ve \u0130cra Kurulu \u00dcyeli\u011fi, 2018-2021 y\u0131llar\u0131 aras\u0131nda Alternatif Bank \u0130nsan Kaynaklar\u0131 Genel M\u00fcd\u00fcr Yard\u0131mc\u0131s\u0131 ve \u0130cra Kurulu \u00dcyeli\u011fi g\u00f6revlerini y\u00fcr\u00fctt\u00fc. Firuzbay, son olarak May\u0131s 2021\u2019den itibaren METRO T\u00fcrkiye\u2019de \u0130nsan ve K\u00fclt\u00fcr Direkt\u00f6r\u00fc ve Y\u00f6netim Kurulu \u00dcyesi olarak g\u00f6rev al\u0131yordu. Kariyer hayat\u0131 boyunca, insan kaynaklar\u0131 sistemlerinin kurulmas\u0131, \u015firket birle\u015fmeleri ve transformasyon s\u00fcre\u00e7lerinin y\u00f6netimi, kurum k\u00fclt\u00fcr\u00fc ve dijitalle\u015fme projelerine liderlik eden Ebru Ta\u015fc\u0131 Firuzbay, sivil toplum kurulu\u015flar\u0131nda da aktif olarak g\u00f6rev almaktad\u0131r. Firuzbay 2017 y\u0131l\u0131ndan beri y\u00f6netim kurulunda yer ald\u0131\u011f\u0131 PERY\u00d6N T\u00fcrkiye \u0130nsan Y\u00f6netimi Derne\u011fi\u2019nin 27. d\u00f6nem Y\u00f6netim Kurulu Ba\u015fkanl\u0131\u011f\u0131 g\u00f6revini \u00fcstlenmi\u015ftir. Y\u00f6netim Kurulunda Kad\u0131n Derne\u011fin de 3. d\u00f6nem menti\u2019si olan Firuzbay, y\u00f6netim kurullar\u0131nda, i\u015f ya\u015fam\u0131nda kad\u0131n temsilinin g\u00fc\u00e7lendirilmesi i\u00e7in y\u00fcr\u00fct\u00fclen projelerde g\u00f6n\u00fcll\u00fc olarak yer almaktad\u0131r.<\/p>\n<\/div>\n<div>\n<p>H\u00fclya T\u00fcrkmen<\/p>\n<p>H\u00fclya T\u00fcrkmen, Bo\u011fazi\u00e7i \u00dcniversitesi \u0130n\u015faat M\u00fchendisli\u011fi B\u00f6l\u00fcm\u00fc mezunudur ve Bo\u011fazi\u00e7i \u00dcniversitesi \u0130\u015fletme Y\u00fcksek Lisans (MBA) derecesine sahiptir. Kariyerine 2000 y\u0131l\u0131nda Garanti BBVA Ticari Bankac\u0131l\u0131k\u2019ta ba\u015flad\u0131ktan sonra; CRM, Pazarlama ve Bilgi Teknolojileri ekiplerinde y\u00f6netici pozisyonunda g\u00f6rev yapm\u0131\u015ft\u0131r. 2009-2016 y\u0131llar\u0131 aras\u0131nda M\u00fc\u015fteri \u0130li\u015fkileri Y\u00f6netimi ve Pazarlama Direkt\u00f6r\u00fc, 2016-2022 y\u0131llar\u0131 aras\u0131nda M\u00fc\u015fteri Deneyimi ve Hizmet Modeli Y\u00f6netimi Direkt\u00f6r\u00fc ve 2022-2023 y\u0131llar\u0131 aras\u0131nda ise Bireysel M\u00fc\u015fteri \u00c7\u00f6z\u00fcmleri Ekibi Direkt\u00f6r\u00fc olarak kariyerine devam etmi\u015ftir. H\u00fclya T\u00fcrkmen, 2023 y\u0131l\u0131nda Garanti BBVA Portf\u00f6y Y\u00f6netim Kurulu Ba\u015fkan Vekili olarak atanm\u0131\u015f, 2024 y\u0131l\u0131nda ise Garanti BBVA Potf\u00f6y Genel M\u00fcd\u00fcr\u00fc g\u00f6revini \u00fcstlenmi\u015ftir.<\/p>\n<\/div>\n<div>\n<p>Ey\u00fcp G\u00fcls\u00fcn<\/p>\n<p>Sermaye piyasalar\u0131nda 25 y\u0131l\u0131 a\u015fk\u0131n tecr\u00fcbesi olan Ey\u00fcp G\u00fcls\u00fcn, Bo\u011fazi\u00e7i \u00dcniversitesi Elektrik-Elektronik M\u00fchendisli\u011fi B\u00f6l\u00fcm\u00fc\u2019nden mezun olmu\u015ftur. Y\u00fcksek lisans program\u0131n\u0131 University of California, Berkeley\u2019de MBA derecesi ile tamamlad\u0131ktan sonra, kariyerine Garanti BBVA Hazine B\u00f6l\u00fcm\u00fc\u2019nde ba\u015flam\u0131\u015ft\u0131r. Yurtd\u0131\u015f\u0131nda Goldman Sachs International, Bank of America Merrill Lynch gibi bankac\u0131l\u0131k ve finans alan\u0131nda \u00e7ok uluslu kurumlarda; Fixed Income, Currency, Commodity B\u00f6l\u00fcmleri\u2019nde (FICC), T\u00fcrkiye ve Avrupa, Ortado\u011fu ve Afrika B\u00f6lgesindeki (EMEA) \u00e7e\u015fitli \u00fclkelerin ilgili finansal \u00fcr\u00fcnlerinden sorumlu olarak g\u00f6rev alm\u0131\u015ft\u0131r. Yurt i\u00e7inde ise Garanti BBVA, TSKB ve Ak Portf\u00f6y\u2019de \u00e7e\u015fitli g\u00f6revler y\u00fcr\u00fctm\u00fc\u015ft\u00fcr.<\/p>\n<\/div>\n<div>\n<p>Ey\u00fcp G\u00fcls\u00fcn, 2021 y\u0131l\u0131ndan beri Garanti BBVA Portf\u00f6y\u2019de Yat\u0131r\u0131m Y\u00f6netimi\u2019nden sorumlu Genel M\u00fcd\u00fcr Yard\u0131mc\u0131s\u0131 olarak farkl\u0131 varl\u0131k s\u0131n\u0131flar\u0131 ve inovatif yat\u0131r\u0131m temalar\u0131n\u0131 bar\u0131nd\u0131ran geni\u015f bir yat\u0131r\u0131m fonu evreni y\u00f6netimine liderlik etmektedir. Ayn\u0131 zamanda stratejik varl\u0131k alokasyonu, quant modeller ve bunlar\u0131n portf\u00f6y y\u00f6netimine uygulanmas\u0131 konular\u0131nda \u00f6nemli \u00e7al\u0131\u015fmalar ger\u00e7ekle\u015ftirmi\u015f olup, Bo\u011fazi\u00e7i \u00dcniversitesi\u2019nde bu alanlarda dersler de vermi\u015ftir.<\/p>\n<\/div>\n<div>\n<p>Burak Ali G\u00f6\u00e7er<\/p>\n<p>Burak Ali G\u00f6\u00e7er, \u00e7al\u0131\u015fma hayat\u0131na 1995 y\u0131l\u0131nda Interbank\u2019ta ba\u015flad\u0131. 1999 y\u0131l\u0131nda Garanti BBVA\u2019da Dijital Bankac\u0131l\u0131k Birimi\u2019nde \u00e7al\u0131\u015fmaya ba\u015flayan G\u00f6\u00e7er, 2002 y\u0131l\u0131nda \u015eubesiz Bankac\u0131l\u0131k Birim M\u00fcd\u00fcr\u00fc olarak atand\u0131. Garanti BBVA Mortgage\u2019\u0131n kurulmas\u0131yla 2007 y\u0131l\u0131nda Sat\u0131\u015f ve Pazarlama\u2019dan sorumlu Genel M\u00fcd\u00fcr Yard\u0131mc\u0131s\u0131 olarak atand\u0131. 2010 y\u0131l\u0131nda Garanti BBVA\u2019da Bireysel Bankac\u0131l\u0131k\u2019tan sorumlu Direkt\u00f6r olarak g\u00f6rev alan G\u00f6\u00e7er, 1 Ocak 2017 tarihinden itibaren Garanti BBVA Emeklilik Genel M\u00fcd\u00fcr\u00fc olarak g\u00f6revini s\u00fcrd\u00fcr\u00fcyor.<\/p>\n<\/div>\n<div>\n<p>Orta Do\u011fu Teknik \u00dcniversitesi \u0130n\u015faat M\u00fchendisli\u011fi B\u00f6l\u00fcm\u00fc lisans ve San Diego \u00dcniversitesi Finans B\u00f6l\u00fcm\u00fc y\u00fcksek lisans mezunu olan Burak Ali G\u00f6\u00e7er, bankac\u0131l\u0131k ve i\u015fletmecilik dallar\u0131nda 29 y\u0131ll\u0131k bir i\u015f tecr\u00fcbesine sahiptir.<\/p>\n<p>Selahattin G\u00fcld\u00fc<\/p>\n<p>Orta Do\u011fu Teknik \u00dcniversitesi Kamu Y\u00f6netimi B\u00f6l\u00fcm\u00fc\u2019nden 1990 y\u0131l\u0131nda mezun olan Selahattin G\u00fcld\u00fc ayn\u0131 y\u0131l Garanti BBVA Tefti\u015f Kurulunda M\u00fcfetti\u015f Yard\u0131mc\u0131s\u0131 olarak g\u00f6reve ba\u015flad\u0131. 1997-1999 y\u0131llar\u0131nda \u015eube m\u00fcd\u00fcrl\u00fc\u011f\u00fc yapt\u0131. 1999-2018 y\u0131llar\u0131 aras\u0131nda bankan\u0131n \u0130stanbul\u2019daki \u00e7e\u015fitli b\u00f6lgelerinde B\u00f6lge M\u00fcd\u00fcr\u00fc olarak g\u00f6rev ald\u0131. 2018 &#8211; 2021 y\u0131llar\u0131 aras\u0131nda Garanti BBVA Ticari Bankac\u0131l\u0131k ve T\u00fcketici Finansman\u0131ndan sorumlu Genel M\u00fcd\u00fcr Yard\u0131mc\u0131s\u0131 olarak g\u00f6rev yapt\u0131. Bankac\u0131l\u0131k alan\u0131ndaki i\u015f tecr\u00fcbesi 30 y\u0131l olan Selahattin G\u00fcld\u00fc, 2021 y\u0131l\u0131 Nisan ay\u0131nda Garanti BBVA Leasing\u2019e Genel M\u00fcd\u00fcr olarak atanm\u0131\u015ft\u0131r.<\/p>\n<\/div>\n<div>\n<p>Orhan Veli \u00c7ayc\u0131<\/p>\n<p>Orhan Veli \u00c7ayc\u0131, \u0130stanbul Teknik \u00dcniversitesi \u0130n\u015faat M\u00fchendisli\u011fi ve Bo\u011fazi\u00e7i \u00dcniversitesi \u0130\u015fletme Y\u00fcksek Lisans (MBA) mezunudur. Kariyerine Interbank b\u00fcnyesinde Y\u00f6netici Aday\u0131 olarak ba\u015flayan \u00c7ayc\u0131, Garanti BBVA\u2019da \u00e7e\u015fitli y\u00f6netim pozisyonlar\u0131nda g\u00f6rev alm\u0131\u015ft\u0131r. Garanti BBVA Emekli Sand\u0131\u011f\u0131 Fonu Vakf\u0131 Genel M\u00fcd\u00fcr\u00fc olarak \u00f6nemli sorumluluklar\u0131 \u00fcstlenmi\u015ftir. <\/p>\n<\/div>\n<div>\n<p>G\u00f6khan Koca<\/p>\n<p>G\u00f6khan Koca, Orta Do\u011fu Teknik \u00dcniversitesi \u0130n\u015faat M\u00fchendisli\u011fi ve Bo\u011fazi\u00e7i \u00dcniversitesi Y\u00f6netici \u0130\u015fletme Y\u00fcksek Lisans (MBA) mezunudur. Kariyerine Garanti BBVA\u2019da M\u00fcfetti\u015f olarak ba\u015flam\u0131\u015f, ard\u0131ndan bankac\u0131l\u0131k sekt\u00f6r\u00fcnde \u00e7e\u015fitli liderlik pozisyonlar\u0131nda g\u00f6rev alm\u0131\u015ft\u0131r. BBVA\u2019da KOB\u0130 Bankac\u0131l\u0131\u011f\u0131 Global Sorumlusu olarak, uluslararas\u0131 stratejilerin geli\u015ftirilmesi ve uygulanmas\u0131 alan\u0131nda \u00e7al\u0131\u015fmaktad\u0131r. Dijital pazarlama ve mortgage \u00fcr\u00fcn geli\u015ftirme konular\u0131nda uzmanla\u015fm\u0131\u015f olan Koca, sekt\u00f6r\u00fcn ilklerinden olan bir\u00e7ok yenilik\u00e7i projeye liderlik etmi\u015ftir. T\u00fcrk\u00e7e, \u0130ngilizce ve \u0130spanyolca dillerini ileri d\u00fczeyde konu\u015fmaktad\u0131r ve finans d\u00fcnyas\u0131nda 20 y\u0131l\u0131 a\u015fk\u0131n deneyime sahiptir.<\/p>\n<\/div>\n<\/p>\n<p><\/p>\n<p>Kaynak :\u00a0<span style=\"background-color: rgb(255, 249, 236); color: rgb(55, 58, 60); font-size: 14px;\">Bloomberg HT<\/span><\/p>\n<p><span style=\"display: block; width: 343.125px; color: rgb(55, 58, 60); font-size: 14px; background-color: rgb(255, 249, 236);\"><\/span><\/p>\n","protected":false},"excerpt":{"rendered":"<p>Garanti BBVA ve i\u015ftiraklerinin \u00fcst y\u00f6netiminde de\u011fi\u015fiklikler ger\u00e7ekle\u015fti. Bankan\u0131n Yetenek ve K\u00fclt\u00fcr&#8217;den sorumlu Genel M\u00fcd\u00fcr Yard\u0131mc\u0131s\u0131 Tuba K\u00f6seo\u011flu Ok\u00e7u g\u00f6revinden ayr\u0131l\u0131rken, bu g\u00f6revi Ebru Ta\u015fc\u0131 Firuzbay \u00fcstlenecek. Garanti BBVA Yat\u0131r\u0131m Genel M\u00fcd\u00fcrl\u00fc\u011f\u00fc g\u00f6revini Garanti BBVA Portf\u00f6y Genel M\u00fcd\u00fcr\u00fc H\u00fclya T\u00fcrkmen devralacak.<\/p>\n","protected":false},"author":1,"featured_media":0,"comment_status":"open","ping_status":"open","sticky":false,"template":"","format":"standard","meta":{"footnotes":""},"categories":[2],"tags":[48,1239,159,630,1395],"class_list":["post-107376","post","type-post","status-publish","format-standard","hentry","category-ekonomi","tag-banka","tag-garanti-bbva","tag-genel-mudur","tag-yilinda","tag-yonetim"],"_links":{"self":[{"href":"https:\/\/ekamu.net\/index.php\/wp-json\/wp\/v2\/posts\/107376","targetHints":{"allow":["GET"]}}],"collection":[{"href":"https:\/\/ekamu.net\/index.php\/wp-json\/wp\/v2\/posts"}],"about":[{"href":"https:\/\/ekamu.net\/index.php\/wp-json\/wp\/v2\/types\/post"}],"author":[{"embeddable":true,"href":"https:\/\/ekamu.net\/index.php\/wp-json\/wp\/v2\/users\/1"}],"replies":[{"embeddable":true,"href":"https:\/\/ekamu.net\/index.php\/wp-json\/wp\/v2\/comments?post=107376"}],"version-history":[{"count":1,"href":"https:\/\/ekamu.net\/index.php\/wp-json\/wp\/v2\/posts\/107376\/revisions"}],"predecessor-version":[{"id":107377,"href":"https:\/\/ekamu.net\/index.php\/wp-json\/wp\/v2\/posts\/107376\/revisions\/107377"}],"wp:attachment":[{"href":"https:\/\/ekamu.net\/index.php\/wp-json\/wp\/v2\/media?parent=107376"}],"wp:term":[{"taxonomy":"category","embeddable":true,"href":"https:\/\/ekamu.net\/index.php\/wp-json\/wp\/v2\/categories?post=107376"},{"taxonomy":"post_tag","embeddable":true,"href":"https:\/\/ekamu.net\/index.php\/wp-json\/wp\/v2\/tags?post=107376"}],"curies":[{"name":"wp","href":"https:\/\/api.w.org\/{rel}","templated":true}]}}