{"id":107402,"date":"2025-10-17T16:12:13","date_gmt":"2025-10-17T16:12:13","guid":{"rendered":"https:\/\/ekamu.net\/?p=107402"},"modified":"2025-10-17T16:12:13","modified_gmt":"2025-10-17T16:12:13","slug":"fransada-hukumet-dustu","status":"publish","type":"post","link":"https:\/\/ekamu.net\/index.php\/2025\/10\/17\/fransada-hukumet-dustu\/","title":{"rendered":"Fransa&#8217;da h\u00fck\u00fcmet d\u00fc\u015ft\u00fc"},"content":{"rendered":"<p><p>Fransa, b\u00fct\u00e7e g\u00f6r\u00fc\u015fmelerinde ya\u015fanan anla\u015fmazl\u0131ktan \u00f6t\u00fcr\u00fc siyasi krize girdikten sonra 4 Aral\u0131k \u00c7ar\u015famba g\u00fcn\u00fc ak\u015fam\u0131 g\u00fcven oylamas\u0131na gitti. G\u00fcven oylamas\u0131nda gereken oyu alamayan Michel Barnie h\u00fck\u00fbmeti d\u00fc\u015ft\u00fc. Frans\u0131z bas\u0131n\u0131nda \u00e7\u0131kan haberlere g\u00f6re Frans\u0131z Cumhurba\u015fkan\u0131 Emmanuel Macron, Michel Barnier h\u00fck\u00fbmetinin d\u00fc\u015fmesi ihtimaline kar\u015f\u0131n yeni aday aray\u0131\u015flar\u0131na 1 hafta \u00f6nce ba\u015flad\u0131.<\/p>\n<div>\n<p><p>Fransa\u2019da h\u00fck\u00fcmet d\u00fc\u015ft\u00fc\u011f\u00fc i\u00e7in yeni bir ba\u015fbakan atan\u0131p yeni bir h\u00fck\u00fcmet kurulana kadar d\u00fc\u015fen h\u00fck\u00fcmet s\u0131n\u0131rl\u0131 yetkilerle g\u00f6revine, idari i\u015fleri y\u00f6netmek i\u00e7in g\u00f6revine devam eder. H\u00fck\u00fcmet Genel Sekreterli\u011fi\u2019nin yay\u0131mlad\u0131\u011f\u0131 bir nota g\u00f6re, &#8220;devletin asgari d\u00fczeyde i\u015fleyi\u015fini ve s\u00fcreklili\u011fini sa\u011flamak i\u00e7in&#8221; d\u00fc\u015fen h\u00fck\u00fcmet g\u00f6revini s\u00fcrd\u00fcr\u00fcr.<\/p>\n<\/div>\n<div>\n<p><p>H\u00fck\u00fcmetin d\u00fc\u015fmesinin ba\u015fl\u0131ca sebepleri aras\u0131nda b\u00fct\u00e7e tasar\u0131 yer al\u0131yor. B\u00fct\u00e7e konusunda muhalefet ile ters d\u00fc\u015fen Michel Barnier h\u00fck\u00fcmeti muhalefet taraf\u0131ndan neo-liberal politikalar uygulamakla su\u00e7lan\u0131yordu.<\/p>\n<\/div>\n<div>\n<p><p>A\u015f\u0131r\u0131 sa\u011fc\u0131 Ulusal Birlik Partisi Ba\u015fkan\u0131 Marine Le Pen, ila\u00e7 \u00f6demelerindeki kesintiler ve emekli maa\u015flar\u0131ndaki art\u0131\u015f konusundaki tavr\u0131 ile h\u00fck\u00fcmetin i\u015fini zora sokmu\u015ftu. Di\u011fer yandan solcu Yeni Halk Cephesi Partisi de h\u00fck\u00fcmeti kapitalist olmakla itham ediyordu.<\/p>\n\n<p>Muhalefetin tepkisi art\u0131nca h\u00fck\u00fcmet g\u00fcven oylamas\u0131na gitmek zorunda kald\u0131 ve oylamadan istedi\u011fi sonucu alamayarak g\u00f6revini kaybetmi\u015f oldu.<\/p>\n<\/div>\n<\/p>\n<p><\/p>\n<p>Kaynak :\u00a0<span style=\"background-color: rgb(255, 249, 236); color: rgb(55, 58, 60); font-size: 14px;\">Bloomberg HT<\/span><\/p>\n<p><span style=\"display: block; width: 343.125px; color: rgb(55, 58, 60); font-size: 14px; background-color: rgb(255, 249, 236);\"><\/span><\/p>\n","protected":false},"excerpt":{"rendered":"<p>Fransa&#8217;da Michel Barnier h\u00fck\u00fcmeti g\u00fcven oylamas\u0131n\u0131 574&#8217;e kar\u015f\u0131 331 oyla kaybetti. Muhalefet ile b\u00fct\u00e7e konusunda anla\u015famayan h\u00fck\u00fbmet g\u00fcven oylamas\u0131na gitti. 4 Aral\u0131k ak\u015fam\u0131 yap\u0131lan oylamada h\u00fck\u00fbmet g\u00fcven oyunu alamayarak d\u00fc\u015ft\u00fc.<\/p>\n","protected":false},"author":1,"featured_media":107403,"comment_status":"open","ping_status":"open","sticky":false,"template":"","format":"standard","meta":{"footnotes":""},"categories":[2],"tags":[3401],"class_list":["post-107402","post","type-post","status-publish","format-standard","has-post-thumbnail","hentry","category-ekonomi","tag-hukumet"],"_links":{"self":[{"href":"https:\/\/ekamu.net\/index.php\/wp-json\/wp\/v2\/posts\/107402","targetHints":{"allow":["GET"]}}],"collection":[{"href":"https:\/\/ekamu.net\/index.php\/wp-json\/wp\/v2\/posts"}],"about":[{"href":"https:\/\/ekamu.net\/index.php\/wp-json\/wp\/v2\/types\/post"}],"author":[{"embeddable":true,"href":"https:\/\/ekamu.net\/index.php\/wp-json\/wp\/v2\/users\/1"}],"replies":[{"embeddable":true,"href":"https:\/\/ekamu.net\/index.php\/wp-json\/wp\/v2\/comments?post=107402"}],"version-history":[{"count":1,"href":"https:\/\/ekamu.net\/index.php\/wp-json\/wp\/v2\/posts\/107402\/revisions"}],"predecessor-version":[{"id":107404,"href":"https:\/\/ekamu.net\/index.php\/wp-json\/wp\/v2\/posts\/107402\/revisions\/107404"}],"wp:featuredmedia":[{"embeddable":true,"href":"https:\/\/ekamu.net\/index.php\/wp-json\/wp\/v2\/media\/107403"}],"wp:attachment":[{"href":"https:\/\/ekamu.net\/index.php\/wp-json\/wp\/v2\/media?parent=107402"}],"wp:term":[{"taxonomy":"category","embeddable":true,"href":"https:\/\/ekamu.net\/index.php\/wp-json\/wp\/v2\/categories?post=107402"},{"taxonomy":"post_tag","embeddable":true,"href":"https:\/\/ekamu.net\/index.php\/wp-json\/wp\/v2\/tags?post=107402"}],"curies":[{"name":"wp","href":"https:\/\/api.w.org\/{rel}","templated":true}]}}