{"id":108682,"date":"2025-10-23T23:28:11","date_gmt":"2025-10-23T23:28:11","guid":{"rendered":"https:\/\/ekamu.net\/?p=108682"},"modified":"2025-10-23T23:28:11","modified_gmt":"2025-10-23T23:28:11","slug":"telefonlarda-otv-matrahi-degisti-giris-seviyesi-modellere-indirim-geliyor","status":"publish","type":"post","link":"https:\/\/ekamu.net\/index.php\/2025\/10\/23\/telefonlarda-otv-matrahi-degisti-giris-seviyesi-modellere-indirim-geliyor\/","title":{"rendered":"Telefonlarda \u00d6TV matrah\u0131 de\u011fi\u015fti: Giri\u015f seviyesi modellere indirim geliyor"},"content":{"rendered":"<p><figure> <span> <img decoding=\"async\" src=\"https:\/\/ekamu.net\/wp-content\/uploads\/2025\/10\/telefonlarda-otv-matrahi-degisti-giris-seviyesi-modellere-indirim-geliyor-0-4F4INblv.jpg\"\/> <\/span> Telefonlar i\u00e7in en son 2022 y\u0131l\u0131nda g\u00fcncellenen <strong>\u00d6zel T\u00fcketim Vergisi (\u00d6TV)<\/strong> matrah\u0131 bug\u00fcn <strong>Resmi Gazete\u2019de<\/strong> yay\u0131mlanan karar ile yeniden g\u00fcncellendi. Yeni d\u00fczenleme ile \u00d6TV oranlar\u0131nda de\u011fi\u015fiklik olmazken \u00d6TV matrah\u0131nda art\u0131\u015fa gidildi. B\u00f6ylece uygun fiyatl\u0131 telefonlar i\u00e7in indirim f\u0131rsat\u0131 do\u011fdu. <\/figure>\n<p>Telefonlardaki \u00d6TV oran\u0131, telefonun \u00d6TV\u2019siz fiyat\u0131na g\u00f6re y\u00fczde 25, y\u00fczde 40 ve y\u00fczde 50 \u015feklinde artan oranlarla tahsil ediliyor. Daha \u00f6nce \u00d6TV\u2019siz fiyat\u0131 1.500 TL ve 3.000 TL olarak uygulanan matrahlar <strong>4.500 TL<\/strong> ve <strong>9.000 TL\u2019ye<\/strong> y\u00fckseltildi.<\/p>\n<p><b>Telefonlarda yeni \u00d6TV oranlar\u0131 2025<\/b><\/p>\n<ul>\n<li>\u00d6TV matrah\u0131 4.500 TL ve alt\u0131ndakiler: <strong>%25<\/strong><\/li>\n<li>\u00d6TV matrah\u0131 4.500 TL&#8217;yi a\u015f\u0131p 9.000 TL\u2019yi a\u015fmayanlar: <strong>%40<\/strong><\/li>\n<li>\u00d6TV matrah\u0131 9.000 TL\u2019nin \u00fczerindekiler: <strong>%50\u00a0<\/strong><\/li>\n<\/ul>\n<p><figure> <span> <img decoding=\"async\" src=\"https:\/\/ekamu.net\/wp-content\/uploads\/2025\/10\/telefonlarda-otv-matrahi-degisti-giris-seviyesi-modellere-indirim-geliyor-1-xpLQGOsb.jpg\"\/> <\/span> <\/figure>\n<\/p>\n<p><b>\u00d6nceki \u00d6TV d\u00fczenlemesi nas\u0131ld\u0131?<\/b><\/p>\n<p>\u00d6TV matrah\u0131 1.500 TL ve alt\u0131ndakiler: %25<br \/> \u00d6TV matrah\u0131 1.500 TL&#8217;yi a\u015f\u0131p 3.000 TL\u2019yi a\u015fmayanlar: %40<br \/> \u00d6TV matrah\u0131 3.000 TL\u2019nin \u00fczerindekiler: %50<\/p>\n<p><b>Giri\u015f seviyesi modellere indirim f\u0131rsat\u0131!<\/b><\/p>\n<p>Vergiler dahil fiyat\u0131 <strong>7 bin 560 TL ile 16 bin 200 TL<\/strong> aras\u0131ndaki telefonlar\u0131n \u00d6TV oran\u0131 y\u00fczde 50\u2019den y\u00fczde 40\u2019a d\u00fc\u015fecek. Bu de\u011fi\u015fikli\u011fin fiyatlara etkisi yakla\u015f\u0131k olarak 500 TL-1000 TL d\u00fczeyinde olacak. \u00d6rne\u011fin 16 bin 200 TL\u2019lik modelin fiyat\u0131 15 bin 120 TL\u2019ye d\u00fc\u015fecek. Vergiler dahil fiyat\u0131 16 bin 200 TL\u2019den pahal\u0131 olan modellerde ise herhangi bir de\u011fi\u015fiklik olmayacak.<\/p>\n<p>Fiyat\u0131 7.560 TL&#8217;nin alt\u0131ndaki telefonlarda ise \u00d6TV oran\u0131<\/p>\n<p><b>Telefonlardan ne kadar vergi al\u0131n\u0131yor?<\/b><\/p>\n<p>Telefonlar\u0131n vergisiz fiyat\u0131n\u0131n \u00fczerine s\u0131ras\u0131yla \u015fu vergiler al\u0131n\u0131yor:<\/p>\n<ul>\n<li><strong>K\u00fclt\u00fcr Bakanl\u0131\u011f\u0131 Pay\u0131<\/strong>: %1<\/li>\n<li><strong>TRT Bandrol\u00fc<\/strong>: %12<\/li>\n<li><strong>\u00d6zel T\u00fcketim Vergisi<\/strong>: %25, %40, %50<\/li>\n<li><strong>Katma De\u011fer Vergisi<\/strong>: %20<\/li>\n<\/ul>\n<p><span style=\"display: block; width: 343.125px; color: rgb(55, 58, 60); font-size: 14px; background-color: rgb(255, 249, 236);\"><\/span><\/p>\n<p>Kaynak :\u00a0<span style=\"background-color: rgb(255, 249, 236); color: rgb(55, 58, 60); font-size: 14px;\">https:\/\/www.donanimhaber.com\/telefonlarda-otv-matrahi-degisti-iste-yeni-otv-duzenlemesi&#8211;197708<\/span><\/p>\n","protected":false},"excerpt":{"rendered":"<p>Telefonlar i\u00e7in en son 2022 y\u0131l\u0131nda g\u00fcncellenen \u00d6zel T\u00fcketim Vergisi (\u00d6TV) matrah\u0131 bug\u00fcn Resmi Gazete\u2019de yay\u0131mlanan karar ile yeniden g\u00fcncellendi. Yeni d\u00fczenleme ile \u00d6TV oranlar\u0131nda de\u011fi\u015fiklik olmazken \u00d6TV matrah\u0131nda art\u0131\u015fa gidildi. B\u00f6ylece uygun &#8230;<\/p>\n","protected":false},"author":1,"featured_media":108683,"comment_status":"open","ping_status":"open","sticky":false,"template":"","format":"standard","meta":{"footnotes":""},"categories":[8],"tags":[2920,2647,6421,1312,384],"class_list":["post-108682","post","type-post","status-publish","format-standard","has-post-thumbnail","hentry","category-teknoloji","tag-2920","tag-otv","tag-otv-matrahi","tag-telefonlar","tag-vergi"],"_links":{"self":[{"href":"https:\/\/ekamu.net\/index.php\/wp-json\/wp\/v2\/posts\/108682","targetHints":{"allow":["GET"]}}],"collection":[{"href":"https:\/\/ekamu.net\/index.php\/wp-json\/wp\/v2\/posts"}],"about":[{"href":"https:\/\/ekamu.net\/index.php\/wp-json\/wp\/v2\/types\/post"}],"author":[{"embeddable":true,"href":"https:\/\/ekamu.net\/index.php\/wp-json\/wp\/v2\/users\/1"}],"replies":[{"embeddable":true,"href":"https:\/\/ekamu.net\/index.php\/wp-json\/wp\/v2\/comments?post=108682"}],"version-history":[{"count":1,"href":"https:\/\/ekamu.net\/index.php\/wp-json\/wp\/v2\/posts\/108682\/revisions"}],"predecessor-version":[{"id":108686,"href":"https:\/\/ekamu.net\/index.php\/wp-json\/wp\/v2\/posts\/108682\/revisions\/108686"}],"wp:featuredmedia":[{"embeddable":true,"href":"https:\/\/ekamu.net\/index.php\/wp-json\/wp\/v2\/media\/108683"}],"wp:attachment":[{"href":"https:\/\/ekamu.net\/index.php\/wp-json\/wp\/v2\/media?parent=108682"}],"wp:term":[{"taxonomy":"category","embeddable":true,"href":"https:\/\/ekamu.net\/index.php\/wp-json\/wp\/v2\/categories?post=108682"},{"taxonomy":"post_tag","embeddable":true,"href":"https:\/\/ekamu.net\/index.php\/wp-json\/wp\/v2\/tags?post=108682"}],"curies":[{"name":"wp","href":"https:\/\/api.w.org\/{rel}","templated":true}]}}