{"id":110477,"date":"2025-11-13T12:56:10","date_gmt":"2025-11-13T12:56:10","guid":{"rendered":"https:\/\/ekamu.net\/?p=110477"},"modified":"2025-11-13T12:56:10","modified_gmt":"2025-11-13T12:56:10","slug":"avrupanin-en-buyugu-karapinar-gese-500-megavatlik-ekleme-yapiliyor","status":"publish","type":"post","link":"https:\/\/ekamu.net\/index.php\/2025\/11\/13\/avrupanin-en-buyugu-karapinar-gese-500-megavatlik-ekleme-yapiliyor\/","title":{"rendered":"Avrupa&#8217;n\u0131n en b\u00fcy\u00fc\u011f\u00fc Karap\u0131nar GES&#8217;e 500 megavatl\u0131k ekleme yap\u0131l\u0131yor"},"content":{"rendered":"<p><figure> <span> <img decoding=\"async\" src=\"https:\/\/ekamu.net\/wp-content\/uploads\/2025\/11\/avrupanin-en-buyugu-karapinar-gese-500-megavatlik-ekleme-yapiliyor-0-eifignGR.jpg\"\/> <\/span> Kalyon Enerji&#8217;nin sahip oldu\u011fu 1350 megavat g\u00fcc\u00fcndeki <strong>Karap\u0131nar G\u00fcne\u015f Enerjisi Santrali&#8217;ne<\/strong> 500 megavatl\u0131k ekleme yap\u0131l\u0131yor. Yeni yat\u0131r\u0131mla birlikte Karap\u0131nar b\u00f6lgesindeki toplam g\u00fcne\u015f enerjisi kurulu g\u00fcc\u00fc <strong>1850 megavata ula\u015facak<\/strong> ve y\u0131ll\u0131k yakla\u015f\u0131k <strong>4 milyar kilovatsaat<\/strong> elektrik \u00fcretilecek. <\/figure>\n<p>Karap\u0131nar GES, <strong>Kalyon Enerji<\/strong> taraf\u0131ndan YEKA kapsam\u0131nda 20 milyon metrekare araziye kurulmu\u015ftu. T\u00fcrkiye\u2019nin kurulu g\u00fcne\u015f enerjisi pay\u0131n\u0131 tek ba\u015f\u0131na y\u00fczde 20 art\u0131ran tesis, 2026 y\u0131l\u0131nda \u00e7ok daha y\u00fcksek kapasiteye ula\u015facak. Toplam panel say\u0131s\u0131 4 milyonun \u00fczerine \u00e7\u0131kacak.<\/p>\n<figure> <span> <img decoding=\"async\" src=\"https:\/\/ekamu.net\/wp-content\/uploads\/2025\/11\/avrupanin-en-buyugu-karapinar-gese-500-megavatlik-ekleme-yapiliyor-1-wVbFbKFz.jpg\"\/> <\/span> Yeni 500 megavatl\u0131k yat\u0131r\u0131m i\u00e7in mobilizasyon ve trafo in\u015faat\u0131 \u00e7al\u0131\u015fmalar\u0131 ba\u015flad\u0131. Tam kapsaml\u0131 in\u015faat ise <strong>2026 y\u0131l\u0131nda<\/strong> ba\u015flayacak. \u0130n\u015faat\u0131n bir y\u0131l i\u00e7inde tamamlanmas\u0131 planlan\u0131yor. <\/figure>\n<p>Y\u0131ll\u0131k 4 milyar kilovatsaat elektrik \u00fcretimi ile y\u0131lda 800 milyon metrek\u00fcp\u00fcn \u00fczerinde do\u011fal gaz ithalat\u0131n\u0131n \u00f6n\u00fcne ge\u00e7ilecek. \u00dclke ekonomisine katk\u0131s\u0131 ise yakla\u015f\u0131k 400 milyon dolar olacak. Karap\u0131nar GES, Avrupa\u2019n\u0131n en b\u00fcy\u00fck, d\u00fcnyan\u0131n ise say\u0131l\u0131 b\u00fcy\u00fckl\u00fckteki GES\u2019lerinden biri konumunda yer al\u0131yor.<\/p>\n\n<p><span style=\"display: block; width: 343.125px; color: rgb(55, 58, 60); font-size: 14px; background-color: rgb(255, 249, 236);\"><\/span><\/p>\n<p>Kaynak :\u00a0<span style=\"background-color: rgb(255, 249, 236); color: rgb(55, 58, 60); font-size: 14px;\">https:\/\/www.donanimhaber.com\/karapinar-ges-e-500-megavatlik-ekleme-yapiliyor&#8211;198507<\/span><\/p>\n","protected":false},"excerpt":{"rendered":"<p>Kalyon Enerji&#8217;nin sahip oldu\u011fu 1350 megavat g\u00fcc\u00fcndeki Karap\u0131nar G\u00fcne\u015f Enerjisi Santrali&#8217;ne 500 megavatl\u0131k ekleme yap\u0131l\u0131yor. Yeni yat\u0131r\u0131mla birlikte Karap\u0131nar b\u00f6lgesindeki toplam g\u00fcne\u015f enerjisi kurulu g\u00fcc\u00fc 1850 megavata ula\u015facak ve y\u0131ll\u0131k yakla\u015f\u0131k &#8230;<\/p>\n","protected":false},"author":1,"featured_media":110478,"comment_status":"open","ping_status":"open","sticky":false,"template":"","format":"standard","meta":{"footnotes":""},"categories":[8],"tags":[137],"class_list":["post-110477","post","type-post","status-publish","format-standard","has-post-thumbnail","hentry","category-teknoloji","tag-enerji"],"_links":{"self":[{"href":"https:\/\/ekamu.net\/index.php\/wp-json\/wp\/v2\/posts\/110477","targetHints":{"allow":["GET"]}}],"collection":[{"href":"https:\/\/ekamu.net\/index.php\/wp-json\/wp\/v2\/posts"}],"about":[{"href":"https:\/\/ekamu.net\/index.php\/wp-json\/wp\/v2\/types\/post"}],"author":[{"embeddable":true,"href":"https:\/\/ekamu.net\/index.php\/wp-json\/wp\/v2\/users\/1"}],"replies":[{"embeddable":true,"href":"https:\/\/ekamu.net\/index.php\/wp-json\/wp\/v2\/comments?post=110477"}],"version-history":[{"count":1,"href":"https:\/\/ekamu.net\/index.php\/wp-json\/wp\/v2\/posts\/110477\/revisions"}],"predecessor-version":[{"id":110481,"href":"https:\/\/ekamu.net\/index.php\/wp-json\/wp\/v2\/posts\/110477\/revisions\/110481"}],"wp:featuredmedia":[{"embeddable":true,"href":"https:\/\/ekamu.net\/index.php\/wp-json\/wp\/v2\/media\/110478"}],"wp:attachment":[{"href":"https:\/\/ekamu.net\/index.php\/wp-json\/wp\/v2\/media?parent=110477"}],"wp:term":[{"taxonomy":"category","embeddable":true,"href":"https:\/\/ekamu.net\/index.php\/wp-json\/wp\/v2\/categories?post=110477"},{"taxonomy":"post_tag","embeddable":true,"href":"https:\/\/ekamu.net\/index.php\/wp-json\/wp\/v2\/tags?post=110477"}],"curies":[{"name":"wp","href":"https:\/\/api.w.org\/{rel}","templated":true}]}}