{"id":11048,"date":"2024-06-01T09:12:04","date_gmt":"2024-06-01T09:12:04","guid":{"rendered":"https:\/\/ekamu.net\/?p=11048"},"modified":"2024-06-01T09:12:04","modified_gmt":"2024-06-01T09:12:04","slug":"turkiyenin-ham-celik-uretim-artisi-hiz-kesti","status":"publish","type":"post","link":"https:\/\/ekamu.net\/index.php\/2024\/06\/01\/turkiyenin-ham-celik-uretim-artisi-hiz-kesti\/","title":{"rendered":"T\u00fcrkiye&#8217;nin ham \u00e7elik \u00fcretim art\u0131\u015f\u0131 h\u0131z kesti"},"content":{"rendered":"<div>\n<p>T\u00fcrkiye&#8217;nin ham \u00e7elik \u00fcretimi, Nisan&#8217;da ge\u00e7en y\u0131l\u0131n ayn\u0131 ay\u0131na g\u00f6re y\u00fczde 4,4 art\u0131\u015fla 2,8 milyon tona y\u00fckseldi.<\/p>\n<p>T\u00fcrkiye \u00c7elik \u00dcreticileri Derne\u011fi (T\u00c7\u00dcD), Nisan ay\u0131na ili\u015fkin \u00e7elik \u00fcretimi, t\u00fcketimi ve d\u0131\u015f ticaret verilerini a\u00e7\u0131klad\u0131.<\/p>\n<p>Buna g\u00f6re, s\u00f6z konusu ayda T\u00fcrkiye&#8217;nin ham \u00e7elik \u00fcretimi, ge\u00e7en y\u0131l\u0131n ayn\u0131 ay\u0131na g\u00f6re y\u00fczde 4,4 artarak 2,8 milyon ton oldu. Y\u0131l\u0131n ilk 4 ay\u0131nda ise \u00fcretim y\u00fczde 22,1 art\u0131\u015fla, 12,3 milyon ton seviyesinde ger\u00e7ekle\u015fti.<\/p>\n<p>Nihai mamul t\u00fcketimi Nisan&#8217;da y\u00fczde 14 azal\u0131\u015fla 3 milyon tona gerilerken Ocak-Nisan d\u00f6neminde 2023 y\u0131l\u0131n\u0131n ayn\u0131 d\u00f6nemine k\u0131yasla y\u00fczde 2,5 artarak 12,8 milyon tona ula\u015ft\u0131.<\/p>\n<\/div>\n<div>\n<p><b>\u00c7elik \u00fcr\u00fcnleri ihracat\u0131 miktar ve de\u011fer olarak artt\u0131<\/b><\/p>\n<p>Nisanda \u00e7elik \u00fcr\u00fcnleri ihracat\u0131, miktar y\u00f6n\u00fcnden y\u00fczde 64,6 art\u0131\u015fla 1 milyon ton, de\u011fer y\u00f6n\u00fcnden ise y\u00fczde 36,4 art\u0131\u015fla 769,5 milyon dolar olarak kay\u0131tlara ge\u00e7ti.<\/p>\n<p>Ocak-nisan d\u00f6neminde 2023 y\u0131l\u0131n\u0131n ayn\u0131 d\u00f6nemine k\u0131yasla ihracat, miktar baz\u0131nda y\u00fczde 49,4 art\u0131\u015fla 4,2 milyon ton, de\u011fer baz\u0131nda y\u00fczde 26,7 y\u00fckseli\u015fle 3,1 milyar dolar seviyesinde ger\u00e7ekle\u015fti.<\/p>\n<p><b>\u0130thalat azald\u0131<\/b><\/p>\n<p>Nisanda ithalat, ge\u00e7en y\u0131l\u0131n ayn\u0131 ay\u0131na g\u00f6re, miktar bak\u0131m\u0131ndan y\u00fczde 12,4 azal\u0131\u015fla 1,5 milyon ton, de\u011fer bak\u0131m\u0131ndan ise y\u00fczde 18,5 azalarak 1,2 milyar dolar olarak hesapland\u0131.<\/p>\n<p>Ocak-Nisan d\u00f6neminde 2023&#8217;\u00fcn ayn\u0131 d\u00f6nemine k\u0131yasla ithalat, miktar baz\u0131nda y\u00fczde 5,9 azal\u0131\u015fla 5,5 milyon ton, de\u011fer baz\u0131nda y\u00fczde 12,9 azal\u0131\u015fla 4,3 milyar dolar seviyesinde ger\u00e7ekle\u015fti.<\/p>\n<p>Ge\u00e7en y\u0131l\u0131n Ocak-Nisan d\u00f6neminde 49,7 olan ihracat\u0131n ithalat\u0131 kar\u015f\u0131lama oran\u0131, bu y\u0131l\u0131n ayn\u0131 d\u00f6neminde y\u00fczde 72,4 seviyesine y\u00fckseldi.<\/p>\n<p>A\u00e7\u0131klamada g\u00f6r\u00fc\u015flerine yer verilen T\u00c7\u00dcD Genel Sekreteri Veysel Yayan, ge\u00e7en y\u0131l\u0131n ikinci yar\u0131s\u0131nda artan kapasiteler ve \u00f6zellikle Avrupa \u00fclkelerinden artan talebin deste\u011fiyle y\u0131l\u0131n ba\u015f\u0131ndan bu yana \u00fcretimde art\u0131\u015f ya\u015fand\u0131\u011f\u0131n\u0131 belirtti. Yayan, &#8220;Mart ve Nisan aylar\u0131nda \u00fcretimin s\u0131ras\u0131yla y\u00fczde 18 ve y\u00fczde 4,4 artmas\u0131, \u00fcretimdeki art\u0131\u015f\u0131n h\u0131z kesti\u011fini ortaya koydu&#8221; ifadesini kulland\u0131.<\/p>\n<p>T\u00fcrkiye&#8217;nin ham \u00e7elik \u00fcretiminin Ocak-Nisan d\u00f6neminde y\u00fczde 22,1 art\u0131\u015fla 12,3 milyon tona ula\u015fmas\u0131na kar\u015f\u0131n Nisan ay\u0131 \u00fcretiminin 2,8 milyon tonda kald\u0131\u011f\u0131na dikkati \u00e7eken Yayan, &#8220;Nisan ay\u0131nda t\u00fcketimde y\u00fczde 25 d\u00fc\u015f\u00fc\u015f g\u00f6zlendi. S\u00f6z konusu d\u00fc\u015f\u00fc\u015fte, 2023 y\u0131l\u0131nda meydana gelen deprem sonras\u0131nda uzun mamul t\u00fcketiminde g\u00f6zlenen y\u00fcksek oranl\u0131 art\u0131\u015flar nedeniyle ya\u015fanan baz etkisinin ortadan kalkmas\u0131 etkili oldu&#8221; bilgisini verdi.<\/p>\n<\/div>\n<\/p>\n<p><\/p>\n<p>Kaynak :\u00a0<span style=\"background-color: rgb(255, 249, 236); color: rgb(55, 58, 60); font-size: 14px;\">Bloomberg HT<\/span><\/p>\n<p><span style=\"display: block; width: 343.125px; color: rgb(55, 58, 60); font-size: 14px; background-color: rgb(255, 249, 236);\"><\/span><\/p>\n","protected":false},"excerpt":{"rendered":"<p>T\u00fcrkiye&#8217;nin ham\u00a0\u00e7elik\u00a0\u00fcretimi, Nisan&#8217;da ge\u00e7en y\u0131l\u0131n ayn\u0131 ay\u0131na g\u00f6re y\u00fczde 4,4 art\u0131\u015fla 2,8 milyon tona y\u00fckseldi. Mart ay\u0131nda \u00fcretim y\u00fczde 18 art\u0131\u015f g\u00f6stermi\u015fti.<\/p>\n","protected":false},"author":1,"featured_media":11049,"comment_status":"open","ping_status":"open","sticky":false,"template":"","format":"standard","meta":{"footnotes":""},"categories":[2],"tags":[794,796,795,381,369],"class_list":["post-11048","post","type-post","status-publish","format-standard","has-post-thumbnail","hentry","category-ekonomi","tag-artisla","tag-baz","tag-celik","tag-nisan","tag-uretim"],"_links":{"self":[{"href":"https:\/\/ekamu.net\/index.php\/wp-json\/wp\/v2\/posts\/11048","targetHints":{"allow":["GET"]}}],"collection":[{"href":"https:\/\/ekamu.net\/index.php\/wp-json\/wp\/v2\/posts"}],"about":[{"href":"https:\/\/ekamu.net\/index.php\/wp-json\/wp\/v2\/types\/post"}],"author":[{"embeddable":true,"href":"https:\/\/ekamu.net\/index.php\/wp-json\/wp\/v2\/users\/1"}],"replies":[{"embeddable":true,"href":"https:\/\/ekamu.net\/index.php\/wp-json\/wp\/v2\/comments?post=11048"}],"version-history":[{"count":1,"href":"https:\/\/ekamu.net\/index.php\/wp-json\/wp\/v2\/posts\/11048\/revisions"}],"predecessor-version":[{"id":11050,"href":"https:\/\/ekamu.net\/index.php\/wp-json\/wp\/v2\/posts\/11048\/revisions\/11050"}],"wp:featuredmedia":[{"embeddable":true,"href":"https:\/\/ekamu.net\/index.php\/wp-json\/wp\/v2\/media\/11049"}],"wp:attachment":[{"href":"https:\/\/ekamu.net\/index.php\/wp-json\/wp\/v2\/media?parent=11048"}],"wp:term":[{"taxonomy":"category","embeddable":true,"href":"https:\/\/ekamu.net\/index.php\/wp-json\/wp\/v2\/categories?post=11048"},{"taxonomy":"post_tag","embeddable":true,"href":"https:\/\/ekamu.net\/index.php\/wp-json\/wp\/v2\/tags?post=11048"}],"curies":[{"name":"wp","href":"https:\/\/api.w.org\/{rel}","templated":true}]}}