{"id":110571,"date":"2025-11-13T21:12:13","date_gmt":"2025-11-13T21:12:13","guid":{"rendered":"https:\/\/ekamu.net\/?p=110571"},"modified":"2025-11-13T21:12:13","modified_gmt":"2025-11-13T21:12:13","slug":"yeniden-kullanilabilir-neutron-roketinin-ilk-ucusu-ertelendi","status":"publish","type":"post","link":"https:\/\/ekamu.net\/index.php\/2025\/11\/13\/yeniden-kullanilabilir-neutron-roketinin-ilk-ucusu-ertelendi\/","title":{"rendered":"Yeniden kullan\u0131labilir Neutron roketinin ilk u\u00e7u\u015fu ertelendi"},"content":{"rendered":"<p><figure> <span> <img decoding=\"async\" src=\"https:\/\/ekamu.net\/wp-content\/uploads\/2025\/11\/yeniden-kullanilabilir-neutron-roketinin-ilk-ucusu-ertelendi-0-SZ5lEpxE.jpg\"\/> <\/span> <strong>Rocket Lab<\/strong>, orta s\u0131n\u0131f ta\u015f\u0131ma kapasitesine sahip <strong>Neutron<\/strong> roketinin ilk f\u0131rlatmas\u0131n\u0131 <strong>2026<\/strong> y\u0131l\u0131na erteledi\u011fini duyurdu. \u015eirketin kurucusu ve CEO\u2019su Peter Beck, yapt\u0131\u011f\u0131 a\u00e7\u0131klamada Neutron\u2019un geli\u015ftirme s\u00fcrecinde planl\u0131 ilerleme kaydedilmesine ra\u011fmen ek zamana ihtiya\u00e7 duyuldu\u011funu belirtti. <\/figure>\n<p>Beck, t\u00fcm ana donan\u0131m bile\u015fenlerinin \u00fcretiminin tamamland\u0131\u011f\u0131n\u0131 ve son test a\u015famas\u0131nda olduklar\u0131n\u0131 ifade etti. Ancak m\u00fchendislik ekibinin riskleri ortadan kald\u0131rmak ve Rocket Lab\u2019in titiz s\u00fcre\u00e7lerine ba\u011fl\u0131 kalmak i\u00e7in fazladan zamana ihtiya\u00e7 duydu\u011funu s\u00f6yledi. \u015eirket, roketin <strong>2026\u2019n\u0131n ilk \u00e7eyre\u011finde<\/strong> veya hemen ard\u0131ndan ilk u\u00e7u\u015funu ger\u00e7ekle\u015ftirmesini planl\u0131yor. Rocket Lab i\u00e7in ba\u015far\u0131 kriteri ise ilk denemede y\u00f6r\u00fcngeye ula\u015fmak.<\/p>\n<p><b>Falcon 9\u2019a rakip olacak<\/b><\/p>\n<p>Yakla\u015f\u0131k <strong>43 metre<\/strong> uzunlu\u011fundaki Neutron, Rocket Lab\u2019in tamamen kendi geli\u015ftirdi\u011fi Archimedes motorlar\u0131yla \u00e7al\u0131\u015f\u0131yor. Roketin yeniden kullan\u0131labilir birinci a\u015famas\u0131, okyanus \u00fczerinde bir platforma ini\u015f yapacak \u015fekilde tasarland\u0131. Ancak ilk f\u0131rlatmada bu k\u0131sm\u0131n suya ini\u015f yapmas\u0131 bekleniyor.<\/p>\n<figure> <span> <img decoding=\"async\" src=\"https:\/\/ekamu.net\/wp-content\/uploads\/2025\/11\/yeniden-kullanilabilir-neutron-roketinin-ilk-ucusu-ertelendi-1-inabdYAf.jpg\"\/> <\/span> Neutron, al\u00e7ak D\u00fcnya y\u00f6r\u00fcngesine <strong>13.000 kilogram y\u00fck ta\u015f\u0131ma<\/strong> kapasitesine sahip ve bu da onu <strong>SpaceX\u2019in Falcon 9 roketiyle do\u011frudan rekabet<\/strong> edebilecek konuma getiriyor. Zaten \u015firketin ve roketin ilgi \u00e7ekmesinin nedeni de bu. Zira halihaz\u0131rda SpaceX, neredeyse f\u0131rlatma end\u00fcstrisinde bir tekel haline gelmi\u015f durumda. <\/figure>\n<p>Neutron program\u0131, Rocket Lab\u2019in k\u00fc\u00e7\u00fck uydu f\u0131rlatma \u015firketinden tam kapsaml\u0131 bir uzay hizmet sa\u011flay\u0131c\u0131s\u0131na d\u00f6n\u00fc\u015f\u00fcm\u00fcn\u00fcn temel ad\u0131mlar\u0131ndan biri olarak g\u00f6r\u00fcl\u00fcyor. Bu d\u00f6n\u00fc\u015f\u00fcm\u00fcn bir di\u011fer par\u00e7as\u0131 olan NASA\u2019n\u0131n ESCAPADE Mars g\u00f6revi. Rocket Lab, bu g\u00f6revde Mars y\u00f6r\u00fcngesine g\u00f6nderilecek iki ESCAPADE uydusunu \u00fcretmi\u015fti. \u015eirket ayn\u0131 zamanda k\u00fc\u00e7\u00fck uydu ta\u015f\u0131mac\u0131l\u0131\u011f\u0131 i\u00e7in kulland\u0131\u011f\u0131 Electron roketiyle de yo\u011fun bir d\u00f6nem ge\u00e7iriyor. Beck\u2019in a\u00e7\u0131klamas\u0131na g\u00f6re Rocket Lab, son \u00fc\u00e7 ayda 17 yeni f\u0131rlatma s\u00f6zle\u015fmesi imzalad\u0131. Electron\u2019un 2025\u2019te y\u0131ll\u0131k f\u0131rlatma rekorunu k\u0131rmas\u0131 bekleniyor. \u015eirketin 17. g\u00f6revini bu ay sonu bitmeden ger\u00e7ekle\u015febilir.<\/p>\n\n<p><span style=\"display: block; width: 343.125px; color: rgb(55, 58, 60); font-size: 14px; background-color: rgb(255, 249, 236);\"><\/span><\/p>\n<p>Kaynak :\u00a0<span style=\"background-color: rgb(255, 249, 236); color: rgb(55, 58, 60); font-size: 14px;\">https:\/\/www.donanimhaber.com\/yeniden-kullanilabilir-neutron-roketinin-ilk-ucusu-ertelendi&#8211;198537<\/span><\/p>\n","protected":false},"excerpt":{"rendered":"<p>Rocket Lab, orta s\u0131n\u0131f ta\u015f\u0131ma kapasitesine sahip Neutron roketinin ilk f\u0131rlatmas\u0131n\u0131 2026 y\u0131l\u0131na erteledi\u011fini duyurdu. \u015eirketin kurucusu ve CEO\u2019su Peter Beck, yapt\u0131\u011f\u0131 a\u00e7\u0131klamada Neutron\u2019un geli\u015ftirme s\u00fcrecinde planl\u0131 ilerleme kaydedilmesine ra\u011fmen &#8230;<\/p>\n","protected":false},"author":1,"featured_media":110572,"comment_status":"open","ping_status":"open","sticky":false,"template":"","format":"standard","meta":{"footnotes":""},"categories":[8],"tags":[3633,6552,6551,259],"class_list":["post-110571","post","type-post","status-publish","format-standard","has-post-thumbnail","hentry","category-teknoloji","tag-firlatma","tag-neutron","tag-rocket-lab","tag-sirket"],"_links":{"self":[{"href":"https:\/\/ekamu.net\/index.php\/wp-json\/wp\/v2\/posts\/110571","targetHints":{"allow":["GET"]}}],"collection":[{"href":"https:\/\/ekamu.net\/index.php\/wp-json\/wp\/v2\/posts"}],"about":[{"href":"https:\/\/ekamu.net\/index.php\/wp-json\/wp\/v2\/types\/post"}],"author":[{"embeddable":true,"href":"https:\/\/ekamu.net\/index.php\/wp-json\/wp\/v2\/users\/1"}],"replies":[{"embeddable":true,"href":"https:\/\/ekamu.net\/index.php\/wp-json\/wp\/v2\/comments?post=110571"}],"version-history":[{"count":1,"href":"https:\/\/ekamu.net\/index.php\/wp-json\/wp\/v2\/posts\/110571\/revisions"}],"predecessor-version":[{"id":110575,"href":"https:\/\/ekamu.net\/index.php\/wp-json\/wp\/v2\/posts\/110571\/revisions\/110575"}],"wp:featuredmedia":[{"embeddable":true,"href":"https:\/\/ekamu.net\/index.php\/wp-json\/wp\/v2\/media\/110572"}],"wp:attachment":[{"href":"https:\/\/ekamu.net\/index.php\/wp-json\/wp\/v2\/media?parent=110571"}],"wp:term":[{"taxonomy":"category","embeddable":true,"href":"https:\/\/ekamu.net\/index.php\/wp-json\/wp\/v2\/categories?post=110571"},{"taxonomy":"post_tag","embeddable":true,"href":"https:\/\/ekamu.net\/index.php\/wp-json\/wp\/v2\/tags?post=110571"}],"curies":[{"name":"wp","href":"https:\/\/api.w.org\/{rel}","templated":true}]}}