{"id":110777,"date":"2025-11-15T14:17:26","date_gmt":"2025-11-15T14:17:26","guid":{"rendered":"https:\/\/ekamu.net\/?p=110777"},"modified":"2025-11-15T14:17:26","modified_gmt":"2025-11-15T14:17:26","slug":"amd-islemci-pazarindaki-yukselisini-surduruyor-iste-rakamlar","status":"publish","type":"post","link":"https:\/\/ekamu.net\/index.php\/2025\/11\/15\/amd-islemci-pazarindaki-yukselisini-surduruyor-iste-rakamlar\/","title":{"rendered":"AMD, i\u015flemci pazar\u0131ndaki y\u00fckseli\u015fini s\u00fcrd\u00fcr\u00fcyor: \u0130\u015fte rakamlar"},"content":{"rendered":"<p><figure> <span> <img decoding=\"async\" src=\"https:\/\/ekamu.net\/wp-content\/uploads\/2025\/11\/amd-islemci-pazarindaki-yukselisini-surduruyor-iste-rakamlar-0-fxHAblqT.jpg\"\/> <\/span> AMD, Mercury Research verilerine g\u00f6re 2025\u2019in \u00fc\u00e7\u00fcnc\u00fc \u00e7eyre\u011finde x86 i\u015flemcilerin kullan\u0131ld\u0131\u011f\u0131 hemen her pazarda pay\u0131n\u0131 art\u0131rd\u0131. Intel\u2019in son d\u00f6nemde hem masa\u00fcst\u00fc hem de sunucu taraf\u0131nda rekabet g\u00fcc\u00fc artsa da, AMD\u2019nin b\u00fcy\u00fcme h\u0131z\u0131n\u0131 tamamen durdurmaya yetmedi. AMD&#8217;nin pay\u0131,<strong> toplam x86 i\u015flemci pazar\u0131nda %25\u2019in \u00fczerine \u00e7\u0131kt\u0131, masa\u00fcst\u00fc i\u015flemcilerdeki pazar pay\u0131 ise %33\u2019\u00fc a\u015ft\u0131.<\/strong> <\/figure>\n<p>x86 i\u015flemci sevkiyatlar\u0131 bir \u00f6nceki \u00e7eyrekle neredeyse ayn\u0131 seviyede kald\u0131. PC ve sunucu \u00fcreticileri talebi art\u0131rm\u0131\u015f olsa da bu art\u0131\u015f\u0131n neredeyse tamam\u0131 Intel kaynakl\u0131 d\u00fc\u015f\u00fc\u015f nedeniyle dengelendi. Intel, IoT\/SoC ve giri\u015f seviye mobil i\u015flemcilerde ciddi bir d\u00fc\u015f\u00fc\u015f ya\u015farken, \u00fcretim kapasitesini daha \u00e7ok sunucu i\u015flemcilerine kayd\u0131rd\u0131.\u00a0Buna kar\u015f\u0131l\u0131k, AMD&#8217;nin birim sevkiyatlar\u0131 hafif\u00e7e artt\u0131.<\/p>\n<p>Yaln\u0131zca t\u00fcketici ve sunucu i\u015flemcileri hesaba katt\u0131\u011f\u0131m\u0131zda AMD\u2019nin toplam x86 sevkiyat pay\u0131<strong> %25,6<\/strong>\u2019ya y\u00fckseldi. Bir y\u0131l \u00f6nce bu oran <strong>%24 <\/strong>idi. Intel hala pazar\u0131n \u00e7o\u011funu kontrol etse de (%74,4), \u00f6zellikle baz\u0131 segmentlerde \u00f6nemli kay\u0131plar ya\u015fad\u0131. Konsol i\u015flemcileri, g\u00f6m\u00fcl\u00fc \u00e7\u00f6z\u00fcmler ve IoT \u00e7ipleri de d\u00e2hil edildi\u011finde AMD\u2019nin toplam x86 tabanl\u0131 \u00e7ip pay\u0131 <strong>%30,9\u2019a<\/strong> \u00e7\u0131k\u0131yor. Bu art\u0131\u015f\u0131n bir k\u0131sm\u0131, AMD\u2019nin oyun konsolu SoC sevkiyatlar\u0131ndaki ciddi y\u00fckseli\u015ften kaynakland\u0131.<\/p>\n<p>AMD, g\u00fc\u00e7l\u00fc masa\u00fcst\u00fc ve mobil i\u015flemci portf\u00f6y\u00fc ve Intel\u2019in d\u00fc\u015f\u00fck \u00e7ekirdekli mobil i\u015flemcilerde ya\u015fad\u0131\u011f\u0131 arz sorunlar\u0131 sayesinde, \u00fc\u00e7\u00fcnc\u00fc \u00e7eyrekte hem \u00e7eyreksel hem y\u0131ll\u0131k bazda b\u00fcy\u00fcme g\u00f6sterdi. AMD\u2019nin t\u00fcketici i\u015flemcileri pay\u0131 %25,4\u2019e y\u00fckselirken Intel\u2019in pay\u0131 buna paralel \u015fekilde d\u00fc\u015ft\u00fc.<\/p>\n<p><b>Masa\u00fcst\u00fc pazar\u0131nda AMD rekor k\u0131rd\u0131<\/b><\/p>\n<p><figure> <span> <img decoding=\"async\" src=\"https:\/\/ekamu.net\/wp-content\/uploads\/2025\/11\/amd-islemci-pazarindaki-yukselisini-surduruyor-iste-rakamlar-1-VDGUCfdn.jpg\"\/> <\/span> <\/figure>\n<\/p>\n<p>Her iki \u00fcretici de masa\u00fcst\u00fc i\u015flemci sevkiyatlar\u0131n\u0131 art\u0131rm\u0131\u015f olsa da AMD \u00e7ok daha h\u0131zl\u0131 b\u00fcy\u00fcd\u00fc. Ryzen 9000 serisine y\u00f6nelik ilgi sayesinde<strong> AMD masa\u00fcst\u00fc pazar\u0131nda %33,6 paya ula\u015ft\u0131. <\/strong>Bu, AMD ad\u0131na yeni bir rekor. Intel hala pazar\u0131n \u00e7o\u011funlu\u011fu elinde tutuyor, fakat eski nesil Raptor Lake i\u015flemcilerdeki stok s\u0131k\u0131nt\u0131lar\u0131 ve yeni neslin beklenen etkiyi yaratamamas\u0131 \u015firketin pay kaybetmesine yol a\u00e7t\u0131.<\/p>\n<p>Gelir a\u00e7\u0131s\u0131ndan AMD masa\u00fcst\u00fcnde \u015fimdiye kadarki en iyi \u00e7eyre\u011fini ya\u015fad\u0131. Hem adet baz\u0131nda b\u00fcy\u00fcme hem de \u00fcst segment i\u015flemcilerin yo\u011fun talep g\u00f6rmesi gelir art\u0131\u015f\u0131n\u0131 h\u0131zland\u0131rd\u0131. Intel taraf\u0131nda ise d\u00fc\u015fen birim pay\u0131, gelirlerde de bask\u0131 olu\u015fturdu.<\/p>\n<p><b>Mobil pazarda Intel hala \u00e7ok g\u00fc\u00e7l\u00fc<\/b><\/p>\n<p><figure> <span> <img decoding=\"async\" src=\"https:\/\/ekamu.net\/wp-content\/uploads\/2025\/11\/amd-islemci-pazarindaki-yukselisini-surduruyor-iste-rakamlar-2-gdhciyY9.jpg\"\/> <\/span> <\/figure>\n<\/p>\n<p>2025\u2019in ilk iki \u00e7eyre\u011finde mobil tarafta kay\u0131plar ya\u015fayan AMD, \u00fc\u00e7\u00fcnc\u00fc \u00e7eyrekte Intel\u2019in d\u00fc\u015f\u00fck maliyetli CPU tedarikindeki s\u0131k\u0131nt\u0131lar nedeniyle yeniden pay kazand\u0131. <strong>AMD\u2019nin mobil pay\u0131 %21,9\u2019a y\u00fckseldi.\u00a0<\/strong>Hem Intel hem AMD cephede fiyat a\u00e7\u0131s\u0131ndan avantaj elde etti, fakat arz sorunlar\u0131 nedeniyle orta-\u00fcst segmentte AMD daha fazla kazan\u00e7 sa\u011flad\u0131.<\/p>\n<p><b>Sunucu i\u015flemcilerinde AMD k\u00fc\u00e7\u00fck ad\u0131mlarla y\u00fckseliyor<\/b><\/p>\n<p><figure> <span> <img decoding=\"async\" src=\"https:\/\/ekamu.net\/wp-content\/uploads\/2025\/11\/amd-islemci-pazarindaki-yukselisini-surduruyor-iste-rakamlar-3-mhv7s2zZ.jpg\"\/> <\/span> <\/figure>\n<\/p>\n<p>Toplam sunucu i\u015flemci sevkiyatlar\u0131 \u00fc\u00e7\u00fcnc\u00fc \u00e7eyrekte \u00e7ok fazla de\u011fi\u015fmedi. AMD, pay\u0131nda hafif bir art\u0131\u015f sa\u011flayarak<strong> %27,8\u2019e \u00e7\u0131kt\u0131; Intel ise %72,2\u2019ye geriledi. <\/strong>Bu \u00e7eyrekte as\u0131l fark\u0131 yaratan birim say\u0131s\u0131ndan \u00e7ok \u00fcr\u00fcn da\u011f\u0131l\u0131m\u0131 oldu. AMD\u2019nin EPYC \u201cTurin\u201d i\u015flemcilerine talep artarken, Intel de Xeon 6 ailesiyle fiyatlar\u0131n\u0131 yukar\u0131 \u00e7ekmeyi ba\u015fard\u0131. Gelir taraf\u0131nda ise AMD\u2019nin y\u00fcksek fiyatl\u0131 yeni EPYC platformuna ge\u00e7i\u015fi, \u015firkete yeni bir rekor getirdi. Intel\u2019in gelir art\u0131\u015f\u0131 daha s\u0131n\u0131rl\u0131 kald\u0131.<\/p>\n\n<p><span style=\"display: block; width: 343.125px; color: rgb(55, 58, 60); font-size: 14px; background-color: rgb(255, 249, 236);\"><\/span><\/p>\n<p>Kaynak :\u00a0<span style=\"background-color: rgb(255, 249, 236); color: rgb(55, 58, 60); font-size: 14px;\">https:\/\/www.donanimhaber.com\/amd-islemci-pazarindaki-yukselisini-surduruyor-iste-rakamlar&#8211;198592<\/span><\/p>\n","protected":false},"excerpt":{"rendered":"<p>AMD, Mercury Research verilerine g\u00f6re 2025\u2019in \u00fc\u00e7\u00fcnc\u00fc \u00e7eyre\u011finde x86 i\u015flemcilerin kullan\u0131ld\u0131\u011f\u0131 hemen her pazarda pay\u0131n\u0131 art\u0131rd\u0131. Intel\u2019in son d\u00f6nemde hem masa\u00fcst\u00fc hem de sunucu taraf\u0131nda rekabet g\u00fcc\u00fc artsa da, AMD\u2019nin b\u00fcy\u00fcme h\u0131z\u0131n\u0131 tamamen &#8230;<\/p>\n","protected":false},"author":1,"featured_media":110778,"comment_status":"open","ping_status":"open","sticky":false,"template":"","format":"standard","meta":{"footnotes":""},"categories":[8],"tags":[122,1257,124,2092,85],"class_list":["post-110777","post","type-post","status-publish","format-standard","has-post-thumbnail","hentry","category-teknoloji","tag-amd","tag-intel","tag-islemci","tag-masaustu","tag-pazar"],"_links":{"self":[{"href":"https:\/\/ekamu.net\/index.php\/wp-json\/wp\/v2\/posts\/110777","targetHints":{"allow":["GET"]}}],"collection":[{"href":"https:\/\/ekamu.net\/index.php\/wp-json\/wp\/v2\/posts"}],"about":[{"href":"https:\/\/ekamu.net\/index.php\/wp-json\/wp\/v2\/types\/post"}],"author":[{"embeddable":true,"href":"https:\/\/ekamu.net\/index.php\/wp-json\/wp\/v2\/users\/1"}],"replies":[{"embeddable":true,"href":"https:\/\/ekamu.net\/index.php\/wp-json\/wp\/v2\/comments?post=110777"}],"version-history":[{"count":1,"href":"https:\/\/ekamu.net\/index.php\/wp-json\/wp\/v2\/posts\/110777\/revisions"}],"predecessor-version":[{"id":110783,"href":"https:\/\/ekamu.net\/index.php\/wp-json\/wp\/v2\/posts\/110777\/revisions\/110783"}],"wp:featuredmedia":[{"embeddable":true,"href":"https:\/\/ekamu.net\/index.php\/wp-json\/wp\/v2\/media\/110778"}],"wp:attachment":[{"href":"https:\/\/ekamu.net\/index.php\/wp-json\/wp\/v2\/media?parent=110777"}],"wp:term":[{"taxonomy":"category","embeddable":true,"href":"https:\/\/ekamu.net\/index.php\/wp-json\/wp\/v2\/categories?post=110777"},{"taxonomy":"post_tag","embeddable":true,"href":"https:\/\/ekamu.net\/index.php\/wp-json\/wp\/v2\/tags?post=110777"}],"curies":[{"name":"wp","href":"https:\/\/api.w.org\/{rel}","templated":true}]}}