{"id":111106,"date":"2025-11-18T20:05:03","date_gmt":"2025-11-18T20:05:03","guid":{"rendered":"https:\/\/ekamu.net\/?p=111106"},"modified":"2025-11-18T20:05:03","modified_gmt":"2025-11-18T20:05:03","slug":"spacex-kullanilmis-roketlerle-500-yorunge-gorevi-gerceklestirdi","status":"publish","type":"post","link":"https:\/\/ekamu.net\/index.php\/2025\/11\/18\/spacex-kullanilmis-roketlerle-500-yorunge-gorevi-gerceklestirdi\/","title":{"rendered":"SpaceX, kullan\u0131lm\u0131\u015f roketlerle 500 y\u00f6r\u00fcnge g\u00f6revi ger\u00e7ekle\u015ftirdi"},"content":{"rendered":"<p><figure> <span> <img decoding=\"async\" src=\"https:\/\/ekamu.net\/wp-content\/uploads\/2025\/11\/spacex-kullanilmis-roketlerle-500-yorunge-gorevi-gerceklestirdi-0-ePwFOr8W.jpg\"\/> <\/span> <strong>SpaceX<\/strong>, tarihi bir ba\u015far\u0131ya daha imza atarak <strong>yeniden kullan\u0131labilir roketlerle 500. y\u00f6r\u00fcnge g\u00f6revine<\/strong> imza att\u0131. Kaliforniya\u2019daki Vandenberg Uzay Kuvvetleri \u00dcss\u00fc\u2019nden 17 Kas\u0131m Pazartesi g\u00fcn\u00fc yerel saatle 21:21\u2019de ger\u00e7ekle\u015fen kalk\u0131\u015fta NASA ve ESA\u2019n\u0131n Sentinel-6B okyanus g\u00f6zlem uydusu da ba\u015far\u0131yla y\u00f6r\u00fcngeye yerle\u015ftirildi. \u00d6te yandan g\u00f6revde kullan\u0131lan Falcon 9, \u015fimdiye kadar \u00fc\u00e7 kez yeniden kullan\u0131ld\u0131. <\/figure>\n<p><b>SpaceX tarih yazmaya devam ediyor<\/b><\/p>\n<p>SpaceX, bu \u00f6nemli yeniden kullan\u0131m kilometre ta\u015f\u0131n\u0131 sosyal medya platformu X\u2019te duyurdu. \u015eirketin ba\u015fkan\u0131 ve operasyonlardan sorumlu COO\u2019su Gwynne Shotwell da ba\u015far\u0131y\u0131 \u00f6vg\u00fcyle kar\u015f\u0131lad\u0131. Shotwell, <em>\u201cU\u00e7u\u015fta kendini kan\u0131tlam\u0131\u015f roket iticileriyle 500 g\u00f6revi tamamlayan SpaceX ekibini tebrik ediyorum. Yeniden kullan\u0131labilir roketlerle imkans\u0131z\u0131 m\u00fcmk\u00fcn k\u0131ld\u0131n\u0131z ve Starship ile Ay&#8217;da ve \u00f6tesinde kal\u0131c\u0131 insan varl\u0131\u011f\u0131n\u0131 kurmak i\u00e7in b\u00fcy\u00fck miktarda kargo ve \u00e7ok say\u0131da insan\u0131 oraya ula\u015ft\u0131rman\u0131n yolunu a\u00e7t\u0131n\u0131z\u201d<\/em> dedi.<\/p>\n<p>SpaceX\u2019in geli\u015ftirdi\u011fi tamamen yeniden kullan\u0131labilir Starship, bug\u00fcne kadar 11 kez f\u0131rlat\u0131lm\u0131\u015f olmas\u0131na ra\u011fmen bu say\u0131ya dahil edilmiyor. Starship\u2019in t\u00fcm f\u0131rlatmalar\u0131 \u015fimdilik alt y\u00f6r\u00fcnge test u\u00e7u\u015flar\u0131 olarak s\u0131n\u0131fland\u0131r\u0131l\u0131yor. Starship, insanl\u0131\u011f\u0131 Ay\u2019a ve Mars\u2019a ta\u015f\u0131may\u0131 hedefleyen en b\u00fcy\u00fck ve g\u00fc\u00e7l\u00fc roket olarak \u00f6ne \u00e7\u0131k\u0131yor.<\/p>\n<p>\u00d6te yandan <strong>Sentinel-6B<\/strong>, Avrupa Birli\u011fi\u2019nin Copernicus D\u00fcnya g\u00f6zlem program\u0131 kapsam\u0131nda g\u00f6rev yapacak. Uydu, d\u00fcnya genelindeki <strong>deniz y\u00fczeyi y\u00fcksekli\u011fini<\/strong> y\u00fcksek do\u011frulukla \u00f6l\u00e7erek, 2020\u2019de f\u0131rlat\u0131lan Sentinel-6 Michael Frelich\u2019in \u00e7al\u0131\u015fmalar\u0131n\u0131 s\u00fcrd\u00fcrecek. Copernicus&#8217;un verilerine g\u00f6re son 25 y\u0131lda d\u00fcnya okyanuslar\u0131n\u0131n ortalama y\u00fcksekli\u011fi yakla\u015f\u0131k 10 cm artm\u0131\u015f durumda.<\/p>\n<p>Sentinel-6B, ESA taraf\u0131ndan geli\u015ftirilen radar altimetre cihaz\u0131yla g\u00f6rev yapacak. Uydu ayr\u0131ca, NASA taraf\u0131ndan sa\u011flanan mikrodalga radyometre ile atmosferdeki su miktar\u0131n\u0131 \u00f6l\u00e7erek altimetre verilerinin daha do\u011fru yorumlanmas\u0131n\u0131 sa\u011flayacak. \u0130lk g\u00f6zlem y\u0131l\u0131 boyunca Sentinel-6B, Sentinel-6 Michael Frelich ile birlikte \u00e7al\u0131\u015farak iki cihaz aras\u0131nda hassas \u00e7apraz kalibrasyonla veri do\u011frulu\u011funu art\u0131racak<\/p>\n\n<p><span style=\"display: block; width: 343.125px; color: rgb(55, 58, 60); font-size: 14px; background-color: rgb(255, 249, 236);\"><\/span><\/p>\n<p>Kaynak :\u00a0<span style=\"background-color: rgb(255, 249, 236); color: rgb(55, 58, 60); font-size: 14px;\">https:\/\/www.donanimhaber.com\/spacex-kullanilmis-roketlerle-500-yorunge-gorevi-gerceklestirdi&#8211;198702<\/span><\/p>\n","protected":false},"excerpt":{"rendered":"<p>SpaceX, tarihi bir ba\u015far\u0131ya daha imza atarak yeniden kullan\u0131labilir roketlerle 500. y\u00f6r\u00fcnge g\u00f6revine imza att\u0131. Kaliforniya\u2019daki Vandenberg Uzay Kuvvetleri \u00dcss\u00fc\u2019nden 17 Kas\u0131m Pazartesi g\u00fcn\u00fc yerel saatle 21:21\u2019de ger\u00e7ekle\u015fen kalk\u0131\u015fta NASA ve ESA &#8230;<\/p>\n","protected":false},"author":1,"featured_media":111107,"comment_status":"open","ping_status":"open","sticky":false,"template":"","format":"standard","meta":{"footnotes":""},"categories":[8],"tags":[252,1055,716],"class_list":["post-111106","post","type-post","status-publish","format-standard","has-post-thumbnail","hentry","category-teknoloji","tag-gorev","tag-spacex","tag-yeniden"],"_links":{"self":[{"href":"https:\/\/ekamu.net\/index.php\/wp-json\/wp\/v2\/posts\/111106","targetHints":{"allow":["GET"]}}],"collection":[{"href":"https:\/\/ekamu.net\/index.php\/wp-json\/wp\/v2\/posts"}],"about":[{"href":"https:\/\/ekamu.net\/index.php\/wp-json\/wp\/v2\/types\/post"}],"author":[{"embeddable":true,"href":"https:\/\/ekamu.net\/index.php\/wp-json\/wp\/v2\/users\/1"}],"replies":[{"embeddable":true,"href":"https:\/\/ekamu.net\/index.php\/wp-json\/wp\/v2\/comments?post=111106"}],"version-history":[{"count":1,"href":"https:\/\/ekamu.net\/index.php\/wp-json\/wp\/v2\/posts\/111106\/revisions"}],"predecessor-version":[{"id":111109,"href":"https:\/\/ekamu.net\/index.php\/wp-json\/wp\/v2\/posts\/111106\/revisions\/111109"}],"wp:featuredmedia":[{"embeddable":true,"href":"https:\/\/ekamu.net\/index.php\/wp-json\/wp\/v2\/media\/111107"}],"wp:attachment":[{"href":"https:\/\/ekamu.net\/index.php\/wp-json\/wp\/v2\/media?parent=111106"}],"wp:term":[{"taxonomy":"category","embeddable":true,"href":"https:\/\/ekamu.net\/index.php\/wp-json\/wp\/v2\/categories?post=111106"},{"taxonomy":"post_tag","embeddable":true,"href":"https:\/\/ekamu.net\/index.php\/wp-json\/wp\/v2\/tags?post=111106"}],"curies":[{"name":"wp","href":"https:\/\/api.w.org\/{rel}","templated":true}]}}