{"id":112656,"date":"2025-11-29T19:36:35","date_gmt":"2025-11-29T19:36:35","guid":{"rendered":"https:\/\/ekamu.net\/?p=112656"},"modified":"2025-11-29T19:36:35","modified_gmt":"2025-11-29T19:36:35","slug":"3i-atlas-panigi-sonrasi-gezegen-savunma-sistemlerine-para-akmaya-basladi","status":"publish","type":"post","link":"https:\/\/ekamu.net\/index.php\/2025\/11\/29\/3i-atlas-panigi-sonrasi-gezegen-savunma-sistemlerine-para-akmaya-basladi\/","title":{"rendered":"3I\/ATLAS pani\u011fi sonras\u0131 gezegen savunma sistemlerine para akmaya ba\u015flad\u0131"},"content":{"rendered":"<p><figure> <span> <img decoding=\"async\" src=\"https:\/\/ekamu.net\/wp-content\/uploads\/2025\/11\/3iatlas-panigi-sonrasi-gezegen-savunma-sistemlerine-para-akmaya-basladi-0-x1Qj3qNl.jpg\"\/> <\/span> G\u00fcne\u015f sistemimizin d\u0131\u015f\u0131ndan gelen ve ilk olarak Temmuz ay\u0131nda g\u00f6zlemlenen y\u0131ld\u0131zlararas\u0131 cisim<strong>\u00a03I\/ATLAS<\/strong>, o g\u00fcnden beri g\u00fcndemden d\u00fc\u015fm\u00fcyor. Gerek dizayn edilmi\u015f gibi g\u00f6r\u00fcnen g\u00fczergah\u0131, gerekse al\u0131\u015f\u0131ld\u0131k kuyruklu y\u0131ld\u0131zlara uymayan yap\u0131s\u0131yla kafalar\u0131 kar\u0131\u015ft\u0131ran 3I\/ATLAS, bu sebeple pek \u00e7ok komplo teorisine de konu oluyor. \u00dcstelik bu teoriler akademik \u00e7evrelerde de kar\u015f\u0131l\u0131k buluyor. \u00d6rne\u011fin Harvard \u00dcniversitesi&#8217;nde g\u00f6revli\u00a0g\u00f6kbilimci <strong>Avi Loeb<\/strong>, bunun G\u00fcne\u015f sisteminden ge\u00e7en ve bu s\u0131rada g\u00f6zlem yapan bir uzayl\u0131 arac\u0131 olabilece\u011fini \u00f6ne s\u00fcr\u00fcyor. Bilim d\u00fcnyas\u0131n\u0131n geneli bu fikre kar\u015f\u0131 \u00e7\u0131k\u0131yor olsa da ortaya at\u0131lan bu senaryolar devlet y\u00f6neticilerini de endi\u015felendirmi\u015f gibi duruyor. Zira 3I\/ATLAS sonras\u0131 uzay savunma sistemlerine yap\u0131lan yat\u0131r\u0131mlarda kayda de\u011fer bir art\u0131\u015f ya\u015fand\u0131\u011f\u0131 g\u00f6r\u00fcl\u00fcyor. <\/figure>\n<p><b>Avrupa Uzay Ajans\u0131 (ESA), G\u00f6zlem B\u00fct\u00e7esini Y\u00fczde 30 Artt\u0131r\u0131yor<\/b><\/p>\n<p><strong>Avrupa Uzay Ajans\u0131\u2019n\u0131n (ESA)<\/strong> bu hafta Bremen\u2019de yapt\u0131\u011f\u0131 toplant\u0131da a\u00e7\u0131klad\u0131\u011f\u0131 yeni b\u00fct\u00e7e de bu tabloyu do\u011frular nitelikte. \u00dcye \u00fclkeler, ajans\u0131n gelecek \u00fc\u00e7 y\u0131l i\u00e7in kullanaca\u011f\u0131 toplam <strong>22,1 milyar avroluk<\/strong> rekor bir harcama paketini onaylad\u0131. Bu rakam, ESA tarihindeki en y\u00fcksek b\u00fct\u00e7e olmas\u0131n\u0131n yan\u0131 s\u0131ra \u00f6nceki d\u00f6neme k\u0131yasla <strong>%30\u2019luk bir art\u0131\u015f\u0131 temsil ediyor<\/strong>.<\/p>\n<p>ESA\u2019n\u0131n a\u00e7\u0131klad\u0131\u011f\u0131 yeni b\u00fct\u00e7e kapsam\u0131nda, 1,35 milyar avroluk <strong>Avrupa Uzay Tabanl\u0131 Savunma Program\u0131<\/strong> (European Resilience from Space Program) da devreye al\u0131nacak. Bu program, hem uydular \u00fczerinden sa\u011flanan g\u00fcvenli haberle\u015fmeyi g\u00fc\u00e7lendirmeyi hem de <strong>potansiyel uzay tehditlerini erken tespit edebilecek altyap\u0131lar\u0131 geli\u015ftirmeyi hedefliyor. <\/strong>Ayr\u0131ca 2029\u2019da Apophis\u2019e g\u00f6nderilecek RAMSES g\u00f6revi gibi kritik savunma projeleri de h\u0131z kesmeden devam edecek.<\/p>\n<p>B\u00fct\u00e7e art\u0131\u015f\u0131n\u0131n zamanlamas\u0131 dikkat \u00e7ekici: Karar\u0131n al\u0131nmas\u0131ndan sadece bir g\u00fcn sonra Birle\u015fmi\u015f Milletler\u2019e ba\u011fl\u0131<strong> Uluslararas\u0131 Asteroit Uyar\u0131 A\u011f\u0131 (IAWN), 3I\/ATLAS merkezli iki ay s\u00fcrecek k\u00fcresel bir savunma tatbikat\u0131 ba\u015flatt\u0131.<\/strong> Tatbikat, G\u00fcne\u015f sistemine y\u0131ld\u0131zlararas\u0131 bir cisim girdi\u011finde d\u00fcnyan\u0131n nas\u0131l koordineli hareket etmesi gerekti\u011fini test etmek i\u00e7in kurgulanan en kapsaml\u0131 projelerden biri olacak.<\/p>\n<p>3I\/ATLAS, Aral\u0131k sonunda D\u00fcnya\u2019ya <strong>270 milyon kilometre<\/strong> kadar yakla\u015facak olsa da herhangi bir \u00e7arpma riski bulunmuyor. Buna ra\u011fmen y\u00fczlerce kurumun bu olay\u0131 ger\u00e7ek zamanl\u0131 olarak takip etmesi, gelecekte daha tehlikeli olabilecek nesnelere kar\u015f\u0131 haz\u0131rl\u0131k seviyesinin y\u00fckseltilmesi a\u00e7\u0131s\u0131ndan b\u00fcy\u00fck \u00f6nem ta\u015f\u0131yor. \u00d6zellikle veri toplama, y\u00f6r\u00fcnge hesaplama, uluslararas\u0131 ileti\u015fim protokolleri ve erken uyar\u0131 mekanizmalar\u0131 bu tatbikat\u0131n temel odaklar\u0131 olacak.<\/p>\n\n<p><span style=\"display: block; width: 343.125px; color: rgb(55, 58, 60); font-size: 14px; background-color: rgb(255, 249, 236);\"><\/span><\/p>\n<p>Kaynak :\u00a0<span style=\"background-color: rgb(255, 249, 236); color: rgb(55, 58, 60); font-size: 14px;\">https:\/\/www.donanimhaber.com\/3i-atlas-sonrasi-uzay-savunma-butcelerinde-patlama-yasaniyor&#8211;199151<\/span><\/p>\n","protected":false},"excerpt":{"rendered":"<p>G\u00fcne\u015f sistemimizin d\u0131\u015f\u0131ndan gelen ve ilk olarak Temmuz ay\u0131nda g\u00f6zlemlenen y\u0131ld\u0131zlararas\u0131 cisim\u00a03I\/ATLAS, o g\u00fcnden beri g\u00fcndemden d\u00fc\u015fm\u00fcyor. Gerek dizayn edilmi\u015f gibi g\u00f6r\u00fcnen g\u00fczergah\u0131, gerekse al\u0131\u015f\u0131ld\u0131k kuyruklu y\u0131ld\u0131zlara uymayan yap\u0131s\u0131yla &#8230;<\/p>\n","protected":false},"author":1,"featured_media":0,"comment_status":"open","ping_status":"open","sticky":false,"template":"","format":"standard","meta":{"footnotes":""},"categories":[8],"tags":[6416,859,301,984],"class_list":["post-112656","post","type-post","status-publish","format-standard","hentry","category-teknoloji","tag-3i-atlas","tag-butce","tag-gun","tag-uzay"],"_links":{"self":[{"href":"https:\/\/ekamu.net\/index.php\/wp-json\/wp\/v2\/posts\/112656","targetHints":{"allow":["GET"]}}],"collection":[{"href":"https:\/\/ekamu.net\/index.php\/wp-json\/wp\/v2\/posts"}],"about":[{"href":"https:\/\/ekamu.net\/index.php\/wp-json\/wp\/v2\/types\/post"}],"author":[{"embeddable":true,"href":"https:\/\/ekamu.net\/index.php\/wp-json\/wp\/v2\/users\/1"}],"replies":[{"embeddable":true,"href":"https:\/\/ekamu.net\/index.php\/wp-json\/wp\/v2\/comments?post=112656"}],"version-history":[{"count":1,"href":"https:\/\/ekamu.net\/index.php\/wp-json\/wp\/v2\/posts\/112656\/revisions"}],"predecessor-version":[{"id":112658,"href":"https:\/\/ekamu.net\/index.php\/wp-json\/wp\/v2\/posts\/112656\/revisions\/112658"}],"wp:attachment":[{"href":"https:\/\/ekamu.net\/index.php\/wp-json\/wp\/v2\/media?parent=112656"}],"wp:term":[{"taxonomy":"category","embeddable":true,"href":"https:\/\/ekamu.net\/index.php\/wp-json\/wp\/v2\/categories?post=112656"},{"taxonomy":"post_tag","embeddable":true,"href":"https:\/\/ekamu.net\/index.php\/wp-json\/wp\/v2\/tags?post=112656"}],"curies":[{"name":"wp","href":"https:\/\/api.w.org\/{rel}","templated":true}]}}