{"id":113146,"date":"2025-12-03T12:40:10","date_gmt":"2025-12-03T12:40:10","guid":{"rendered":"https:\/\/ekamu.net\/?p=113146"},"modified":"2025-12-03T12:40:10","modified_gmt":"2025-12-03T12:40:10","slug":"amd-radeon-gpularda-fiyat-artisi-kapida","status":"publish","type":"post","link":"https:\/\/ekamu.net\/index.php\/2025\/12\/03\/amd-radeon-gpularda-fiyat-artisi-kapida\/","title":{"rendered":"AMD Radeon GPU\u2019larda fiyat art\u0131\u015f\u0131 kap\u0131da"},"content":{"rendered":"<p><figure> <span> <img decoding=\"async\" src=\"https:\/\/ekamu.net\/wp-content\/uploads\/2025\/12\/amd-radeon-gpularda-fiyat-artisi-kapida-0-JDuEWn9L.jpg\"\/> <\/span> Bilgisayar donan\u0131m pazar\u0131m son derece k\u00f6t\u00fc ve endi\u015fe verici bir d\u00f6nemden ge\u00e7iyor. Artan RAM ve di\u011fer bellek fiyatlar\u0131 zaten bir\u00e7ok \u00fcr\u00fcnde fiyatlar\u0131 yukar\u0131 \u00e7ekmi\u015fken daha fazla fiyat art\u0131\u015f\u0131 da kap\u0131da. <strong>AMD<\/strong> taraf\u0131ndan gelen yeni raporlara g\u00f6re \u015firket, <strong>Radeon<\/strong> ekran kartlar\u0131nda \u00f6nemli fiyat art\u0131\u015flar\u0131 planl\u0131yor. AMD\u2019nin i\u015flemci fiyatlar\u0131n\u0131 da sessizce art\u0131rd\u0131\u011f\u0131 belirtiliyor. <\/figure>\n<p><b>Fiyatlardaki art\u0131\u015f s\u00fcrecek<\/b><\/p>\n<p>Payla\u015f\u0131lan bilgilere g\u00f6re AMD, 8GB VRAM\u2019e sahip modellerde <strong>20 dolar<\/strong>, 16GB modellerde ise <strong>40 dolarl\u0131k fiyat art\u0131\u015f\u0131<\/strong> yapacak. Bu art\u0131\u015f, kartlar\u0131n \u00fcreticiye sat\u0131\u015f fiyat\u0131n\u0131 etkileyen GPU ve bellek paketlemelerini kaps\u0131yor.<\/p>\n<p>Bu art\u0131\u015flar\u0131n perakende sat\u0131\u015f fiyatlar\u0131na da yans\u0131mas\u0131 bekleniyor. \u00c7in\u2019de yakla\u015f\u0131k 300 RMB (yakla\u015f\u0131k 40 dolar) ve 600 RMB (yakla\u015f\u0131k 85 dolar) seviyesinde fiyat art\u0131\u015flar\u0131 \u00f6ng\u00f6r\u00fcl\u00fcyor. Spesifik modeller belirtilmese de RDNA 4 mimarisine sahip t\u00fcm Radeon serisi i\u00e7in ge\u00e7erli olmas\u0131 muhtemel.<\/p>\n<p>Uzmanlar, bellek s\u0131k\u0131nt\u0131s\u0131 ve fiyat krizinin <strong>2026\u2019ya do\u011fru daha da derinle\u015fece\u011fini<\/strong> \u00f6ng\u00f6r\u00fcyor. Bu durumun, t\u00fcketici PC pazar\u0131nda sat\u0131\u015flar\u0131 olumsuz etkileyebilece\u011fi belirtiliyor. \u00d6zellikle RAM ve SSD fiyatlar\u0131n\u0131n artmas\u0131yla PC bile\u015fen maliyetlerinin y\u00fckselmesi bekleniyor.<\/p>\n\n<p><span style=\"display: block; width: 343.125px; color: rgb(55, 58, 60); font-size: 14px; background-color: rgb(255, 249, 236);\"><\/span><\/p>\n<p>Kaynak :\u00a0<span style=\"background-color: rgb(255, 249, 236); color: rgb(55, 58, 60); font-size: 14px;\">https:\/\/www.donanimhaber.com\/amd-radeon-gpu-larda-fiyat-artisi-kapida&#8211;199274<\/span><\/p>\n","protected":false},"excerpt":{"rendered":"<p>Bilgisayar donan\u0131m pazar\u0131m son derece k\u00f6t\u00fc ve endi\u015fe verici bir d\u00f6nemden ge\u00e7iyor. Artan RAM ve di\u011fer bellek fiyatlar\u0131 zaten bir\u00e7ok \u00fcr\u00fcnde fiyatlar\u0131 yukar\u0131 \u00e7ekmi\u015fken daha fazla fiyat art\u0131\u015f\u0131 da kap\u0131da. AMD taraf\u0131ndan gelen yeni raporlara g\u00f6re &#8230;<\/p>\n","protected":false},"author":1,"featured_media":113147,"comment_status":"open","ping_status":"open","sticky":false,"template":"","format":"standard","meta":{"footnotes":""},"categories":[8],"tags":[477,116,1587],"class_list":["post-113146","post","type-post","status-publish","format-standard","has-post-thumbnail","hentry","category-teknoloji","tag-artis","tag-fiyat","tag-fiyatlari"],"_links":{"self":[{"href":"https:\/\/ekamu.net\/index.php\/wp-json\/wp\/v2\/posts\/113146","targetHints":{"allow":["GET"]}}],"collection":[{"href":"https:\/\/ekamu.net\/index.php\/wp-json\/wp\/v2\/posts"}],"about":[{"href":"https:\/\/ekamu.net\/index.php\/wp-json\/wp\/v2\/types\/post"}],"author":[{"embeddable":true,"href":"https:\/\/ekamu.net\/index.php\/wp-json\/wp\/v2\/users\/1"}],"replies":[{"embeddable":true,"href":"https:\/\/ekamu.net\/index.php\/wp-json\/wp\/v2\/comments?post=113146"}],"version-history":[{"count":1,"href":"https:\/\/ekamu.net\/index.php\/wp-json\/wp\/v2\/posts\/113146\/revisions"}],"predecessor-version":[{"id":113149,"href":"https:\/\/ekamu.net\/index.php\/wp-json\/wp\/v2\/posts\/113146\/revisions\/113149"}],"wp:featuredmedia":[{"embeddable":true,"href":"https:\/\/ekamu.net\/index.php\/wp-json\/wp\/v2\/media\/113147"}],"wp:attachment":[{"href":"https:\/\/ekamu.net\/index.php\/wp-json\/wp\/v2\/media?parent=113146"}],"wp:term":[{"taxonomy":"category","embeddable":true,"href":"https:\/\/ekamu.net\/index.php\/wp-json\/wp\/v2\/categories?post=113146"},{"taxonomy":"post_tag","embeddable":true,"href":"https:\/\/ekamu.net\/index.php\/wp-json\/wp\/v2\/tags?post=113146"}],"curies":[{"name":"wp","href":"https:\/\/api.w.org\/{rel}","templated":true}]}}