{"id":113396,"date":"2025-12-04T19:56:12","date_gmt":"2025-12-04T19:56:12","guid":{"rendered":"https:\/\/ekamu.net\/?p=113396"},"modified":"2025-12-04T19:56:12","modified_gmt":"2025-12-04T19:56:12","slug":"japonyada-karayollari-yenilenebilir-enerji-planinin-parcasi-oluyor","status":"publish","type":"post","link":"https:\/\/ekamu.net\/index.php\/2025\/12\/04\/japonyada-karayollari-yenilenebilir-enerji-planinin-parcasi-oluyor\/","title":{"rendered":"Japonya\u2019da karayollar\u0131 yenilenebilir enerji plan\u0131n\u0131n par\u00e7as\u0131 oluyor"},"content":{"rendered":"<p><figure> <span> <img decoding=\"async\" src=\"https:\/\/ekamu.net\/wp-content\/uploads\/2025\/12\/japonyada-karayollari-yenilenebilir-enerji-planinin-parcasi-oluyor-0-2kYb73gF.jpg\"\/> <\/span> <strong>Japonya<\/strong>, <strong>karayolu<\/strong> altyap\u0131s\u0131n\u0131 <strong>yenilenebilir enerji<\/strong> \u00fcretimine entegre etmeye y\u00f6nelik \u00e7al\u0131\u015fmalar\u0131n\u0131 h\u0131zland\u0131r\u0131yor. \u00dclkenin Kara, Altyap\u0131, Ula\u015ft\u0131rma ve Turizm Bakanl\u0131\u011f\u0131 (MLIT), yol y\u00fczeyine <strong>entegre<\/strong> <strong>g\u00fcne\u015f paneli<\/strong> teknolojileri i\u00e7in yeni bir \u00e7a\u011fr\u0131 ba\u015flatt\u0131\u011f\u0131n\u0131 duyurdu. <\/figure>\n<p>Ba\u015fvuru s\u00fcreciyle birlikte bu sistemlerin ger\u00e7ek kullan\u0131m ko\u015fullar\u0131na yak\u0131n ortamlarda test edilmesi hedefleniyor. Bakanl\u0131k, \u00f6nceki denemelerde ara\u00e7 ge\u00e7i\u015finin yaratt\u0131\u011f\u0131 a\u011f\u0131r y\u00fck nedeniyle y\u00fczeylerde \u00e7atlak olu\u015ftu\u011funun tespit edildi\u011fini ve bu nedenle yeni saha testlerinin yaln\u0131zca yaya kullan\u0131m\u0131na a\u00e7\u0131k, hafif y\u00fckl\u00fc alanlarda yap\u0131laca\u011f\u0131n\u0131 belirtti.<\/p>\n<p><b>Yollarda da enerji \u00fcretilecek<\/b><\/p>\n<p>Yeni program kapsam\u0131nda, PV panellerinin performans\u0131, dayan\u0131kl\u0131l\u0131\u011f\u0131 ve \u00fcretim verimlili\u011fi, \u00f6zellikle yol kenar\u0131ndaki tesislerde uygulanacak projelerle \u00f6l\u00e7\u00fclecek. Bu alanlarda \u00fcretilecek elektrikle toplumsal kullan\u0131m senaryolar\u0131 da sim\u00fcle edilecek. B\u00f6ylece <strong>ayd\u0131nlatma, k\u00fc\u00e7\u00fck \u00f6l\u00e7ekli \u015farj \u00fcniteleri ve di\u011fer yerel enerji ihtiya\u00e7lar\u0131n\u0131n<\/strong> nas\u0131l kar\u015f\u0131lanabilece\u011fi de\u011ferlendirilecek.<\/p>\n<p>Japonya\u2019da yol y\u00fczeyine ve yol kenar\u0131na entegre g\u00fcne\u015f enerjisi uygulamalar\u0131 giderek g\u00fc\u00e7 kazan\u0131yor. Hafta i\u00e7inde AirWater ile Luxor Solar, Almanya merkezli Luxor Solar GmbH\u2019nin Japonya kolu, \u00fclkedeki baz\u0131 otoparklara dikey PV sistemleri kurduklar\u0131n\u0131 ve bunlar\u0131 enerji sat\u0131n alma anla\u015fmalar\u0131 (PPA) kapsam\u0131nda i\u015fletmeye ald\u0131klar\u0131n\u0131 a\u00e7\u0131klad\u0131. Bu e\u011filim yaln\u0131zca Japonya ile s\u0131n\u0131rl\u0131 de\u011fil, Avrupa\u2019da da benzer projeler h\u0131zla yay\u0131l\u0131yor. L\u00fcksemburg, kas\u0131m ay\u0131nda otoyol kenar\u0131nda g\u00fcne\u015f enerjisine izin veren yeni d\u00fczenlemelerini y\u00fcr\u00fcrl\u00fc\u011fe soktu. Polonya ise y\u0131l ortas\u0131nda b\u00fcy\u00fck otoyollar\u0131n yan\u0131nda PV dizileri test etmeye ba\u015flad\u0131.<\/p>\n<p>D\u00fcnyan\u0131n farkl\u0131 b\u00f6lgelerinde de ula\u015f\u0131m altyap\u0131s\u0131na g\u00fcne\u015f enerjisi entegre etme \u00e7abalar\u0131 dikkat \u00e7ekiyor. A\u011fustos ay\u0131nda Ko-Solar ile Almanya merkezli R. Kohlhauer, ABD\u2019de otoyol koridorlar\u0131 boyunca PV entegre g\u00fcr\u00fclt\u00fc bariyerleri in\u015fa etmeyi planlad\u0131klar\u0131n\u0131 a\u00e7\u0131klad\u0131. \u00c7in\u2019de ise eyalet y\u00f6netimleri, t\u00fcneller, servis alanlar\u0131 ve yol yama\u00e7lar\u0131 dahil olmak \u00fczere geni\u015f bir a\u011f boyunca g\u00fcne\u015f kurulumlar\u0131n\u0131 h\u0131zla art\u0131r\u0131yor.<\/p>\n\n<p><span style=\"display: block; width: 343.125px; color: rgb(55, 58, 60); font-size: 14px; background-color: rgb(255, 249, 236);\"><\/span><\/p>\n<p>Kaynak :\u00a0<span style=\"background-color: rgb(255, 249, 236); color: rgb(55, 58, 60); font-size: 14px;\">https:\/\/www.donanimhaber.com\/japonya-da-yollar-yenilenebilir-enerji-planinin-parcasi-oluyor&#8211;199329<\/span><\/p>\n","protected":false},"excerpt":{"rendered":"<p>Japonya, karayolu altyap\u0131s\u0131n\u0131 yenilenebilir enerji \u00fcretimine entegre etmeye y\u00f6nelik \u00e7al\u0131\u015fmalar\u0131n\u0131 h\u0131zland\u0131r\u0131yor. \u00dclkenin Kara, Altyap\u0131, Ula\u015ft\u0131rma ve Turizm Bakanl\u0131\u011f\u0131 (MLIT), yol y\u00fczeyine entegre g\u00fcne\u015f paneli teknolojileri i\u00e7in yeni bir \u00e7a\u011fr\u0131 &#8230;<\/p>\n","protected":false},"author":1,"featured_media":113397,"comment_status":"open","ping_status":"open","sticky":false,"template":"","format":"standard","meta":{"footnotes":""},"categories":[8],"tags":[137,6731,469,354],"class_list":["post-113396","post","type-post","status-publish","format-standard","has-post-thumbnail","hentry","category-teknoloji","tag-enerji","tag-entegre","tag-gunes","tag-yol"],"_links":{"self":[{"href":"https:\/\/ekamu.net\/index.php\/wp-json\/wp\/v2\/posts\/113396","targetHints":{"allow":["GET"]}}],"collection":[{"href":"https:\/\/ekamu.net\/index.php\/wp-json\/wp\/v2\/posts"}],"about":[{"href":"https:\/\/ekamu.net\/index.php\/wp-json\/wp\/v2\/types\/post"}],"author":[{"embeddable":true,"href":"https:\/\/ekamu.net\/index.php\/wp-json\/wp\/v2\/users\/1"}],"replies":[{"embeddable":true,"href":"https:\/\/ekamu.net\/index.php\/wp-json\/wp\/v2\/comments?post=113396"}],"version-history":[{"count":1,"href":"https:\/\/ekamu.net\/index.php\/wp-json\/wp\/v2\/posts\/113396\/revisions"}],"predecessor-version":[{"id":113399,"href":"https:\/\/ekamu.net\/index.php\/wp-json\/wp\/v2\/posts\/113396\/revisions\/113399"}],"wp:featuredmedia":[{"embeddable":true,"href":"https:\/\/ekamu.net\/index.php\/wp-json\/wp\/v2\/media\/113397"}],"wp:attachment":[{"href":"https:\/\/ekamu.net\/index.php\/wp-json\/wp\/v2\/media?parent=113396"}],"wp:term":[{"taxonomy":"category","embeddable":true,"href":"https:\/\/ekamu.net\/index.php\/wp-json\/wp\/v2\/categories?post=113396"},{"taxonomy":"post_tag","embeddable":true,"href":"https:\/\/ekamu.net\/index.php\/wp-json\/wp\/v2\/tags?post=113396"}],"curies":[{"name":"wp","href":"https:\/\/api.w.org\/{rel}","templated":true}]}}