{"id":113443,"date":"2025-12-05T09:24:10","date_gmt":"2025-12-05T09:24:10","guid":{"rendered":"https:\/\/ekamu.net\/?p=113443"},"modified":"2025-12-05T09:24:10","modified_gmt":"2025-12-05T09:24:10","slug":"aselsandan-saglikta-atak-kalp-cihazlari-sokaklarda-rontgen-cihazlari-hastanelerde","status":"publish","type":"post","link":"https:\/\/ekamu.net\/index.php\/2025\/12\/05\/aselsandan-saglikta-atak-kalp-cihazlari-sokaklarda-rontgen-cihazlari-hastanelerde\/","title":{"rendered":"Aselsan\u2019dan sa\u011fl\u0131kta atak: Kalp cihazlar\u0131 sokaklarda, r\u00f6ntgen cihazlar\u0131 hastanelerde"},"content":{"rendered":"<p><figure> <span> <img decoding=\"async\" src=\"https:\/\/ekamu.net\/wp-content\/uploads\/2025\/12\/aselsandan-saglikta-atak-kalp-cihazlari-sokaklarda-rontgen-cihazlari-hastanelerde-0-XUvfsSdd.jpg\"\/> <\/span> T\u00fcrkiye\u2019de sa\u011fl\u0131k teknolojilerine y\u00f6nelik yerli \u00fcretim hamleleri yeni bir e\u015fi\u011fe ta\u015f\u0131n\u0131yor. Sa\u011fl\u0131k Bakan\u0131 <strong>Kemal Memi\u015fo\u011flu<\/strong>, hem hayati ekipmanlarda d\u0131\u015fa ba\u011f\u0131ml\u0131l\u0131\u011f\u0131n azalaca\u011f\u0131n\u0131 hem de kritik cihazlar\u0131n yak\u0131n d\u00f6nemde sahada kullan\u0131lmaya ba\u015flayaca\u011f\u0131n\u0131 duyurdu. Bakan, <strong>2026\u2019da ilk yerli kalp akci\u011fer<\/strong> makinesinin hastanelerde hizmete girece\u011fini, ayn\u0131 y\u0131l kanser ila\u00e7lar\u0131 ve \u00e7e\u015fitli molek\u00fcler ila\u00e7lar\u0131n yerli \u00fcretimle hastalara sunulaca\u011f\u0131n\u0131 a\u00e7\u0131klad\u0131. Memi\u015fo\u011flu ayr\u0131ca ani kalp durmalar\u0131nda kullan\u0131lan <strong>otomatik eksternal defibrilat\u00f6r<\/strong> (OED) cihazlar\u0131n\u0131n da tamamen yerli olarak \u00fcretildi\u011fini belirterek bu cihazlar\u0131n kamusal alanlarda eri\u015filebilir hale getirilece\u011fini s\u00f6yledi. <\/figure>\n<p><b>Ankara\u2019da 25 yere OED yerle\u015ftirildi<\/b><\/p>\n<p>Bu kapsamda <strong>Ankara\u2019da 25 farkl\u0131 noktaya<\/strong> yerli \u00fcretim <strong>Otomatik Eksternal Defibrilat\u00f6r<\/strong> (OED) <strong>yerle\u015ftirildi<\/strong>. Sa\u011fl\u0131k Bakanl\u0131\u011f\u0131 ile ASELSAN\u2019\u0131n ortak \u00e7al\u0131\u015fmas\u0131yla geli\u015ftirilen cihazlar, ani kalp durmalar\u0131nda acil ekipler ula\u015fana kadar ge\u00e7en kritik s\u00fcrede vatanda\u015flar\u0131n h\u0131zl\u0131 m\u00fcdahale edebilmesini ama\u00e7l\u0131yor. OED\u2019ler, anl\u0131k konum takibi, batarya seviyesi izleme ve aktiflik durumu denetimi gibi \u00f6zellikleri sayesinde <strong>7 g\u00fcn 24 saat<\/strong> Bakanl\u0131k taraf\u0131ndan takip ediliyor. Bu sistemle cihazlar\u0131n her an kullan\u0131labilir durumda olmas\u0131 garanti alt\u0131nda tutuluyor.<\/p>\n<figure> <span> <img decoding=\"async\" src=\"https:\/\/ekamu.net\/wp-content\/uploads\/2025\/12\/aselsandan-saglikta-atak-kalp-cihazlari-sokaklarda-rontgen-cihazlari-hastanelerde-1-QeX1ZOp7.jpg\"\/> <\/span> SB\u00dc G\u00fclhane E\u011fitim ve Ara\u015ft\u0131rma Hastanesi Ba\u015fhekim Yard\u0131mc\u0131s\u0131 Dr. \u00d6\u011fr. \u00dcyesi Bensu Bulut, cihazlar\u0131n kullan\u0131m\u0131n\u0131 herkesin rahatl\u0131kla anlayabilece\u011fi bi\u00e7imde tasarland\u0131\u011f\u0131n\u0131 belirtti. OED\u2019nin kalp ritmini analiz eden ve uygun ritim tespit edildi\u011finde otomatik \u015fok verebilen bir yap\u0131da oldu\u011funu s\u00f6yleyen Bulut, sesli ve g\u00f6rsel y\u00f6nlendirmelerin ad\u0131m ad\u0131m uygulamay\u0131 destekledi\u011fini vurgulad\u0131. T\u0131bbi e\u011fitimi olmayan ki\u015filerin de g\u00fcvenle kullanabilece\u011fi bu yap\u0131 sayesinde, ani kalp durmas\u0131 ya\u015fayan bir ki\u015fiye olay yerindeki herhangi bir vatanda\u015f taraf\u0131ndan h\u0131zl\u0131 \u015fekilde m\u00fcdahale edilebiliyor. <\/figure>\n<p><b>Aselsan r\u00f6ntgen cihazlar\u0131 teslim edildi<\/b><\/p>\n<figure> <span> <img decoding=\"async\" src=\"https:\/\/ekamu.net\/wp-content\/uploads\/2025\/12\/aselsandan-saglikta-atak-kalp-cihazlari-sokaklarda-rontgen-cihazlari-hastanelerde-2-kZuQaXsY.jpg\"\/> <\/span> ASELSAN Genel M\u00fcd\u00fcr\u00fc <strong>Ahmet Akyol<\/strong> ise \u015firketin sa\u011fl\u0131k teknolojilerindeki b\u00fcy\u00fcmesinin yeni bir a\u015famaya ge\u00e7ti\u011fini vurgulad\u0131. Akyol, <strong>mobil dijital r\u00f6ntgen<\/strong> cihazlar\u0131 i\u00e7in d\u00fczenlenen teslimat t\u00f6reninde yapt\u0131\u011f\u0131 a\u00e7\u0131klamada <em>\u201cMilletimize \u015fifa da\u011f\u0131tan hastanelerimizde de ASELSAN imzal\u0131 r\u00f6ntgen cihazlar\u0131 g\u00f6recek olman\u0131n gururunu ya\u015f\u0131yoruz\u201d<\/em> ifadelerini kulland\u0131. 30 tane mobil r\u00f6ntgen cihaz\u0131n\u0131 teslim edildi. <strong>HealthView ADR-100M ve ADR-M100<\/strong> olarak adland\u0131r\u0131lan mobil dijital r\u00f6ntgen cihazlar\u0131, y\u00fcksek \u00e7\u00f6z\u00fcn\u00fcrl\u00fckl\u00fc dijital g\u00f6r\u00fcnt\u00fcleme, d\u00fc\u015f\u00fck radyasyon seviyesi ve duvar arkas\u0131ndan \u00e7ekim gibi \u00f6zellikleriyle uluslararas\u0131 alanda rekabet edebilecek bir teknik seviyeye sahip. <\/figure>\n<p>ASELSAN\u2019\u0131n geli\u015ftirdi\u011fi mobil r\u00f6ntgen cihaz\u0131, 5 y\u0131ll\u0131k bir Ar-Ge s\u00fcrecinin \u00fcr\u00fcn\u00fc ve 2 bin 100\u2019den fazla bile\u015fen i\u00e7eriyor. Cihaz\u0131n t\u00fcm tasar\u0131m bilgi birikimi ASELSAN\u2019a ait. K\u0131sa vadede, T\u00fcrkiye Sa\u011fl\u0131k Enstit\u00fcleri Ba\u015fkanl\u0131\u011f\u0131 (T\u00dcSEB) ile yap\u0131lacak \u00e7al\u0131\u015fmalarla cihazlara <strong>yerli yapay zeka destekli karar destek yaz\u0131l\u0131m\u0131<\/strong> entegre edilecek. B\u00f6ylece acil servislerde g\u00f6r\u00fcnt\u00fclerin \u00f6n de\u011ferlendirilmesi h\u0131zlanacak. Ayr\u0131ca cihazda kullan\u0131lan y\u00fcksek gerilim jenerat\u00f6r\u00fc ile g\u00f6r\u00fcnt\u00fc i\u015fleme algoritmalar\u0131n\u0131n da \u00f6n\u00fcm\u00fczdeki y\u0131llarda tamamen yerli \u00fcretime ge\u00e7mesi hedefleniyor.<\/p>\n<p>Akyol, ventilat\u00f6r ve OED \u00fcretiminde gelinen noktaya da dikkat \u00e7ekerek, bug\u00fcne kadar \u00fcretilen 27 binden fazla ventilat\u00f6r ve OED cihaz\u0131n\u0131n yar\u0131s\u0131n\u0131n 26 \u00fclkeye ihra\u00e7 edildi\u011fini aktard\u0131. \u00d6n\u00fcm\u00fczdeki y\u0131l d\u00fcnyada yaln\u0131zca birka\u00e7 firman\u0131n \u00fcretti\u011fi kalp akci\u011fer makinesi ile manuel defibrilat\u00f6r\u00fcn seri \u00fcretimine ba\u015flanaca\u011f\u0131n\u0131 belirten Akyol, 2030\u2019a kadar en az 11 yeni t\u0131bbi cihaz\u0131n yerli olarak geli\u015ftirilmesini planlad\u0131klar\u0131n\u0131 s\u00f6yledi.<\/p>\n\n<p><span style=\"display: block; width: 343.125px; color: rgb(55, 58, 60); font-size: 14px; background-color: rgb(255, 249, 236);\"><\/span><\/p>\n<p>Kaynak :\u00a0<span style=\"background-color: rgb(255, 249, 236); color: rgb(55, 58, 60); font-size: 14px;\">https:\/\/www.donanimhaber.com\/aselsan-saglikta-ataga-kalkti-kalp-cihazlari-artik-sokaklarda&#8211;199358<\/span><\/p>\n","protected":false},"excerpt":{"rendered":"<p>T\u00fcrkiye\u2019de sa\u011fl\u0131k teknolojilerine y\u00f6nelik yerli \u00fcretim hamleleri yeni bir e\u015fi\u011fe ta\u015f\u0131n\u0131yor. Sa\u011fl\u0131k Bakan\u0131 Kemal Memi\u015fo\u011flu, hem hayati ekipmanlarda d\u0131\u015fa ba\u011f\u0131ml\u0131l\u0131\u011f\u0131n azalaca\u011f\u0131n\u0131 hem de kritik cihazlar\u0131n yak\u0131n d\u00f6nemde sahada kullan\u0131lmaya &#8230;<\/p>\n","protected":false},"author":1,"featured_media":113444,"comment_status":"open","ping_status":"open","sticky":false,"template":"","format":"standard","meta":{"footnotes":""},"categories":[8],"tags":[290,2089,6736,369,2177],"class_list":["post-113443","post","type-post","status-publish","format-standard","has-post-thumbnail","hentry","category-teknoloji","tag-aselsan","tag-kalp","tag-rontgen","tag-uretim","tag-yerli"],"_links":{"self":[{"href":"https:\/\/ekamu.net\/index.php\/wp-json\/wp\/v2\/posts\/113443","targetHints":{"allow":["GET"]}}],"collection":[{"href":"https:\/\/ekamu.net\/index.php\/wp-json\/wp\/v2\/posts"}],"about":[{"href":"https:\/\/ekamu.net\/index.php\/wp-json\/wp\/v2\/types\/post"}],"author":[{"embeddable":true,"href":"https:\/\/ekamu.net\/index.php\/wp-json\/wp\/v2\/users\/1"}],"replies":[{"embeddable":true,"href":"https:\/\/ekamu.net\/index.php\/wp-json\/wp\/v2\/comments?post=113443"}],"version-history":[{"count":1,"href":"https:\/\/ekamu.net\/index.php\/wp-json\/wp\/v2\/posts\/113443\/revisions"}],"predecessor-version":[{"id":113448,"href":"https:\/\/ekamu.net\/index.php\/wp-json\/wp\/v2\/posts\/113443\/revisions\/113448"}],"wp:featuredmedia":[{"embeddable":true,"href":"https:\/\/ekamu.net\/index.php\/wp-json\/wp\/v2\/media\/113444"}],"wp:attachment":[{"href":"https:\/\/ekamu.net\/index.php\/wp-json\/wp\/v2\/media?parent=113443"}],"wp:term":[{"taxonomy":"category","embeddable":true,"href":"https:\/\/ekamu.net\/index.php\/wp-json\/wp\/v2\/categories?post=113443"},{"taxonomy":"post_tag","embeddable":true,"href":"https:\/\/ekamu.net\/index.php\/wp-json\/wp\/v2\/tags?post=113443"}],"curies":[{"name":"wp","href":"https:\/\/api.w.org\/{rel}","templated":true}]}}