{"id":113682,"date":"2025-12-07T16:24:13","date_gmt":"2025-12-07T16:24:13","guid":{"rendered":"https:\/\/ekamu.net\/?p=113682"},"modified":"2025-12-07T16:24:13","modified_gmt":"2025-12-07T16:24:13","slug":"cernobilin-koruyucu-kalkani-savasta-hasar-aldi-artik-radyasyonu-engellemiyor","status":"publish","type":"post","link":"https:\/\/ekamu.net\/index.php\/2025\/12\/07\/cernobilin-koruyucu-kalkani-savasta-hasar-aldi-artik-radyasyonu-engellemiyor\/","title":{"rendered":"\u00c7ernobil\u2019in koruyucu kalkan\u0131 sava\u015fta hasar ald\u0131! Art\u0131k radyasyonu engellemiyor"},"content":{"rendered":"<p><figure> <span> <img decoding=\"async\" src=\"https:\/\/ekamu.net\/wp-content\/uploads\/2025\/12\/cernobilin-koruyucu-kalkani-savasta-hasar-aldi-artik-radyasyonu-engellemiyor-0-wB2uMEjT.jpg\"\/> <\/span> <strong>Uluslararas\u0131 Atom Enerjisi Ajans\u0131<\/strong> (IAEA), \u015eubat ay\u0131nda d\u00fczenlenen <strong>dron<\/strong> sald\u0131r\u0131s\u0131n\u0131n \u00c7ernobil n\u00fckleer reakt\u00f6r\u00fcn\u00fc \u00f6rten dev koruma yap\u0131s\u0131nda kal\u0131c\u0131 bir hasara yol a\u00e7t\u0131\u011f\u0131n\u0131 ve yap\u0131n\u0131n art\u0131k temel i\u015flevini yerine getiremedi\u011fini a\u00e7\u0131klad\u0131. Ukrayna\u2019n\u0131n Rusya\u2019y\u0131 sorumlu tuttu\u011fu sald\u0131r\u0131, <strong>2019<\/strong>\u2019da tamamlanan ve <strong>1,5 milyar euroya<\/strong> mal olan yeni koruyucu d\u0131\u015f kabu\u011funda yakla\u015f\u0131k <strong>15 metrekarelik bir delik<\/strong> a\u00e7m\u0131\u015ft\u0131. <\/figure>\n<p><b>\u00c7ernobil\u2019in \u00e7at\u0131s\u0131nda 15 metrelik delik a\u00e7\u0131ld\u0131<\/b><\/p>\n<p>IAEA\u2019n\u0131n ge\u00e7ti\u011fimiz hafta ger\u00e7ekle\u015ftirdi\u011fi detayl\u0131 inceleme, \u00e7elik yap\u0131daki etkinin koruyucu kabiliyeti ciddi bi\u00e7imde azaltt\u0131\u011f\u0131n\u0131 ortaya koydu. Yap\u0131lan a\u00e7\u0131klamada yap\u0131n\u0131n <strong>birincil g\u00fcvenlik fonksiyonlar\u0131n\u0131 kaybetti\u011fi<\/strong> belirtildi. Ajans Direkt\u00f6r\u00fc Rafael Grossi\u2019ye g\u00f6re b\u00f6lgede baz\u0131 ilk tamirler yap\u0131lm\u0131\u015f olsa da koruma yap\u0131s\u0131n\u0131n uzun vadeli g\u00fcvenli\u011fini sa\u011flamak i\u00e7in acil ve kapsaml\u0131 bir bak\u0131m gerekli.<\/p>\n<figure> <span> <img decoding=\"async\" src=\"https:\/\/ekamu.net\/wp-content\/uploads\/2025\/12\/cernobilin-koruyucu-kalkani-savasta-hasar-aldi-artik-radyasyonu-engellemiyor-1-PtajBir5.jpg\"\/> <\/span> \u00c7ernobil\u2019deki bu kritik yap\u0131, 1986\u2019daki patlama sonras\u0131nda Sovyetler taraf\u0131ndan alelacele in\u015fa edilen ve yaln\u0131zca <strong>30 y\u0131ll\u0131k<\/strong> kullan\u0131m \u00f6mr\u00fcne sahip \u201c<strong>beton<\/strong> <strong>lahit<\/strong>\u201din g\u00fcvenli bi\u00e7imde s\u00f6k\u00fclmesini ve alt\u0131nda kalan reakt\u00f6r kal\u0131nt\u0131lar\u0131 ile erimi\u015f n\u00fckleer yak\u0131t\u0131n kontroll\u00fc \u015fekilde temizlenmesini sa\u011flamak \u00fczere tasarlanm\u0131\u015ft\u0131. \u00c7ok katmanl\u0131 \u00e7elik kubbe, radyasyon, nem, a\u015f\u0131r\u0131 s\u0131cakl\u0131k de\u011fi\u015fimleri ve \u015fiddetli r\u00fczg\u00e2r gibi d\u0131\u015f etkenlere kar\u015f\u0131 dayan\u0131kl\u0131 olacak \u015fekilde geli\u015ftirilmi\u015fti. Yap\u0131, reakt\u00f6r\u00fcn hemen yan\u0131nda montaj\u0131 tamamland\u0131ktan sonra ray sistemi \u00fczerinde kayd\u0131r\u0131larak 2019\u2019da nihai konumuna oturtulmu\u015ftu. <\/figure>\n<p>Birle\u015fmi\u015f Milletler\u2019in 14 \u015eubat tarihli raporuna g\u00f6re Ukrayna makamlar\u0131, sald\u0131r\u0131da y\u00fcksek patlay\u0131c\u0131 ba\u015fl\u0131kl\u0131 bir dronun reakt\u00f6r b\u00f6lgesine isabet etti\u011fini ve d\u0131\u015f kaplamada yang\u0131na yol a\u00e7an bir delik a\u00e7t\u0131\u011f\u0131n\u0131 aktard\u0131. Kiev y\u00f6netimi sald\u0131r\u0131n\u0131n Rusya taraf\u0131ndan ger\u00e7ekle\u015ftirildi\u011fini savunurken Moskova iddialar\u0131 reddetti. Buna kar\u015f\u0131n rapor, sald\u0131r\u0131 sonras\u0131 \u00f6l\u00e7\u00fcmlerde radyasyon seviyelerinin normal ve stabil kald\u0131\u011f\u0131n\u0131, herhangi bir s\u0131z\u0131nt\u0131 tespit edilmedi\u011fini kaydetti.<\/p>\n<p><b>Radyasyon riski art\u0131yor<\/b><\/p>\n<p>\u00c7ernobil b\u00f6lgesi, Rusya\u2019n\u0131n 2022 \u015eubat\u2019\u0131ndaki i\u015fgalin ilk g\u00fcnlerinde Kiev\u2019e y\u00f6nelik ilerleyi\u015f kapsam\u0131nda yakla\u015f\u0131k bir ay boyunca Rus g\u00fc\u00e7lerinin kontrol\u00fcnde kalm\u0131\u015ft\u0131. IAEA\u2019n\u0131n son ziyareti, ayn\u0131 zamanda Ukrayna genelindeki sava\u015f kaynakl\u0131 elektrik altyap\u0131 hasarlar\u0131n\u0131 de\u011ferlendiren daha kapsaml\u0131 bir inceleme program\u0131yla e\u015f zamanl\u0131 y\u00fcr\u00fct\u00fcld\u00fc.<\/p>\n<p>Uzmanlar, koruma yap\u0131s\u0131ndaki zafiyetin uzun vadede b\u00f6lgede y\u00fcr\u00fct\u00fclen nihai temizlik ve s\u00f6k\u00fcm \u00e7al\u0131\u015fmalar\u0131n\u0131 sekteye u\u011fratabilece\u011fi uyar\u0131s\u0131nda bulunuyor. Yetkililer, <strong>radyasyon riskinin \u015fu an i\u00e7in de\u011fi\u015fmedi\u011fini<\/strong> ancak g\u00fc\u00e7l\u00fc ve kal\u0131c\u0131 bir onar\u0131m olmadan <strong>g\u00fcvenlik marj\u0131n\u0131n daralaca\u011f\u0131n\u0131<\/strong> belirtiyor.<\/p>\n\n<p><span style=\"display: block; width: 343.125px; color: rgb(55, 58, 60); font-size: 14px; background-color: rgb(255, 249, 236);\"><\/span><\/p>\n<p>Kaynak :\u00a0<span style=\"background-color: rgb(255, 249, 236); color: rgb(55, 58, 60); font-size: 14px;\">https:\/\/www.donanimhaber.com\/cernobil-in-koruyucu-kalkani-dron-saldirisinda-delindi&#8211;199419<\/span><\/p>\n","protected":false},"excerpt":{"rendered":"<p>Uluslararas\u0131 Atom Enerjisi Ajans\u0131 (IAEA), \u015eubat ay\u0131nda d\u00fczenlenen dron sald\u0131r\u0131s\u0131n\u0131n \u00c7ernobil n\u00fckleer reakt\u00f6r\u00fcn\u00fc \u00f6rten dev koruma yap\u0131s\u0131nda kal\u0131c\u0131 bir hasara yol a\u00e7t\u0131\u011f\u0131n\u0131 ve yap\u0131n\u0131n art\u0131k temel i\u015flevini yerine getiremedi\u011fini a\u00e7\u0131klad\u0131. Ukrayna\u2019n\u0131n &#8230;<\/p>\n","protected":false},"author":1,"featured_media":113683,"comment_status":"open","ping_status":"open","sticky":false,"template":"","format":"standard","meta":{"footnotes":""},"categories":[8],"tags":[1010],"class_list":["post-113682","post","type-post","status-publish","format-standard","has-post-thumbnail","hentry","category-teknoloji","tag-saldiri"],"_links":{"self":[{"href":"https:\/\/ekamu.net\/index.php\/wp-json\/wp\/v2\/posts\/113682","targetHints":{"allow":["GET"]}}],"collection":[{"href":"https:\/\/ekamu.net\/index.php\/wp-json\/wp\/v2\/posts"}],"about":[{"href":"https:\/\/ekamu.net\/index.php\/wp-json\/wp\/v2\/types\/post"}],"author":[{"embeddable":true,"href":"https:\/\/ekamu.net\/index.php\/wp-json\/wp\/v2\/users\/1"}],"replies":[{"embeddable":true,"href":"https:\/\/ekamu.net\/index.php\/wp-json\/wp\/v2\/comments?post=113682"}],"version-history":[{"count":1,"href":"https:\/\/ekamu.net\/index.php\/wp-json\/wp\/v2\/posts\/113682\/revisions"}],"predecessor-version":[{"id":113686,"href":"https:\/\/ekamu.net\/index.php\/wp-json\/wp\/v2\/posts\/113682\/revisions\/113686"}],"wp:featuredmedia":[{"embeddable":true,"href":"https:\/\/ekamu.net\/index.php\/wp-json\/wp\/v2\/media\/113683"}],"wp:attachment":[{"href":"https:\/\/ekamu.net\/index.php\/wp-json\/wp\/v2\/media?parent=113682"}],"wp:term":[{"taxonomy":"category","embeddable":true,"href":"https:\/\/ekamu.net\/index.php\/wp-json\/wp\/v2\/categories?post=113682"},{"taxonomy":"post_tag","embeddable":true,"href":"https:\/\/ekamu.net\/index.php\/wp-json\/wp\/v2\/tags?post=113682"}],"curies":[{"name":"wp","href":"https:\/\/api.w.org\/{rel}","templated":true}]}}