{"id":113970,"date":"2025-12-09T19:36:11","date_gmt":"2025-12-09T19:36:11","guid":{"rendered":"https:\/\/ekamu.net\/?p=113970"},"modified":"2025-12-09T19:36:11","modified_gmt":"2025-12-09T19:36:11","slug":"one-ui-8-5-beta-yukleyecekler-dikkat-samsung-iki-kamera-modunu-kaldirdi","status":"publish","type":"post","link":"https:\/\/ekamu.net\/index.php\/2025\/12\/09\/one-ui-8-5-beta-yukleyecekler-dikkat-samsung-iki-kamera-modunu-kaldirdi\/","title":{"rendered":"One UI 8.5 beta y\u00fckleyecekler dikkat: Samsung, iki kamera modunu kald\u0131rd\u0131!"},"content":{"rendered":"<p><figure> <span> <img decoding=\"async\" src=\"https:\/\/ekamu.net\/wp-content\/uploads\/2025\/12\/one-ui-85-beta-yukleyecekler-dikkat-samsung-iki-kamera-modunu-kaldirdi-0-tRP7SyJx.jpg\"\/> <\/span> Samsung, Galaxy S25 serisiyle <strong>One UI 8.5 beta<\/strong> program\u0131n\u0131 ba\u015flatt\u0131. G\u00fcncellemeyi y\u00fckleyenler kamera uygulamas\u0131ndan iki modun \u00e7\u0131kar\u0131ld\u0131\u011f\u0131n\u0131 fark etti: \u00c7ift kay\u0131t ve tek \u00e7ekim. <\/figure>\n<p><b>One UI 8.5 betas\u0131 \u00e7ift kay\u0131t ve tek \u00e7ekim modunu i\u00e7ermiyor<\/b><\/p>\n<p><strong>\u00c7ift kay\u0131t modu<\/strong>, Samsung telefonda ayn\u0131 anda iki farkl\u0131 kamera kullanarak video \u00e7ekmenizi sa\u011fl\u0131yor. \u00d6n kameray\u0131 herhangi bir arka kamerayla kullanabiliyor ya da ayn\u0131 anda iki arka kameray\u0131 kullanabiliyorsunuz. Bu mod, 1080p ve 4K\u2019da 30 fps \u00e7\u00f6z\u00fcn\u00fcrl\u00fc\u011f\u00fc destekliyor. Her kameradan gelen g\u00f6r\u00fcnt\u00fcleri ayr\u0131 dosyalar olarak kaydetmeyi veya viz\u00f6rde g\u00f6sterildi\u011fi gibi tek bir dosyada birle\u015ftirmeyi se\u00e7ebiliyorsunuz.<\/p>\n<p><strong>Tek \u00e7ekim modu ise<\/strong>, kolajlar, k\u0131rp\u0131lm\u0131\u015f \u00e7ekimler, filtreler, a\u011f\u0131r \u00e7ekim videolar dahil olmak \u00fczere \u00e7e\u015fitli formatlarda foto\u011fraf ve videolar\u0131 tek bir dokunu\u015fla kaydediyor ancak standart foto\u011fraf ve video modlar\u0131na k\u0131yasla daha d\u00fc\u015f\u00fck \u00e7\u00f6z\u00fcn\u00fcrl\u00fc\u011fe sahip.<\/p>\n<p>Bu modlar\u0131n One UI 8.5 ilk beta s\u00fcr\u00fcm\u00fcnde neden kald\u0131r\u0131ld\u0131\u011f\u0131 belirsiz ancak Samsung&#8217;un bu i\u015flevleri bir araya getiren yeni bir \u015fey \u00fczerinde \u00e7al\u0131\u015f\u0131yor olmas\u0131 m\u00fcmk\u00fcn. Her iki mod da \u00e7ok kullan\u0131\u015fl\u0131 oldu\u011fundan ikinci betay\u0131 beklemekte fayda var.<\/p>\n\n<p><span style=\"display: block; width: 343.125px; color: rgb(55, 58, 60); font-size: 14px; background-color: rgb(255, 249, 236);\"><\/span><\/p>\n<p>Kaynak :\u00a0<span style=\"background-color: rgb(255, 249, 236); color: rgb(55, 58, 60); font-size: 14px;\">https:\/\/www.donanimhaber.com\/samsung-one-ui-8-5-betada-iki-kamera-modunu-kaldirdi&#8211;199511<\/span><\/p>\n","protected":false},"excerpt":{"rendered":"<p>Samsung, Galaxy S25 serisiyle One UI 8.5 beta program\u0131n\u0131 ba\u015flatt\u0131. G\u00fcncellemeyi y\u00fckleyenler kamera uygulamas\u0131ndan iki modun \u00e7\u0131kar\u0131ld\u0131\u011f\u0131n\u0131 fark etti: \u00c7ift kay\u0131t ve tek \u00e7ekim. One UI 8.5 betas\u0131 \u00e7ift kay\u0131t ve tek \u00e7ekim modunu i\u00e7ermiyor \u00c7ift &#8230;<\/p>\n","protected":false},"author":1,"featured_media":113971,"comment_status":"open","ping_status":"open","sticky":false,"template":"","format":"standard","meta":{"footnotes":""},"categories":[8],"tags":[5237,117,1172,431],"class_list":["post-113970","post","type-post","status-publish","format-standard","has-post-thumbnail","hentry","category-teknoloji","tag-cekim","tag-kamera","tag-mod","tag-tek"],"_links":{"self":[{"href":"https:\/\/ekamu.net\/index.php\/wp-json\/wp\/v2\/posts\/113970","targetHints":{"allow":["GET"]}}],"collection":[{"href":"https:\/\/ekamu.net\/index.php\/wp-json\/wp\/v2\/posts"}],"about":[{"href":"https:\/\/ekamu.net\/index.php\/wp-json\/wp\/v2\/types\/post"}],"author":[{"embeddable":true,"href":"https:\/\/ekamu.net\/index.php\/wp-json\/wp\/v2\/users\/1"}],"replies":[{"embeddable":true,"href":"https:\/\/ekamu.net\/index.php\/wp-json\/wp\/v2\/comments?post=113970"}],"version-history":[{"count":1,"href":"https:\/\/ekamu.net\/index.php\/wp-json\/wp\/v2\/posts\/113970\/revisions"}],"predecessor-version":[{"id":113973,"href":"https:\/\/ekamu.net\/index.php\/wp-json\/wp\/v2\/posts\/113970\/revisions\/113973"}],"wp:featuredmedia":[{"embeddable":true,"href":"https:\/\/ekamu.net\/index.php\/wp-json\/wp\/v2\/media\/113971"}],"wp:attachment":[{"href":"https:\/\/ekamu.net\/index.php\/wp-json\/wp\/v2\/media?parent=113970"}],"wp:term":[{"taxonomy":"category","embeddable":true,"href":"https:\/\/ekamu.net\/index.php\/wp-json\/wp\/v2\/categories?post=113970"},{"taxonomy":"post_tag","embeddable":true,"href":"https:\/\/ekamu.net\/index.php\/wp-json\/wp\/v2\/tags?post=113970"}],"curies":[{"name":"wp","href":"https:\/\/api.w.org\/{rel}","templated":true}]}}