{"id":11535,"date":"2024-06-01T16:12:05","date_gmt":"2024-06-01T16:12:05","guid":{"rendered":"https:\/\/ekamu.net\/?p=11535"},"modified":"2024-06-01T16:12:05","modified_gmt":"2024-06-01T16:12:05","slug":"pendikteki-cinayetle-ilgili-yeni-detaylar-iyi-arkadaslarmis","status":"publish","type":"post","link":"https:\/\/ekamu.net\/index.php\/2024\/06\/01\/pendikteki-cinayetle-ilgili-yeni-detaylar-iyi-arkadaslarmis\/","title":{"rendered":"Pendik&#8217;teki cinayetle ilgili yeni detaylar! \u0130yi arkada\u015flarm\u0131\u015f"},"content":{"rendered":"<p><p>\u0130stanbul, Pendik&#8217;te \u00f6nceki g\u00fcn bir vatanda\u015f\u0131n \u00e7\u00f6p konteynerinde insan par\u00e7alar\u0131 g\u00f6r\u00fcp polise ihbar etmesiyle vah\u015fi cinayet ortaya \u00e7\u0131km\u0131\u015ft\u0131.<\/p>\n<p>Yap\u0131lan incelemede \u00f6ld\u00fcr\u00fcld\u00fckten sonra par\u00e7alara ayr\u0131ld\u0131\u011f\u0131 anla\u015f\u0131lan cesedin 79 ya\u015f\u0131ndaki Nihat Salih&#8217;e ait oldu\u011fu belirlenmi\u015fti. Ceset incelenmek \u00fczere Adli T\u0131p Kurumu morguna kald\u0131r\u0131l\u0131rken, olayla ilgili ortaya \u00e7\u0131kan bir video g\u00f6r\u00fcnt\u00fcs\u00fcyle soru\u015fturman\u0131n y\u00f6n\u00fc de\u011fi\u015fmi\u015fti.<\/p>\n<p>G\u00f6r\u00fcnt\u00fclerde elindeki beyaz bir kovay\u0131, cesedin ba\u015f k\u0131sm\u0131n\u0131n bulundu\u011fu \u00e7\u00f6p konteynerine bo\u015faltt\u0131\u011f\u0131 g\u00f6r\u00fclen Bilal D. polis ekipleri taraf\u0131ndan hemen g\u00f6zalt\u0131na al\u0131nm\u0131\u015ft\u0131.<\/p>\n<div>\n<div> <img decoding=\"async\" src=\"https:\/\/ekamu.net\/wp-content\/uploads\/2024\/06\/pendikteki-cinayetle-ilgili-yeni-detaylar-iyi-arkadaslarmis-0-WCbPVLuk.jpg\"\/><\/img> <\/div>\n<\/p><\/div>\n<\/p>\n<p><strong>SU\u00c7LAMALARI KABUL ETMED\u0130<\/strong><\/p>\n<p>Cinayet B\u00fcro Amirli\u011fine getirilerek sorgulanan Bilal D. ilk sorgusunda su\u00e7lamalar\u0131 kabul etmemi\u015fti. 24 saatlik g\u00f6zalt\u0131 s\u00fcresi boyunca cinayeti i\u015flemedi\u011fini s\u00f6yleyen \u015f\u00fcphelinin ifadesinde de &#8220;Ben kimseyi \u00f6ld\u00fcrmedim. Sadece \u00e7\u00f6p konteynerine yolda buldu\u011fum \u00e7\u00f6p\u00fc bo\u015faltt\u0131m&#8221; dedi\u011fi \u00f6\u011frenildi.<\/p>\n<p><strong>ADL\u0130 TIP \u0130NCELEMES\u0130 SIR PERDES\u0130N\u0130 ARALAYACAK<\/strong><\/p>\n<p>Polis, olayla ilgili yapt\u0131\u011f\u0131 soru\u015fturmada g\u00f6r\u00fcnt\u00fclerdeki beyaz kovay\u0131 bularak inceledi. Yap\u0131lan ilk incelemede kovada herhangi bir kan izi bulunmad\u0131. Ancak kovan\u0131n incelenmek \u00fczere Adli T\u0131p Kurumuna g\u00f6nderildi\u011fi belirtildi. \u00d6te yandan \u00e7evre sakinleriyle konu\u015fan polis, Bilal D.&#8217;nin ayn\u0131 g\u00fcn birka\u00e7 \u00e7uval\u0131 \u00e7\u00f6p konteynerlerine do\u011fru ta\u015f\u0131rken g\u00f6r\u00fcld\u00fc\u011f\u00fc bilgisine ula\u015ft\u0131. \u015e\u00fcphelinin evinde yap\u0131lan aramada silinmi\u015f kan izlerini g\u00f6steren Luminol testi yap\u0131ld\u0131. Ancak yap\u0131lan test sonucunda herhangi bir kan izine rastlanmad\u0131\u011f\u0131 belirlendi. \u015e\u00fcphelinin evinde bulunan t\u00fcm b\u0131\u00e7aklar ve olay yerinde bulunan bir kanl\u0131 battaniyenin olayda kullan\u0131l\u0131p kullan\u0131lmad\u0131\u011f\u0131n\u0131n belirlenmesi i\u00e7in inceleme alt\u0131na al\u0131nd\u0131. Cinayetin \u00fczerindeki s\u0131r perdesinin bu materyallerin incelemesi sonucu kalkaca\u011f\u0131 belirtildi.<\/p>\n<div>\n<div> <img decoding=\"async\" src=\"https:\/\/ekamu.net\/wp-content\/uploads\/2024\/06\/pendikteki-cinayetle-ilgili-yeni-detaylar-iyi-arkadaslarmis-1-gk4kqYLR.jpg\"\/><\/img> <\/div>\n<\/p><\/div>\n<\/p>\n<p><strong>\u0130Y\u0130 ARKADA\u015e<\/strong><strong>LARMI\u015e<\/strong><\/p>\n<p>Cinayet B\u00fcro Amirli\u011fi ekipleri, \u00f6ld\u00fcr\u00fclen Nihat Salih&#8217;in \u015f\u00fcpheli Bilal D. ile iyi arkada\u015f oldu\u011funu tespit etti. Nihat Salih&#8217;in \u00f6ld\u00fcr\u00fclmeden \u00f6nce s\u0131k s\u0131k Bilal D. ile konu\u015ftu\u011fu hatta zaman zaman onun evinde kald\u0131\u011f\u0131 belirlendi. Ortadan kayboldu\u011fu gece saat 01.30 s\u0131ralar\u0131nda evine gelen Nihat Salih&#8217;in k\u0131sa bir s\u00fcre i\u00e7eride kald\u0131ktan sonra tekrar d\u0131\u015far\u0131 \u00e7\u0131kt\u0131\u011f\u0131 Bilal D.&#8217;nin evine do\u011fru y\u00fcr\u00fcd\u00fc\u011f\u00fc tespit edildi.<\/p>\n<p>Yetkililer olayla ilgili soru\u015fturman\u0131n s\u00fcrd\u00fc\u011f\u00fcn\u00fc Bilal D.&#8217;nin yak\u0131n \u00e7evresinin bilgi sahibi olarak ifadelerinin al\u0131nd\u0131\u011f\u0131n\u0131 belirttiler.<\/p>\n\n<p>Kaynak :\u00a0<span style=\"background-color: rgb(255, 249, 236); color: rgb(55, 58, 60); font-size: 14px;\">http:\/\/www.milliyet.com.tr\/gundem\/pendikteki-cinayetle-ilgili-yeni-detaylar-iyi-arkadaslarmis-7134349<\/span><\/p>\n","protected":false},"excerpt":{"rendered":"<p>Pendik&#8217;te 79 ya\u015f\u0131ndaki Nihat Salih&#8217;in 4 ayr\u0131 \u00e7\u00f6p konteynerinde par\u00e7alanm\u0131\u015f cesedinin bulunmas\u0131yla ilgili g\u00f6zalt\u0131na al\u0131nan Bilal D. adliyeye sevk edildi. Olayla ilgili yeni ayr\u0131nt\u0131lar da ortaya \u00e7\u0131kt\u0131.<\/p>\n","protected":false},"author":1,"featured_media":11536,"comment_status":"open","ping_status":"open","sticky":false,"template":"","format":"standard","meta":{"footnotes":""},"categories":[3],"tags":[847,848,846,247],"class_list":["post-11535","post","type-post","status-publish","format-standard","has-post-thumbnail","hentry","category-genel","tag-cinayet","tag-cop","tag-inceleme","tag-olay"],"_links":{"self":[{"href":"https:\/\/ekamu.net\/index.php\/wp-json\/wp\/v2\/posts\/11535","targetHints":{"allow":["GET"]}}],"collection":[{"href":"https:\/\/ekamu.net\/index.php\/wp-json\/wp\/v2\/posts"}],"about":[{"href":"https:\/\/ekamu.net\/index.php\/wp-json\/wp\/v2\/types\/post"}],"author":[{"embeddable":true,"href":"https:\/\/ekamu.net\/index.php\/wp-json\/wp\/v2\/users\/1"}],"replies":[{"embeddable":true,"href":"https:\/\/ekamu.net\/index.php\/wp-json\/wp\/v2\/comments?post=11535"}],"version-history":[{"count":1,"href":"https:\/\/ekamu.net\/index.php\/wp-json\/wp\/v2\/posts\/11535\/revisions"}],"predecessor-version":[{"id":11539,"href":"https:\/\/ekamu.net\/index.php\/wp-json\/wp\/v2\/posts\/11535\/revisions\/11539"}],"wp:featuredmedia":[{"embeddable":true,"href":"https:\/\/ekamu.net\/index.php\/wp-json\/wp\/v2\/media\/11536"}],"wp:attachment":[{"href":"https:\/\/ekamu.net\/index.php\/wp-json\/wp\/v2\/media?parent=11535"}],"wp:term":[{"taxonomy":"category","embeddable":true,"href":"https:\/\/ekamu.net\/index.php\/wp-json\/wp\/v2\/categories?post=11535"},{"taxonomy":"post_tag","embeddable":true,"href":"https:\/\/ekamu.net\/index.php\/wp-json\/wp\/v2\/tags?post=11535"}],"curies":[{"name":"wp","href":"https:\/\/api.w.org\/{rel}","templated":true}]}}