{"id":11650,"date":"2024-06-01T19:24:03","date_gmt":"2024-06-01T19:24:03","guid":{"rendered":"https:\/\/ekamu.net\/?p=11650"},"modified":"2024-06-01T19:24:03","modified_gmt":"2024-06-01T19:24:03","slug":"3-kopegin-saldirisinda-kolunu-kaybetti-4-yildir-bitmeyen-aci","status":"publish","type":"post","link":"https:\/\/ekamu.net\/index.php\/2024\/06\/01\/3-kopegin-saldirisinda-kolunu-kaybetti-4-yildir-bitmeyen-aci\/","title":{"rendered":"3 k\u00f6pe\u011fin sald\u0131r\u0131s\u0131nda kolunu kaybetti! 4 y\u0131ld\u0131r bitmeyen ac\u0131"},"content":{"rendered":"<p><p>2020 y\u0131l\u0131nda Tekirda\u011f \u00c7orlu\u2019dan memleketi Trabzon\u2019un Of il\u00e7esine \u00e7ay hasad\u0131 i\u00e7in giden 61 ya\u015f\u0131ndaki Huriye Kaya, bah\u00e7esinin yak\u0131n\u0131nda 1\u2019i pitbull, 2\u2019si Alman kurdu 3 k\u00f6pe\u011fin sald\u0131r\u0131s\u0131na u\u011frad\u0131. K\u00f6peklerle uzun s\u00fcre m\u00fccadele eden kad\u0131n, \u00e7\u0131\u011fl\u0131k sesleri \u00fczerine ko\u015farak gelen \u00e7evredekilerin yard\u0131m\u0131yla kurtar\u0131ld\u0131. A\u011f\u0131r yaralanan kad\u0131n, Karadeniz Teknik \u00dcniversitesi (KT\u00dc) Farabi Hastanesi&#8217;nde 7 kez ameliyata al\u0131nd\u0131. Par\u00e7alanan sol kolu dirse\u011finden kesilen, v\u00fccudunda yaralar bulunan Kaya, 40 g\u00fcn kald\u0131\u011f\u0131 hastanedeki tedavisinin ard\u0131ndan taburcu edildi.<\/p>\n<p><strong>\u201cPS\u0130KOLOJ\u0130K TEDAV\u0130 G\u00d6R\u00dcYORUM\u201d<\/strong><\/p>\n<p>Olaydan beri kolundaki ac\u0131n\u0131n dinmedi\u011fini ifade eden Kaya, tek ba\u015f\u0131na soka\u011fa \u00e7\u0131kmaya korktu\u011funu s\u00f6yledi. Psikolojisinin sars\u0131ld\u0131\u011f\u0131n\u0131, ila\u00e7 tedavisi g\u00f6rd\u00fc\u011f\u00fcn\u00fc belirten Kaya, \u201cOlaydan 4 y\u0131l ge\u00e7ti fakat ben \u00e7ok ma\u011fdurum hakk\u0131m\u0131 istiyorum. Benim sinirlerimle oynad\u0131lar, ihtiya\u00e7lar\u0131m\u0131 kar\u015f\u0131layam\u0131yorum. Hastanelere gidiyorum, psikolojik tedavi g\u00f6r\u00fcyorum ama beynim ya\u015fad\u0131\u011f\u0131m olaylar\u0131 unutmuyor. K\u00f6pekler kolumu par\u00e7alad\u0131, \u00f6l\u00fcmden d\u00f6nd\u00fcm. Ya\u015fad\u0131\u011f\u0131m olay\u0131n tarifi yok. O k\u00f6peklerin sahipleri bana sahip \u00e7\u0131kmad\u0131lar daha \u00e7ok yalanc\u0131 \u015fahit buldular. 40 g\u00fcn hastanede yatt\u0131m gelip de maddi veya manevi hi\u00e7bir yakla\u015f\u0131mda bulunmad\u0131lar\u201d dedi.<\/p>\n<p><strong>\u201cSES\u0130M\u0130 DUYURMAK \u0130ST\u0130YORUM\u201d<\/strong><\/p>\n<p>Maddi ve manevi zorluklar \u00e7ekti\u011fini ifade eden Kaya, \u201cBuradan Cumhurba\u015fkan\u0131ma sesleniyorum, ben evime r\u0131z\u0131k g\u00f6t\u00fcren bir insand\u0131m. Emekli bile olamad\u0131m. E\u015fim de y\u00fczde 60 engelli durumda. Maddi ve manevi anlamda bir \u00e7\u00f6k\u00fcnt\u00fc ya\u015f\u0131yorum. Kimse benim halimi bilmiyor. Benim beynim kolumu kaybetti\u011fime kabullenemiyor. 4 senedir ya\u015fad\u0131\u011f\u0131m ac\u0131y\u0131 bir t\u00fcrl\u00fc duyuramad\u0131m. Say\u0131n Cumhurba\u015fkan\u0131m\u0131n benim sesimi duymas\u0131n\u0131 istiyorum. \u00c7ok zor durumday\u0131m, kolumdaki a\u011fr\u0131 hi\u00e7 dinmedi, ne yapaca\u011f\u0131m\u0131 bilmiyorum\u201d diye konu\u015ftu.<\/p>\n<p>\u00a0<\/p>\n\n<p>Kaynak :\u00a0<span style=\"background-color: rgb(255, 249, 236); color: rgb(55, 58, 60); font-size: 14px;\">http:\/\/www.milliyet.com.tr\/gundem\/3-kopegin-saldirisinda-kolunu-kaybetti-4-yildir-bitmeyen-aci-7134367<\/span><\/p>\n","protected":false},"excerpt":{"rendered":"<p>\u00c7orlu\u2019da yakla\u015f\u0131k 4 y\u0131l \u00f6nce k\u00f6peklerin sald\u0131r\u0131s\u0131 sonucu kolunu kaybeden Huriye Kaya ac\u0131s\u0131n\u0131n dinmedi\u011fini, zor g\u00fcnler ge\u00e7irdi\u011fini ve psikolojisinin bozuldu\u011funu ifade etti.<\/p>\n","protected":false},"author":1,"featured_media":11651,"comment_status":"open","ping_status":"open","sticky":false,"template":"","format":"standard","meta":{"footnotes":""},"categories":[3],"tags":[865,864],"class_list":["post-11650","post","type-post","status-publish","format-standard","has-post-thumbnail","hentry","category-genel","tag-kaya","tag-kolu"],"_links":{"self":[{"href":"https:\/\/ekamu.net\/index.php\/wp-json\/wp\/v2\/posts\/11650","targetHints":{"allow":["GET"]}}],"collection":[{"href":"https:\/\/ekamu.net\/index.php\/wp-json\/wp\/v2\/posts"}],"about":[{"href":"https:\/\/ekamu.net\/index.php\/wp-json\/wp\/v2\/types\/post"}],"author":[{"embeddable":true,"href":"https:\/\/ekamu.net\/index.php\/wp-json\/wp\/v2\/users\/1"}],"replies":[{"embeddable":true,"href":"https:\/\/ekamu.net\/index.php\/wp-json\/wp\/v2\/comments?post=11650"}],"version-history":[{"count":1,"href":"https:\/\/ekamu.net\/index.php\/wp-json\/wp\/v2\/posts\/11650\/revisions"}],"predecessor-version":[{"id":11652,"href":"https:\/\/ekamu.net\/index.php\/wp-json\/wp\/v2\/posts\/11650\/revisions\/11652"}],"wp:featuredmedia":[{"embeddable":true,"href":"https:\/\/ekamu.net\/index.php\/wp-json\/wp\/v2\/media\/11651"}],"wp:attachment":[{"href":"https:\/\/ekamu.net\/index.php\/wp-json\/wp\/v2\/media?parent=11650"}],"wp:term":[{"taxonomy":"category","embeddable":true,"href":"https:\/\/ekamu.net\/index.php\/wp-json\/wp\/v2\/categories?post=11650"},{"taxonomy":"post_tag","embeddable":true,"href":"https:\/\/ekamu.net\/index.php\/wp-json\/wp\/v2\/tags?post=11650"}],"curies":[{"name":"wp","href":"https:\/\/api.w.org\/{rel}","templated":true}]}}