{"id":117026,"date":"2026-01-07T10:12:42","date_gmt":"2026-01-07T10:12:42","guid":{"rendered":"https:\/\/ekamu.net\/?p=117026"},"modified":"2026-01-07T10:12:42","modified_gmt":"2026-01-07T10:12:42","slug":"anker-nano-charger-dunyanin-ilk-akilli-ekranli-iphone-sarj-adaptoru-oldu","status":"publish","type":"post","link":"https:\/\/ekamu.net\/index.php\/2026\/01\/07\/anker-nano-charger-dunyanin-ilk-akilli-ekranli-iphone-sarj-adaptoru-oldu\/","title":{"rendered":"Anker Nano Charger d\u00fcnyan\u0131n ilk ak\u0131ll\u0131 ekranl\u0131 iPhone \u015farj adapt\u00f6r\u00fc oldu"},"content":{"rendered":"<p><figure> <span> <img decoding=\"async\" src=\"https:\/\/ekamu.net\/wp-content\/uploads\/2026\/01\/anker-nano-charger-dunyanin-ilk-akilli-ekranli-iphone-sarj-adaptoru-oldu-0-tdb5cfjf.jpg\"\/> <\/span> Bug\u00fcne kadar ta\u015f\u0131nabilir cihazlar i\u00e7in farkl\u0131 enerji destek \u00e7\u00f6z\u00fcmleri sunan Anker bu kez farkl\u0131 bir konseptle kar\u015f\u0131m\u0131zda. iPhone sahiplerinin ho\u015funa gidecek olan yeni konsept sekt\u00f6rde bir ilke imza at\u0131yor. <\/figure>\n<p><b>Anker Nano Charger \u00f6zellikleri ve fiyat\u0131<\/b><\/p>\n<p><strong>Anker Nano Charger<\/strong> mini \u015farj adapt\u00f6r\u00fc d\u00fcnyan\u0131n ilk iPhone i\u00e7in ak\u0131ll\u0131 ekran\u0131na sahip adapt\u00f6r\u00fc unvan\u0131na sahip. iPad Pro 2020 ve sonras\u0131 ile iPhone 15 ve sonras\u0131 cihazlar ak\u0131ll\u0131 ekran taraf\u0131ndan alg\u0131lan\u0131yor ve modeli ekranda g\u00f6r\u00fcn\u00fcyor. Her cihaz modeline g\u00f6re enerji aktar\u0131m\u0131 da en verimli d\u00fczeyde tutuluyor.<\/p>\n<p>Tek USB Tip-C portu olan adapt\u00f6r katlanabilir priz u\u00e7lar\u0131na sahip. 45W maksimum enerji \u00e7\u0131k\u0131\u015f sa\u011flanabilirken Bak\u0131m Modu ile gece uykuya yatmadan \u00f6nce tek tu\u015fla cihazdaki \u0131s\u0131nmay\u0131 minimize edecek profil aktif ediliyor. Batarya sa\u011fl\u0131\u011f\u0131n\u0131 en \u00fcst d\u00fczeyde korumak i\u00e7in tasarlanan Anker Nano Charger mini \u015farj adapt\u00f6r\u00fc 40$ fiyat etiketiyle sat\u0131\u015fa sunulacak.<\/p>\n\n<p><span style=\"display: block; width: 343.125px; color: rgb(55, 58, 60); font-size: 14px; background-color: rgb(255, 249, 236);\"><\/span><\/p>\n<p>Kaynak :\u00a0<span style=\"background-color: rgb(255, 249, 236); color: rgb(55, 58, 60); font-size: 14px;\">https:\/\/www.donanimhaber.com\/anker-nano-charger-tanitildi-iste-ozellikleri-ve-fiyati&#8211;200563<\/span><\/p>\n","protected":false},"excerpt":{"rendered":"<p>Bug\u00fcne kadar ta\u015f\u0131nabilir cihazlar i\u00e7in farkl\u0131 enerji destek \u00e7\u00f6z\u00fcmleri sunan Anker bu kez farkl\u0131 bir konseptle kar\u015f\u0131m\u0131zda. iPhone sahiplerinin ho\u015funa gidecek olan yeni konsept sekt\u00f6rde bir ilke imza at\u0131yor. Anker Nano Charger \u00f6zellikleri ve &#8230;<\/p>\n","protected":false},"author":1,"featured_media":117027,"comment_status":"open","ping_status":"open","sticky":false,"template":"","format":"standard","meta":{"footnotes":""},"categories":[8],"tags":[],"class_list":["post-117026","post","type-post","status-publish","format-standard","has-post-thumbnail","hentry","category-teknoloji"],"_links":{"self":[{"href":"https:\/\/ekamu.net\/index.php\/wp-json\/wp\/v2\/posts\/117026","targetHints":{"allow":["GET"]}}],"collection":[{"href":"https:\/\/ekamu.net\/index.php\/wp-json\/wp\/v2\/posts"}],"about":[{"href":"https:\/\/ekamu.net\/index.php\/wp-json\/wp\/v2\/types\/post"}],"author":[{"embeddable":true,"href":"https:\/\/ekamu.net\/index.php\/wp-json\/wp\/v2\/users\/1"}],"replies":[{"embeddable":true,"href":"https:\/\/ekamu.net\/index.php\/wp-json\/wp\/v2\/comments?post=117026"}],"version-history":[{"count":1,"href":"https:\/\/ekamu.net\/index.php\/wp-json\/wp\/v2\/posts\/117026\/revisions"}],"predecessor-version":[{"id":117029,"href":"https:\/\/ekamu.net\/index.php\/wp-json\/wp\/v2\/posts\/117026\/revisions\/117029"}],"wp:featuredmedia":[{"embeddable":true,"href":"https:\/\/ekamu.net\/index.php\/wp-json\/wp\/v2\/media\/117027"}],"wp:attachment":[{"href":"https:\/\/ekamu.net\/index.php\/wp-json\/wp\/v2\/media?parent=117026"}],"wp:term":[{"taxonomy":"category","embeddable":true,"href":"https:\/\/ekamu.net\/index.php\/wp-json\/wp\/v2\/categories?post=117026"},{"taxonomy":"post_tag","embeddable":true,"href":"https:\/\/ekamu.net\/index.php\/wp-json\/wp\/v2\/tags?post=117026"}],"curies":[{"name":"wp","href":"https:\/\/api.w.org\/{rel}","templated":true}]}}