{"id":118099,"date":"2026-01-14T11:56:08","date_gmt":"2026-01-14T11:56:08","guid":{"rendered":"https:\/\/ekamu.net\/?p=118099"},"modified":"2026-01-14T11:56:08","modified_gmt":"2026-01-14T11:56:08","slug":"iphone-18-ve-18-pronun-ekran-boyutlari-sizdi-dynamic-island-kuculuyor","status":"publish","type":"post","link":"https:\/\/ekamu.net\/index.php\/2026\/01\/14\/iphone-18-ve-18-pronun-ekran-boyutlari-sizdi-dynamic-island-kuculuyor\/","title":{"rendered":"iPhone 18 ve 18 Pro&#8217;nun ekran boyutlar\u0131 s\u0131zd\u0131: Dynamic Island k\u00fc\u00e7\u00fcl\u00fcyor"},"content":{"rendered":"<p><figure> <span> <img decoding=\"async\" src=\"https:\/\/ekamu.net\/wp-content\/uploads\/2026\/01\/iphone-18-ve-18-pronun-ekran-boyutlari-sizdi-dynamic-island-kuculuyor-0-7HBxbFaw.jpg\"\/> <\/span> Apple&#8217;\u0131n gelecek nesil iPhone 18 serisi hen\u00fcz erken prototip a\u015famas\u0131ndayken, ekran boyutlar\u0131na ve \u00f6n tasar\u0131ma dair ilk bilgiler s\u0131zd\u0131r\u0131ld\u0131. Digital Chat Station taraf\u0131ndan payla\u015f\u0131lan bilgilere g\u00f6re Apple, bu nesilde genel tasar\u0131m\u0131 k\u00f6kten de\u011fi\u015ftirmek yerine <strong>ekran yerle\u015fimi<\/strong> ve <strong>model ayr\u0131m\u0131n\u0131 daha net h\u00e2le getirmeyi<\/strong> hedefliyor. <\/figure>\n<p><b>Dynamic Island ilk kez k\u00fc\u00e7\u00fcl\u00fcyor<\/b><\/p>\n<p>Payla\u015f\u0131lan detaylara g\u00f6re standart iPhone 18&#8217;in, <strong>6,27 in\u00e7 boyutunda LTPO OLED panele<\/strong> sahip olaca\u011f\u0131 belirtiliyor. 120Hz yenileme h\u0131z\u0131n\u0131 destekleyecek bu ekran, <strong>mevcut Dynamic Island tasar\u0131m\u0131n\u0131<\/strong> koruyacak. Serinin daha ince ve hafif modeli olarak konumlanan iPhone Air 2 ise<strong> 6,55 in\u00e7 LTPO 120Hz ekranla<\/strong> test ediliyor. Bu modelde de \u00f6n y\u00fcz yerle\u015fiminin b\u00fcy\u00fck \u00f6l\u00e7\u00fcde korunaca\u011f\u0131 s\u00f6yleniyor.<\/p>\n<p>As\u0131l de\u011fi\u015fim ise Pro modellerde bekleniyor. iPhone 18 Pro ve iPhone 18 Pro Max&#8217;in s\u0131ras\u0131yla <strong>6,27 in\u00e7<\/strong> ve <strong>6,86 in\u00e7 LTPO 120Hz ekranlarla<\/strong> test edildi\u011fi ortaya \u00e7\u0131kt\u0131. Bu modellerde Face ID sisteminin bir b\u00f6l\u00fcm\u00fcn\u00fcn ekran alt\u0131na ta\u015f\u0131nmas\u0131 planlan\u0131yor. \u00d6n y\u00fczde yaln\u0131zca \u00f6n kamera i\u00e7in k\u00fc\u00e7\u00fck bir delik b\u0131rak\u0131lmas\u0131yla birlikte, Dynamic Island alan\u0131\u00a0<strong>iPhone 14 Pro&#8217;dan bu yana ilk kez k\u00fc\u00e7\u00fclecek.<\/strong><\/p>\n<ul>\n<li><strong>iPhone 18:<\/strong> 6,27 in\u00e7 LTPO OLED ekran, 120Hz yenileme h\u0131z\u0131, <strong>Dynamic Island<\/strong> tasar\u0131m\u0131<\/li>\n<li><strong>iPhone Air 2:<\/strong> 6,55 in\u00e7 LTPO OLED ekran, 120Hz yenileme h\u0131z\u0131, <strong>Dynamic Island<\/strong> tasar\u0131m\u0131<\/li>\n<li><strong>iPhone 18 Pro:<\/strong> 6,27 in\u00e7 LTPO OLED ekran, 120Hz yenileme h\u0131z\u0131, <strong>ekran alt\u0131 \u00f6n kamera (yeni alan tasar\u0131m\u0131)<\/strong><\/li>\n<li><strong>iPhone 18 Pro Max:<\/strong> 6,86 in\u00e7 LTPO OLED ekran, 120Hz yenileme h\u0131z\u0131, <strong>ekran alt\u0131 \u00f6n kamera (yeni alan tasar\u0131m\u0131)<\/strong><\/li>\n<\/ul>\n<p>S\u0131z\u0131nt\u0131lar, Apple&#8217;\u0131n lansman takviminde de de\u011fi\u015fikli\u011fe gidebilece\u011fi y\u00f6n\u00fcnde. Buna g\u00f6re iPhone 18 Pro, iPhone 18 Pro Max ve katlanabilir iPhone&#8217;un 2026&#8217;n\u0131n sonlar\u0131nda tan\u0131t\u0131lmas\u0131, standart iPhone 18 ve olas\u0131 iPhone 18e modellerinin ise <strong>2027 ilkbahar\u0131nda duyurulmas\u0131 <\/strong>bekleniyor. iPhone Air 2 i\u00e7inse net bir tan\u0131t\u0131m tarihi bulunmuyor.<\/p>\n\n<p><span style=\"display: block; width: 343.125px; color: rgb(55, 58, 60); font-size: 14px; background-color: rgb(255, 249, 236);\"><\/span><\/p>\n<p>Kaynak :\u00a0<span style=\"background-color: rgb(255, 249, 236); color: rgb(55, 58, 60); font-size: 14px;\">https:\/\/www.donanimhaber.com\/iphone-18-ve-18-pro-nun-ekran-boyutlari-sizdi-iste-detaylar&#8211;200849<\/span><\/p>\n","protected":false},"excerpt":{"rendered":"<p>Apple&#8217;\u0131n gelecek nesil iPhone 18 serisi hen\u00fcz erken prototip a\u015famas\u0131ndayken, ekran boyutlar\u0131na ve \u00f6n tasar\u0131ma dair ilk bilgiler s\u0131zd\u0131r\u0131ld\u0131. Digital Chat Station taraf\u0131ndan payla\u015f\u0131lan bilgilere g\u00f6re Apple, bu nesilde genel tasar\u0131m\u0131 k\u00f6kten &#8230;<\/p>\n","protected":false},"author":1,"featured_media":118100,"comment_status":"open","ping_status":"open","sticky":false,"template":"","format":"standard","meta":{"footnotes":""},"categories":[8],"tags":[149,3214,6459,452,1685],"class_list":["post-118099","post","type-post","status-publish","format-standard","has-post-thumbnail","hentry","category-teknoloji","tag-ekran","tag-inc","tag-iphone-18-pro","tag-model","tag-tasarimi"],"_links":{"self":[{"href":"https:\/\/ekamu.net\/index.php\/wp-json\/wp\/v2\/posts\/118099","targetHints":{"allow":["GET"]}}],"collection":[{"href":"https:\/\/ekamu.net\/index.php\/wp-json\/wp\/v2\/posts"}],"about":[{"href":"https:\/\/ekamu.net\/index.php\/wp-json\/wp\/v2\/types\/post"}],"author":[{"embeddable":true,"href":"https:\/\/ekamu.net\/index.php\/wp-json\/wp\/v2\/users\/1"}],"replies":[{"embeddable":true,"href":"https:\/\/ekamu.net\/index.php\/wp-json\/wp\/v2\/comments?post=118099"}],"version-history":[{"count":1,"href":"https:\/\/ekamu.net\/index.php\/wp-json\/wp\/v2\/posts\/118099\/revisions"}],"predecessor-version":[{"id":118102,"href":"https:\/\/ekamu.net\/index.php\/wp-json\/wp\/v2\/posts\/118099\/revisions\/118102"}],"wp:featuredmedia":[{"embeddable":true,"href":"https:\/\/ekamu.net\/index.php\/wp-json\/wp\/v2\/media\/118100"}],"wp:attachment":[{"href":"https:\/\/ekamu.net\/index.php\/wp-json\/wp\/v2\/media?parent=118099"}],"wp:term":[{"taxonomy":"category","embeddable":true,"href":"https:\/\/ekamu.net\/index.php\/wp-json\/wp\/v2\/categories?post=118099"},{"taxonomy":"post_tag","embeddable":true,"href":"https:\/\/ekamu.net\/index.php\/wp-json\/wp\/v2\/tags?post=118099"}],"curies":[{"name":"wp","href":"https:\/\/api.w.org\/{rel}","templated":true}]}}