{"id":118523,"date":"2026-01-26T10:52:10","date_gmt":"2026-01-26T10:52:10","guid":{"rendered":"https:\/\/ekamu.net\/?p=118523"},"modified":"2026-01-26T10:52:10","modified_gmt":"2026-01-26T10:52:10","slug":"redmi-turbo-5-ve-turbo-5-max-geliyor-cikis-tarihi-paylasildi","status":"publish","type":"post","link":"https:\/\/ekamu.net\/index.php\/2026\/01\/26\/redmi-turbo-5-ve-turbo-5-max-geliyor-cikis-tarihi-paylasildi\/","title":{"rendered":"Redmi Turbo 5 ve Turbo 5 Max geliyor: \u00c7\u0131k\u0131\u015f tarihi payla\u015f\u0131ld\u0131"},"content":{"rendered":"<p><figure> <span> <img decoding=\"async\" src=\"https:\/\/ekamu.net\/wp-content\/uploads\/2026\/01\/redmi-turbo-5-ve-turbo-5-max-geliyor-cikis-tarihi-paylasildi-0-JqVJNf2Y.jpg\"\/> <\/span> Xiaomi, bir s\u00fcredir s\u0131z\u0131nt\u0131larla g\u00fcndemde olan yeni telefonu Redmi Turbo 5 serisinin\u00a0<strong>tan\u0131t\u0131m zaman aral\u0131\u011f\u0131n\u0131 resmen<\/strong> do\u011frulad\u0131. \u015eirket, Weibo \u00fczerinden yapt\u0131\u011f\u0131 payla\u015f\u0131mda Turbo 5 ve Turbo 5 Max modellerinin 29 Ocak&#8217;ta<strong> tan\u0131t\u0131laca\u011f\u0131n\u0131<\/strong> a\u00e7\u0131klad\u0131.\u00a0Bununla birlikte, marka ayr\u0131ca Buds 8 Pro ve Pad 2 Pro Harry Potter Edition&#8217;\u0131 da tan\u0131tacak. <\/figure>\n<p><b>Redmi Turbo 5 ve Turbo 5 Max geliyor<\/b><\/p>\n<p>Redmi, \u00e7ok yak\u0131nda piyasaya s\u00fcr\u00fclecek\u00a0<strong>Turbo 5 serisi<\/strong>\u00a0i\u00e7in lansman tarihini belirledi. 29 Ocak&#8217;ta yap\u0131lacak lansmana ek olarak, Redmi Turbo 5 ve 5 Max&#8217;in baz\u0131 \u00f6zellikleri de do\u011fruland\u0131. Buna g\u00f6re her iki model CNC metal \u00e7er\u00e7eve, yuvarlak k\u00f6\u015feler, fiberglas arka panel ve \u00e7ift LED fla\u015f sunacak. Ayr\u0131ca d\u00fcz bir tasar\u0131mda geliyor.<\/p>\n<p><b>Redmi Turbo 5 ve Turbo 5 Max neler sunacak?<\/b><\/p>\n<p>\u00d6te yandan her iki telefonun da 1.5K \u00e7\u00f6z\u00fcn\u00fcrl\u00fc\u011f\u00fcnde LTPS OLED ekranlar ile gelmesi bekleniyor. Turbo 5 Max, Mavi ve Turuncu renk se\u00e7enekleriyle sat\u0131\u015fa sunulacak. Cihaz, <strong>MediaTek Dimensity 9500s<\/strong> yonga\u00a0setiyle \u00e7al\u0131\u015facak\u00a0ve\u00a0<strong>100W kablolu \u015farj deste\u011fine<\/strong> sahip\u00a0<strong>9.000mAh&#8217;lik bir batarya<\/strong> i\u00e7erecek.\u00a0Standart Turbo 5 modelinde ise 8,000mAh gibi yine olduk\u00e7a b\u00fcy\u00fck bir batarya ve ayn\u0131 100W \u015farj h\u0131z\u0131 bulunacak.<\/p>\n<p>Redmi Turbo 5 ve 5 Max&#8217;in ilerleyen d\u00f6nemlerde global pazarda POCO markas\u0131 alt\u0131nda yeniden isimlendirilerek sat\u0131\u015fa sunulmas\u0131 bekleniyor.<\/p>\n\n<p><span style=\"display: block; width: 343.125px; color: rgb(55, 58, 60); font-size: 14px; background-color: rgb(255, 249, 236);\"><\/span><\/p>\n<p>Kaynak :\u00a0<span style=\"background-color: rgb(255, 249, 236); color: rgb(55, 58, 60); font-size: 14px;\">https:\/\/www.donanimhaber.com\/redmi-turbo-5-ve-turbo-5-max-geliyor-cikis-tarihi-paylasildi&#8211;201285<\/span><\/p>\n","protected":false},"excerpt":{"rendered":"<p>Xiaomi, bir s\u00fcredir s\u0131z\u0131nt\u0131larla g\u00fcndemde olan yeni telefonu Redmi Turbo 5 serisinin\u00a0tan\u0131t\u0131m zaman aral\u0131\u011f\u0131n\u0131 resmen do\u011frulad\u0131. \u015eirket, Weibo \u00fczerinden yapt\u0131\u011f\u0131 payla\u015f\u0131mda Turbo 5 ve Turbo 5 Max modellerinin 29 Ocak&#8217;ta tan\u0131t\u0131laca\u011f\u0131n\u0131 a\u00e7\u0131klad\u0131 &#8230;<\/p>\n","protected":false},"author":1,"featured_media":118524,"comment_status":"open","ping_status":"open","sticky":false,"template":"","format":"standard","meta":{"footnotes":""},"categories":[8],"tags":[244,1508],"class_list":["post-118523","post","type-post","status-publish","format-standard","has-post-thumbnail","hentry","category-teknoloji","tag-max","tag-redmi"],"_links":{"self":[{"href":"https:\/\/ekamu.net\/index.php\/wp-json\/wp\/v2\/posts\/118523","targetHints":{"allow":["GET"]}}],"collection":[{"href":"https:\/\/ekamu.net\/index.php\/wp-json\/wp\/v2\/posts"}],"about":[{"href":"https:\/\/ekamu.net\/index.php\/wp-json\/wp\/v2\/types\/post"}],"author":[{"embeddable":true,"href":"https:\/\/ekamu.net\/index.php\/wp-json\/wp\/v2\/users\/1"}],"replies":[{"embeddable":true,"href":"https:\/\/ekamu.net\/index.php\/wp-json\/wp\/v2\/comments?post=118523"}],"version-history":[{"count":1,"href":"https:\/\/ekamu.net\/index.php\/wp-json\/wp\/v2\/posts\/118523\/revisions"}],"predecessor-version":[{"id":118526,"href":"https:\/\/ekamu.net\/index.php\/wp-json\/wp\/v2\/posts\/118523\/revisions\/118526"}],"wp:featuredmedia":[{"embeddable":true,"href":"https:\/\/ekamu.net\/index.php\/wp-json\/wp\/v2\/media\/118524"}],"wp:attachment":[{"href":"https:\/\/ekamu.net\/index.php\/wp-json\/wp\/v2\/media?parent=118523"}],"wp:term":[{"taxonomy":"category","embeddable":true,"href":"https:\/\/ekamu.net\/index.php\/wp-json\/wp\/v2\/categories?post=118523"},{"taxonomy":"post_tag","embeddable":true,"href":"https:\/\/ekamu.net\/index.php\/wp-json\/wp\/v2\/tags?post=118523"}],"curies":[{"name":"wp","href":"https:\/\/api.w.org\/{rel}","templated":true}]}}