{"id":118742,"date":"2026-01-27T15:40:08","date_gmt":"2026-01-27T15:40:08","guid":{"rendered":"https:\/\/ekamu.net\/?p=118742"},"modified":"2026-01-27T15:40:08","modified_gmt":"2026-01-27T15:40:08","slug":"apple-iphone-air-2de-tasarim-sinirlarini-daha-da-zorlayacak","status":"publish","type":"post","link":"https:\/\/ekamu.net\/index.php\/2026\/01\/27\/apple-iphone-air-2de-tasarim-sinirlarini-daha-da-zorlayacak\/","title":{"rendered":"Apple, iPhone Air 2&#8217;de tasar\u0131m s\u0131n\u0131rlar\u0131n\u0131 daha da zorlayacak"},"content":{"rendered":"<p><figure> <span> <img decoding=\"async\" src=\"https:\/\/ekamu.net\/wp-content\/uploads\/2026\/01\/apple-iphone-air-2de-tasarim-sinirlarini-daha-da-zorlayacak-0-H3DFpciq.jpg\"\/> <\/span> Apple&#8217;\u0131n tedarik\u00e7ilerden <strong>ultra ince Face ID mod\u00fcl\u00fc<\/strong> \u00fcretmelerini istedi\u011fi s\u00f6yleniyor. Bu daha k\u00fc\u00e7\u00fck sistem, Apple&#8217;a ana lensin yan\u0131na ultra geni\u015f a\u00e7\u0131l\u0131 kamera eklemek i\u00e7in yeterli alan sa\u011flayacak. Cihaz\u0131n y\u00fcksek fiyat\u0131 g\u00f6z \u00f6n\u00fcne al\u0131nd\u0131\u011f\u0131nda, Apple\u2019\u0131n iPhone Air&#8217;in ince tasar\u0131m\u0131 i\u00e7in \u00e7ok fazla donan\u0131mdan \u00f6d\u00fcn verdi\u011fi y\u00f6n\u00fcndeki \u015fikayetleri \u00e7\u00f6zmek istiyor. <\/figure>\n<p><b>Daha k\u00fc\u00e7\u00fck Face ID sistemi, ikinci kamera<\/b><\/p>\n<p>Apple, bataryaya yer a\u00e7mak amac\u0131yla <strong>iPhone Air<\/strong>\u2019\u0131n \u00fcst k\u0131sm\u0131na bir\u00e7ok par\u00e7a yerle\u015ftiriyor. Bu nedenle, ikinci bir arka kamera eklemek, i\u00e7 d\u00fczenin yeniden tasarlanmas\u0131n\u0131 gerektirecek. Daha ince Face ID birimi, m\u00fchendislere telefonu ince tutarken par\u00e7alar\u0131 hareket ettirme konusunda daha fazla serbestlik sa\u011flayacak.<\/p>\n<p>Bu y\u0131l\u0131n sonlar\u0131nda piyasaya s\u00fcr\u00fclmesi beklenen katlanabilir iPhone i\u00e7in Apple\u2019\u0131n, cihaz\u0131 olabildi\u011fince ince hale getirmek amac\u0131yla Face ID yerine yan d\u00fc\u011fmeye Touch ID&#8217;yi entegre etmeyi tercih etti\u011fi bildiriliyor. Daha k\u00fc\u00e7\u00fck TrueDepth kamera sistemi tasarlamak, muhtemelen yeni nesil modelin y\u00fcz tan\u0131ma sistemine ge\u00e7mesine yol a\u00e7abilir. Ultra ince Face ID mod\u00fcl\u00fcn\u00fcn MacBook\u2019lara da gelece\u011fi tahmin ediliyor ancak Apple&#8217;\u0131n bunun \u00fczerinde \u00e7al\u0131\u015ft\u0131\u011f\u0131na dair bir s\u00f6ylenti yok.<\/p>\n\n<p><span style=\"display: block; width: 343.125px; color: rgb(55, 58, 60); font-size: 14px; background-color: rgb(255, 249, 236);\"><\/span><\/p>\n<p>Kaynak :\u00a0<span style=\"background-color: rgb(255, 249, 236); color: rgb(55, 58, 60); font-size: 14px;\">https:\/\/www.donanimhaber.com\/apple-iphone-air-2-de-tasarim-sinirlarini-daha-da-zorlayacak&#8211;201335<\/span><\/p>\n","protected":false},"excerpt":{"rendered":"<p>Apple&#8217;\u0131n tedarik\u00e7ilerden ultra ince Face ID mod\u00fcl\u00fc \u00fcretmelerini istedi\u011fi s\u00f6yleniyor. Bu daha k\u00fc\u00e7\u00fck sistem, Apple&#8217;a ana lensin yan\u0131na ultra geni\u015f a\u00e7\u0131l\u0131 kamera eklemek i\u00e7in yeterli alan sa\u011flayacak. Cihaz\u0131n y\u00fcksek fiyat\u0131 g\u00f6z \u00f6n\u00fcne al\u0131nd\u0131\u011f\u0131nda, Apple &#8230;<\/p>\n","protected":false},"author":1,"featured_media":118743,"comment_status":"open","ping_status":"open","sticky":false,"template":"","format":"standard","meta":{"footnotes":""},"categories":[8],"tags":[7101,1416],"class_list":["post-118742","post","type-post","status-publish","format-standard","has-post-thumbnail","hentry","category-teknoloji","tag-face-id","tag-ince"],"_links":{"self":[{"href":"https:\/\/ekamu.net\/index.php\/wp-json\/wp\/v2\/posts\/118742","targetHints":{"allow":["GET"]}}],"collection":[{"href":"https:\/\/ekamu.net\/index.php\/wp-json\/wp\/v2\/posts"}],"about":[{"href":"https:\/\/ekamu.net\/index.php\/wp-json\/wp\/v2\/types\/post"}],"author":[{"embeddable":true,"href":"https:\/\/ekamu.net\/index.php\/wp-json\/wp\/v2\/users\/1"}],"replies":[{"embeddable":true,"href":"https:\/\/ekamu.net\/index.php\/wp-json\/wp\/v2\/comments?post=118742"}],"version-history":[{"count":1,"href":"https:\/\/ekamu.net\/index.php\/wp-json\/wp\/v2\/posts\/118742\/revisions"}],"predecessor-version":[{"id":118745,"href":"https:\/\/ekamu.net\/index.php\/wp-json\/wp\/v2\/posts\/118742\/revisions\/118745"}],"wp:featuredmedia":[{"embeddable":true,"href":"https:\/\/ekamu.net\/index.php\/wp-json\/wp\/v2\/media\/118743"}],"wp:attachment":[{"href":"https:\/\/ekamu.net\/index.php\/wp-json\/wp\/v2\/media?parent=118742"}],"wp:term":[{"taxonomy":"category","embeddable":true,"href":"https:\/\/ekamu.net\/index.php\/wp-json\/wp\/v2\/categories?post=118742"},{"taxonomy":"post_tag","embeddable":true,"href":"https:\/\/ekamu.net\/index.php\/wp-json\/wp\/v2\/tags?post=118742"}],"curies":[{"name":"wp","href":"https:\/\/api.w.org\/{rel}","templated":true}]}}