{"id":122291,"date":"2026-02-27T20:38:15","date_gmt":"2026-02-27T20:38:15","guid":{"rendered":"https:\/\/ekamu.net\/?p=122291"},"modified":"2026-02-27T20:42:50","modified_gmt":"2026-02-27T20:42:50","slug":"infaz-koruma-memurlarinin-calisma-kosullarina-yonelik-duzenleme-beklentisi-gundemde","status":"publish","type":"post","link":"https:\/\/ekamu.net\/index.php\/2026\/02\/27\/infaz-koruma-memurlarinin-calisma-kosullarina-yonelik-duzenleme-beklentisi-gundemde\/","title":{"rendered":"\u0130nfaz koruma memurlar\u0131n\u0131n \u00e7al\u0131\u015fma ko\u015fullar\u0131na y\u00f6nelik d\u00fczenleme beklentisi g\u00fcndemde"},"content":{"rendered":"\n<p>T\u00fcrkiye genelindeki ceza infaz kurumlar\u0131nda g\u00f6rev yapan infaz ve koruma memurlar\u0131n\u0131n \u00e7al\u0131\u015fma \u015fartlar\u0131 ve \u00f6zl\u00fck haklar\u0131na ili\u015fkin beklentileri kamuoyunda zaman zaman g\u00fcndeme geliyor. Meslek temsilcileri, g\u00f6revlerinin g\u00fcvenlik sorumlulu\u011fu y\u00fcksek bir alan\u0131 kapsad\u0131\u011f\u0131n\u0131 belirterek mevcut uygulamalar\u0131n geli\u015ftirilmesine y\u00f6nelik \u00e7e\u015fitli \u00f6neriler payla\u015f\u0131yor.<\/p>\n\n\n\n<p>Personel, \u00f6zellikle g\u00f6rev riskine ba\u011fl\u0131 tazminatlar\u0131n g\u00f6zden ge\u00e7irilmesi ve ekonomik ko\u015fullara paralel iyile\u015ftirmelerin yap\u0131lmas\u0131n\u0131n mesleki motivasyonu art\u0131raca\u011f\u0131n\u0131 ifade ediyor. Yetkililer ise kamu personeline y\u00f6nelik d\u00fczenlemelerin b\u00fct\u00e7e dengeleri ve genel kamu politikalar\u0131 \u00e7er\u00e7evesinde de\u011ferlendirildi\u011fini vurguluyor.<\/p>\n\n\n\n<figure class=\"wp-block-image size-large\"><img decoding=\"async\" src=\"https:\/\/i.pinimg.com\/1200x\/6f\/d2\/30\/6fd230472665878f8685fa62cbfd5eb4.jpg\" alt=\"\"\/><\/figure>\n\n\n\n<p>#\u0130nfazKorumaMemuru#\u0130KM#CezaeviPersoneli#AdaletBakanl\u0131\u011f\u0131#Kamu\u00c7al\u0131\u015fanlar\u0131#MemurHaberleri<\/p>\n\n\n\n<p><\/p>\n","protected":false},"excerpt":{"rendered":"<p>T\u00fcrkiye genelindeki ceza infaz kurumlar\u0131nda g\u00f6rev yapan infaz ve koruma memurlar\u0131n\u0131n \u00e7al\u0131\u015fma \u015fartlar\u0131 ve \u00f6zl\u00fck haklar\u0131na&#46;&#46;&#46;<\/p>\n","protected":false},"author":1,"featured_media":0,"comment_status":"open","ping_status":"open","sticky":false,"template":"","format":"standard","meta":{"footnotes":""},"categories":[37],"tags":[],"class_list":["post-122291","post","type-post","status-publish","format-standard","hentry","category-kamu"],"_links":{"self":[{"href":"https:\/\/ekamu.net\/index.php\/wp-json\/wp\/v2\/posts\/122291","targetHints":{"allow":["GET"]}}],"collection":[{"href":"https:\/\/ekamu.net\/index.php\/wp-json\/wp\/v2\/posts"}],"about":[{"href":"https:\/\/ekamu.net\/index.php\/wp-json\/wp\/v2\/types\/post"}],"author":[{"embeddable":true,"href":"https:\/\/ekamu.net\/index.php\/wp-json\/wp\/v2\/users\/1"}],"replies":[{"embeddable":true,"href":"https:\/\/ekamu.net\/index.php\/wp-json\/wp\/v2\/comments?post=122291"}],"version-history":[{"count":1,"href":"https:\/\/ekamu.net\/index.php\/wp-json\/wp\/v2\/posts\/122291\/revisions"}],"predecessor-version":[{"id":122293,"href":"https:\/\/ekamu.net\/index.php\/wp-json\/wp\/v2\/posts\/122291\/revisions\/122293"}],"wp:attachment":[{"href":"https:\/\/ekamu.net\/index.php\/wp-json\/wp\/v2\/media?parent=122291"}],"wp:term":[{"taxonomy":"category","embeddable":true,"href":"https:\/\/ekamu.net\/index.php\/wp-json\/wp\/v2\/categories?post=122291"},{"taxonomy":"post_tag","embeddable":true,"href":"https:\/\/ekamu.net\/index.php\/wp-json\/wp\/v2\/tags?post=122291"}],"curies":[{"name":"wp","href":"https:\/\/api.w.org\/{rel}","templated":true}]}}