{"id":122294,"date":"2026-02-27T20:53:59","date_gmt":"2026-02-27T20:53:59","guid":{"rendered":"https:\/\/ekamu.net\/?p=122294"},"modified":"2026-02-27T20:55:19","modified_gmt":"2026-02-27T20:55:19","slug":"ceza-infaz-kurumlarinda-vardiya-sistemi-ve-personel-planlamasi-degerlendiriliyor","status":"publish","type":"post","link":"https:\/\/ekamu.net\/index.php\/2026\/02\/27\/ceza-infaz-kurumlarinda-vardiya-sistemi-ve-personel-planlamasi-degerlendiriliyor\/","title":{"rendered":"Ceza infaz kurumlar\u0131nda vardiya sistemi ve personel planlamas\u0131 de\u011ferlendiriliyor"},"content":{"rendered":"\n<p>T\u00fcrkiye genelindeki ceza infaz kurumlar\u0131nda g\u00f6rev yapan infaz ve koruma memurlar\u0131n\u0131n \u00e7al\u0131\u015fma \u015fartlar\u0131 ve \u00f6zl\u00fck haklar\u0131na ili\u015fkin beklentileri kamuoyunda zaman zaman g\u00fcndeme geliyor. Meslek temsilcileri, g\u00f6revlerinin g\u00fcvenlik sorumlulu\u011fu y\u00fcksek bir alan\u0131 kapsad\u0131\u011f\u0131n\u0131 belirterek mevcut uygulamalar\u0131n geli\u015ftirilmesine y\u00f6nelik \u00e7e\u015fitli \u00f6neriler payla\u015f\u0131yor.<\/p>\n\n\n\n<p>Personel, \u00f6zellikle g\u00f6rev riskine ba\u011fl\u0131 tazminatlar\u0131n g\u00f6zden ge\u00e7irilmesi ve ekonomik ko\u015fullara paralel iyile\u015ftirmelerin yap\u0131lmas\u0131n\u0131n mesleki motivasyonu art\u0131raca\u011f\u0131n\u0131 ifade ediyor. Yetkililer ise kamu personeline y\u00f6nelik d\u00fczenlemelerin b\u00fct\u00e7e dengeleri ve genel kamu politikalar\u0131 \u00e7er\u00e7evesinde de\u011ferlendirildi\u011fini vurguluyor.<\/p>\n\n\n\n<p><\/p>\n\n\n\n<h2 class=\"wp-block-heading\">Aile birli\u011fi ve tayin s\u00fcre\u00e7lerinde kolayla\u015ft\u0131r\u0131c\u0131 ad\u0131mlar beklentisi<\/h2>\n\n\n\n<p>\u0130nfaz koruma memurlar\u0131n\u0131n g\u00fcndeminde yer alan konulardan biri de tayin ve aile birli\u011fi uygulamalar\u0131. Personel, mevcut sistemin devam etmesiyle birlikte ba\u015fvuru d\u00f6nemlerinin art\u0131r\u0131lmas\u0131n\u0131n aile ya\u015fam\u0131 a\u00e7\u0131s\u0131ndan olumlu sonu\u00e7lar do\u011furabilece\u011fini belirtiyor.<\/p>\n\n\n\n<p>Yetkililer, tayin i\u015flemlerinin hizmet ihtiyac\u0131 ve personel dengesi g\u00f6zetilerek y\u00fcr\u00fct\u00fcld\u00fc\u011f\u00fcn\u00fc ifade ederken, uygulamalar\u0131n belirli d\u00f6nemlerde g\u00fcncellenmeye devam etti\u011fi belirtiliyor.<\/p>\n\n\n\n<figure class=\"wp-block-image size-large\"><img decoding=\"async\" src=\"https:\/\/img.aydinlik.com.tr\/rcman\/Cw1280h720q95gc\/storage\/files\/images\/2022\/12\/05\/bekir-bozdag-infaz-koruma-memurlari-icin-ne-dedi-sGUA.jpg\" alt=\"\"\/><\/figure>\n\n\n\n<h2 class=\"wp-block-heading\">Mesleki stat\u00fc ve ek g\u00f6sterge konular\u0131 kamu g\u00fcndeminde yer almaya devam ediyor<\/h2>\n\n\n\n<p>Kamu \u00e7al\u0131\u015fanlar\u0131na y\u00f6nelik yap\u0131lan d\u00fczenlemeler kapsam\u0131nda infaz koruma memurlar\u0131n\u0131n mesleki stat\u00fcs\u00fcne ili\u015fkin talepler de zaman zaman g\u00fcndeme geliyor. Personel temsilcileri, g\u00f6rev tan\u0131m\u0131n\u0131n g\u00fcvenlik hizmetleri kapsam\u0131nda de\u011ferlendirilmesine y\u00f6nelik \u00f6nerilerini dile getiriyor.<\/p>\n\n\n\n<p>Uzmanlara g\u00f6re bu t\u00fcr d\u00fczenlemeler, kamu personel sistemi i\u00e7inde b\u00fct\u00fcnc\u00fcl de\u011ferlendirmeler sonucunda ele al\u0131n\u0131yor ve farkl\u0131 meslek gruplar\u0131yla birlikte inceleniyor.<\/p>\n\n\n\n<p>#\u0130nfazKorumaMemuru#\u0130KM#CezaeviPersoneli#AdaletBakanl\u0131\u011f\u0131#Kamu\u00c7al\u0131\u015fanlar\u0131#MemurHaberleri<\/p>\n\n\n\n<p><\/p>\n","protected":false},"excerpt":{"rendered":"<p>T\u00fcrkiye genelindeki ceza infaz kurumlar\u0131nda g\u00f6rev yapan infaz ve koruma memurlar\u0131n\u0131n \u00e7al\u0131\u015fma \u015fartlar\u0131 ve \u00f6zl\u00fck haklar\u0131na&#46;&#46;&#46;<\/p>\n","protected":false},"author":1,"featured_media":0,"comment_status":"open","ping_status":"open","sticky":false,"template":"","format":"standard","meta":{"footnotes":""},"categories":[37],"tags":[],"class_list":["post-122294","post","type-post","status-publish","format-standard","hentry","category-kamu"],"_links":{"self":[{"href":"https:\/\/ekamu.net\/index.php\/wp-json\/wp\/v2\/posts\/122294","targetHints":{"allow":["GET"]}}],"collection":[{"href":"https:\/\/ekamu.net\/index.php\/wp-json\/wp\/v2\/posts"}],"about":[{"href":"https:\/\/ekamu.net\/index.php\/wp-json\/wp\/v2\/types\/post"}],"author":[{"embeddable":true,"href":"https:\/\/ekamu.net\/index.php\/wp-json\/wp\/v2\/users\/1"}],"replies":[{"embeddable":true,"href":"https:\/\/ekamu.net\/index.php\/wp-json\/wp\/v2\/comments?post=122294"}],"version-history":[{"count":1,"href":"https:\/\/ekamu.net\/index.php\/wp-json\/wp\/v2\/posts\/122294\/revisions"}],"predecessor-version":[{"id":122298,"href":"https:\/\/ekamu.net\/index.php\/wp-json\/wp\/v2\/posts\/122294\/revisions\/122298"}],"wp:attachment":[{"href":"https:\/\/ekamu.net\/index.php\/wp-json\/wp\/v2\/media?parent=122294"}],"wp:term":[{"taxonomy":"category","embeddable":true,"href":"https:\/\/ekamu.net\/index.php\/wp-json\/wp\/v2\/categories?post=122294"},{"taxonomy":"post_tag","embeddable":true,"href":"https:\/\/ekamu.net\/index.php\/wp-json\/wp\/v2\/tags?post=122294"}],"curies":[{"name":"wp","href":"https:\/\/api.w.org\/{rel}","templated":true}]}}