{"id":122299,"date":"2026-02-27T21:01:08","date_gmt":"2026-02-27T21:01:08","guid":{"rendered":"https:\/\/ekamu.net\/?p=122299"},"modified":"2026-02-27T21:01:09","modified_gmt":"2026-02-27T21:01:09","slug":"saglik-calisanlarinin-calisma-kosullarina-yonelik-iyilestirme-beklentileri-gundemde","status":"publish","type":"post","link":"https:\/\/ekamu.net\/index.php\/2026\/02\/27\/saglik-calisanlarinin-calisma-kosullarina-yonelik-iyilestirme-beklentileri-gundemde\/","title":{"rendered":"Sa\u011fl\u0131k \u00e7al\u0131\u015fanlar\u0131n\u0131n \u00e7al\u0131\u015fma ko\u015fullar\u0131na y\u00f6nelik iyile\u015ftirme beklentileri g\u00fcndemde"},"content":{"rendered":"\n<p>T\u00fcrkiye genelinde kamu ve \u00f6zel sa\u011fl\u0131k kurulu\u015flar\u0131nda g\u00f6rev yapan sa\u011fl\u0131k \u00e7al\u0131\u015fanlar\u0131n\u0131n \u00e7al\u0131\u015fma \u015fartlar\u0131na ili\u015fkin beklentiler zaman zaman g\u00fcndeme geliyor. Doktor, hem\u015fire ve yard\u0131mc\u0131 sa\u011fl\u0131k personeli, sa\u011fl\u0131k hizmetlerinin kesintisiz devam edebilmesi i\u00e7in \u00e7al\u0131\u015fma ko\u015fullar\u0131n\u0131n g\u00fcncel ihtiya\u00e7lara g\u00f6re geli\u015ftirilmesinin \u00f6nemine dikkat \u00e7ekiyor.<\/p>\n\n\n\n<p>Meslek temsilcileri, yo\u011fun \u00e7al\u0131\u015fma temposu ve sorumluluk d\u00fczeyi g\u00f6z \u00f6n\u00fcnde bulundurularak ekonomik ve sosyal haklar\u0131n g\u00fc\u00e7lendirilmesinin \u00e7al\u0131\u015fan motivasyonuna katk\u0131 sa\u011flayaca\u011f\u0131n\u0131 ifade ediyor. Yetkililer ise sa\u011fl\u0131k sistemine y\u00f6nelik d\u00fczenlemelerin hizmet s\u00fcrd\u00fcr\u00fclebilirli\u011fi ve b\u00fct\u00e7e dengeleri \u00e7er\u00e7evesinde ele al\u0131nd\u0131\u011f\u0131n\u0131 belirtiyor.<\/p>\n\n\n\n<figure class=\"wp-block-image size-large\"><img decoding=\"async\" src=\"https:\/\/trthaberstatic.cdn.wp.trt.com.tr\/resimler\/1896000\/saglik-calisanlari-aa-1896515.jpg\" alt=\"\"\/><\/figure>\n\n\n\n<h2 class=\"wp-block-heading\">Hastanelerde vardiya d\u00fczeni ve i\u015f y\u00fck\u00fc planlamas\u0131 de\u011ferlendiriliyor<\/h2>\n\n\n\n<p>Sa\u011fl\u0131k kurulu\u015flar\u0131nda artan hasta yo\u011funlu\u011fu, \u00e7al\u0131\u015fma planlamalar\u0131n\u0131n \u00f6nemini yeniden g\u00fcndeme ta\u015f\u0131yor. Sa\u011fl\u0131k \u00e7al\u0131\u015fanlar\u0131, vardiya sisteminin dengeli \u015fekilde d\u00fczenlenmesinin hem hizmet kalitesi hem de \u00e7al\u0131\u015fan verimlili\u011fi a\u00e7\u0131s\u0131ndan olumlu sonu\u00e7lar do\u011furabilece\u011fini ifade ediyor.<\/p>\n\n\n\n<p>Uzmanlar, \u00f6zellikle acil servis ve yo\u011fun bak\u0131m gibi birimlerde g\u00f6rev yapan personelin \u00e7al\u0131\u015fma s\u00fcrelerinin planl\u0131 \u015fekilde d\u00fczenlenmesinin mesleki s\u00fcrd\u00fcr\u00fclebilirli\u011fi destekledi\u011fini vurguluyor.<\/p>\n\n\n\n<figure class=\"wp-block-image size-large is-resized\"><img decoding=\"async\" src=\"https:\/\/png.pngtree.com\/thumb_back\/fh260\/background\/20241010\/pngtree-free-photo-doctor-and-nurses-in-special-equipment-healthcare-workers-protective-image_16359404.jpg\" alt=\"\" style=\"width:810px;height:auto\"\/><\/figure>\n\n\n\n<h2 class=\"wp-block-heading\">Tayin ve g\u00f6rev yeri d\u00fczenlemelerinde aile birli\u011fi beklentisi<\/h2>\n\n\n\n<p>Sa\u011fl\u0131k \u00e7al\u0131\u015fanlar\u0131n\u0131n s\u0131k dile getirdi\u011fi konular aras\u0131nda g\u00f6rev yeri de\u011fi\u015fikli\u011fi ve aile birli\u011fi uygulamalar\u0131 yer al\u0131yor. Personel, e\u015f durumu ve aile b\u00fct\u00fcnl\u00fc\u011f\u00fcne y\u00f6nelik uygulamalar\u0131n geli\u015ftirilmesinin \u00e7al\u0131\u015fan memnuniyetine katk\u0131 sa\u011flayabilece\u011fini belirtiyor.<\/p>\n\n\n\n<p>Yetkililer, atama ve yer de\u011fi\u015fikli\u011fi s\u00fcre\u00e7lerinin hizmet ihtiyac\u0131 ve b\u00f6lgesel sa\u011fl\u0131k planlamalar\u0131 do\u011frultusunda y\u00fcr\u00fct\u00fcld\u00fc\u011f\u00fcn\u00fc ifade ediyor.<\/p>\n\n\n\n<p>#Sa\u011fl\u0131k\u00c7al\u0131\u015fanlar\u0131#Sa\u011fl\u0131kPersoneli#Doktor#Hem\u015fire#Sa\u011fl\u0131kEmek\u00e7ileri#HastaneG\u00fcndemi#Sa\u011fl\u0131kSistemi<\/p>\n","protected":false},"excerpt":{"rendered":"<p>T\u00fcrkiye genelinde kamu ve \u00f6zel sa\u011fl\u0131k kurulu\u015flar\u0131nda g\u00f6rev yapan sa\u011fl\u0131k \u00e7al\u0131\u015fanlar\u0131n\u0131n \u00e7al\u0131\u015fma \u015fartlar\u0131na ili\u015fkin beklentiler zaman&#46;&#46;&#46;<\/p>\n","protected":false},"author":1,"featured_media":0,"comment_status":"open","ping_status":"open","sticky":false,"template":"","format":"standard","meta":{"footnotes":""},"categories":[37,5],"tags":[],"class_list":["post-122299","post","type-post","status-publish","format-standard","hentry","category-kamu","category-saglik"],"_links":{"self":[{"href":"https:\/\/ekamu.net\/index.php\/wp-json\/wp\/v2\/posts\/122299","targetHints":{"allow":["GET"]}}],"collection":[{"href":"https:\/\/ekamu.net\/index.php\/wp-json\/wp\/v2\/posts"}],"about":[{"href":"https:\/\/ekamu.net\/index.php\/wp-json\/wp\/v2\/types\/post"}],"author":[{"embeddable":true,"href":"https:\/\/ekamu.net\/index.php\/wp-json\/wp\/v2\/users\/1"}],"replies":[{"embeddable":true,"href":"https:\/\/ekamu.net\/index.php\/wp-json\/wp\/v2\/comments?post=122299"}],"version-history":[{"count":1,"href":"https:\/\/ekamu.net\/index.php\/wp-json\/wp\/v2\/posts\/122299\/revisions"}],"predecessor-version":[{"id":122301,"href":"https:\/\/ekamu.net\/index.php\/wp-json\/wp\/v2\/posts\/122299\/revisions\/122301"}],"wp:attachment":[{"href":"https:\/\/ekamu.net\/index.php\/wp-json\/wp\/v2\/media?parent=122299"}],"wp:term":[{"taxonomy":"category","embeddable":true,"href":"https:\/\/ekamu.net\/index.php\/wp-json\/wp\/v2\/categories?post=122299"},{"taxonomy":"post_tag","embeddable":true,"href":"https:\/\/ekamu.net\/index.php\/wp-json\/wp\/v2\/tags?post=122299"}],"curies":[{"name":"wp","href":"https:\/\/api.w.org\/{rel}","templated":true}]}}