{"id":122302,"date":"2026-02-27T21:16:15","date_gmt":"2026-02-27T21:16:15","guid":{"rendered":"https:\/\/ekamu.net\/?p=122302"},"modified":"2026-02-27T21:16:16","modified_gmt":"2026-02-27T21:16:16","slug":"ogretmenlerin-calisma-duzenine-yonelik-yeni-beklentiler-gundemde","status":"publish","type":"post","link":"https:\/\/ekamu.net\/index.php\/2026\/02\/27\/ogretmenlerin-calisma-duzenine-yonelik-yeni-beklentiler-gundemde\/","title":{"rendered":"\u00d6\u011fretmenlerin \u00c7al\u0131\u015fma D\u00fczenine Y\u00f6nelik Yeni Beklentiler G\u00fcndemde"},"content":{"rendered":"\n<p><strong>E\u011fitim \u00e7al\u0131\u015fanlar\u0131 \u00e7al\u0131\u015fma ko\u015fullar\u0131, g\u00f6rev da\u011f\u0131l\u0131m\u0131 ve mesleki planlama ba\u015fl\u0131klar\u0131nda yap\u0131labilecek iyile\u015ftirmeleri de\u011ferlendiriyor<\/strong><\/p>\n\n\n\n<p>T\u00fcrkiye genelinde g\u00f6rev yapan \u00f6\u011fretmenlerin \u00e7al\u0131\u015fma d\u00fczenine ili\u015fkin beklentiler, yeni e\u011fitim d\u00f6nemine yakla\u015f\u0131l\u0131rken yeniden g\u00fcndeme geldi. E\u011fitim camias\u0131nda yap\u0131lan de\u011ferlendirmelerde, ders saatleri d\u0131\u015f\u0131ndaki g\u00f6revler, okul i\u00e7i sorumluluklar ve idari s\u00fcre\u00e7lerin planlanmas\u0131 gibi konular\u0131n \u00f6\u011fretmenlerin g\u00fcnl\u00fck \u00e7al\u0131\u015fma temposunu do\u011frudan etkiledi\u011fi ifade ediliyor. Uzmanlar, \u00e7al\u0131\u015fma d\u00fczenine y\u00f6nelik dengeli planlamalar\u0131n hem \u00f6\u011fretmen motivasyonu hem de e\u011fitim kalitesi a\u00e7\u0131s\u0131ndan \u00f6nemli rol oynad\u0131\u011f\u0131n\u0131 belirtiyor.<\/p>\n\n\n\n<h3 class=\"wp-block-heading\">Ders d\u0131\u015f\u0131 g\u00f6revler ve i\u015f y\u00fck\u00fc planlamas\u0131 \u00f6ne \u00e7\u0131k\u0131yor<\/h3>\n\n\n\n<p>E\u011fitim kurumlar\u0131nda \u00f6\u011fretmenler yaln\u0131zca ders anlat\u0131m\u0131yla de\u011fil; n\u00f6bet g\u00f6revleri, \u00f6l\u00e7me-de\u011ferlendirme s\u00fcre\u00e7leri, veli g\u00f6r\u00fc\u015fmeleri, sosyal etkinlik organizasyonlar\u0131 ve \u00e7e\u015fitli komisyon \u00e7al\u0131\u015fmalar\u0131nda da aktif rol al\u0131yor. Bu durum, \u00f6zellikle yo\u011fun d\u00f6nemlerde i\u015f y\u00fck\u00fcn\u00fcn artmas\u0131na neden olabiliyor.<\/p>\n\n\n\n<p>E\u011fitim y\u00f6neticileri, g\u00f6rev da\u011f\u0131l\u0131m\u0131n\u0131n planl\u0131 yap\u0131lmas\u0131n\u0131n okul i\u00e7i i\u015fleyi\u015fi kolayla\u015ft\u0131rd\u0131\u011f\u0131n\u0131 ifade ederken, \u00f6\u011fretmenler ise sorumluluklar\u0131n dengeli payla\u015f\u0131lmas\u0131n\u0131n mesleki verimlili\u011fe katk\u0131 sa\u011flad\u0131\u011f\u0131n\u0131 dile getiriyor. E\u011fitim uzmanlar\u0131na g\u00f6re, a\u00e7\u0131k g\u00f6rev tan\u0131mlar\u0131 ve \u00f6nceden belirlenen \u00e7al\u0131\u015fma takvimleri, i\u015f y\u00fck\u00fc y\u00f6netiminde \u00f6nemli bir avantaj olu\u015fturuyor.<\/p>\n\n\n<div class=\"wp-block-image\">\n<figure class=\"alignright size-large is-resized\"><img decoding=\"async\" src=\"https:\/\/i.pinimg.com\/736x\/5a\/af\/2a\/5aaf2a571a5930748f1409f56443d7d2.jpg\" alt=\"\" style=\"aspect-ratio:0.750265596952046;width:496px;height:auto\"\/><\/figure>\n<\/div>\n\n\n<h3 class=\"wp-block-heading\">\u00c7al\u0131\u015fma d\u00fczeni ile e\u011fitim kalitesi aras\u0131ndaki ili\u015fki<\/h3>\n\n\n\n<p>Alan uzmanlar\u0131, \u00f6\u011fretmenlerin \u00e7al\u0131\u015fma ko\u015fullar\u0131n\u0131n do\u011frudan s\u0131n\u0131f i\u00e7i performansa yans\u0131d\u0131\u011f\u0131 g\u00f6r\u00fc\u015f\u00fcnde birle\u015fiyor. Planl\u0131 ve \u00f6ng\u00f6r\u00fclebilir bir \u00e7al\u0131\u015fma d\u00fczeninin, \u00f6\u011fretmenlerin ders haz\u0131rl\u0131klar\u0131na daha fazla zaman ay\u0131rabilmesine olanak sa\u011flad\u0131\u011f\u0131 belirtiliyor. Bu durumun \u00f6\u011frenci ba\u015far\u0131s\u0131 ve \u00f6\u011frenme ortam\u0131 \u00fczerinde olumlu etkiler olu\u015fturdu\u011fu ifade ediliyor.<\/p>\n\n\n\n<p>E\u011fitim ara\u015ft\u0131rmalar\u0131nda da \u00f6\u011fretmen memnuniyetinin y\u00fcksek oldu\u011fu okullarda kurumsal ileti\u015fimin daha g\u00fc\u00e7l\u00fc oldu\u011fu ve e\u011fitim s\u00fcre\u00e7lerinin daha sa\u011fl\u0131kl\u0131 y\u00fcr\u00fct\u00fcld\u00fc\u011f\u00fc g\u00f6r\u00fcl\u00fcyor. Bu nedenle \u00e7al\u0131\u015fma d\u00fczenine ili\u015fkin de\u011ferlendirmeler yaln\u0131zca personel konusu de\u011fil, ayn\u0131 zamanda e\u011fitim sisteminin genel verimlili\u011fi a\u00e7\u0131s\u0131ndan ele al\u0131n\u0131yor.<\/p>\n\n\n\n<h3 class=\"wp-block-heading\">Dijitalle\u015fme ve idari s\u00fcre\u00e7lerin sadele\u015fmesi tart\u0131\u015f\u0131l\u0131yor<\/h3>\n\n\n\n<p>Son y\u0131llarda e\u011fitim kurumlar\u0131nda dijital sistemlerin yayg\u0131nla\u015fmas\u0131yla birlikte raporlama ve veri giri\u015f s\u00fcre\u00e7leri \u00f6nemli \u00f6l\u00e7\u00fcde de\u011fi\u015fti. Ancak baz\u0131 e\u011fitimciler, dijital i\u015flemlerin zaman zaman ek i\u015f y\u00fck\u00fc olu\u015fturabildi\u011fini belirtiyor. Bu nedenle idari s\u00fcre\u00e7lerin sadele\u015ftirilmesi ve teknolojik ara\u00e7lar\u0131n daha kullan\u0131c\u0131 dostu hale getirilmesi \u00f6nerileri g\u00fcndeme geliyor.<\/p>\n\n\n\n<p>Uzmanlara g\u00f6re dijitalle\u015fmenin temel amac\u0131, \u00f6\u011fretmenlerin idari i\u015flere ay\u0131rd\u0131\u011f\u0131 zaman\u0131 azaltarak e\u011fitim faaliyetlerine daha fazla odaklanmalar\u0131n\u0131 sa\u011flamak olmal\u0131. Bu do\u011frultuda geli\u015ftirilecek uygulamalar\u0131n, sahadan gelen geri bildirimler do\u011frultusunda \u015fekillendirilmesi \u00f6nem ta\u015f\u0131yor.<\/p>\n\n\n<div class=\"wp-block-image\">\n<figure class=\"alignleft size-large is-resized\"><img decoding=\"async\" src=\"https:\/\/i.pinimg.com\/736x\/7c\/d9\/d7\/7cd9d7e118b6ef6ab67731b4b75e7e07.jpg\" alt=\"\" style=\"width:527px;height:auto\"\/><\/figure>\n<\/div>\n\n\n<h3 class=\"wp-block-heading\">Mesleki motivasyon ve kurumsal destek vurgusu<\/h3>\n\n\n\n<p>E\u011fitim \u00e7al\u0131\u015fanlar\u0131 aras\u0131nda yap\u0131lan de\u011ferlendirmelerde motivasyonun yaln\u0131zca ekonomik unsurlarla de\u011fil, \u00e7al\u0131\u015fma ortam\u0131 ve kurumsal destekle de yak\u0131ndan ili\u015fkili oldu\u011fu ifade ediliyor. Okul y\u00f6netimleri ile \u00f6\u011fretmenler aras\u0131ndaki ileti\u015fimin g\u00fc\u00e7l\u00fc olmas\u0131, g\u00f6rev payla\u015f\u0131m\u0131n\u0131n \u015feffaf y\u00fcr\u00fct\u00fclmesi ve mesleki geli\u015fim f\u0131rsatlar\u0131n\u0131n art\u0131r\u0131lmas\u0131, motivasyonu destekleyen unsurlar aras\u0131nda g\u00f6steriliyor.<\/p>\n\n\n\n<p>Uzmanlar, \u00f6\u011fretmenlerin karar s\u00fcre\u00e7lerine kat\u0131l\u0131m\u0131n\u0131n art\u0131r\u0131lmas\u0131n\u0131n kurum i\u00e7i aidiyet duygusunu g\u00fc\u00e7lendirdi\u011fini belirtiyor. Bu yakla\u015f\u0131m\u0131n, okul k\u00fclt\u00fcr\u00fcn\u00fc olumlu y\u00f6nde etkileyerek e\u011fitim ortam\u0131nda s\u00fcrd\u00fcr\u00fclebilir bir denge olu\u015fturabilece\u011fi de\u011ferlendiriliyor.<\/p>\n\n\n\n<h3 class=\"wp-block-heading\">Yeni d\u00f6nemde beklenti: Dengeli ve s\u00fcrd\u00fcr\u00fclebilir \u00e7al\u0131\u015fma modeli<\/h3>\n\n\n\n<p>Yeni e\u011fitim d\u00f6nemine haz\u0131rl\u0131k s\u00fcrecinde \u00f6\u011fretmenlerin ortak beklentisi, g\u00f6revlerin net \u015fekilde planland\u0131\u011f\u0131 ve i\u015f y\u00fck\u00fcn\u00fcn dengeli da\u011f\u0131t\u0131ld\u0131\u011f\u0131 bir \u00e7al\u0131\u015fma modeli olarak \u00f6ne \u00e7\u0131k\u0131yor. E\u011fitim payda\u015flar\u0131, yap\u0131lacak d\u00fczenlemelerin uzun vadeli insan kayna\u011f\u0131 planlamas\u0131 \u00e7er\u00e7evesinde ele al\u0131nmas\u0131n\u0131n \u00f6nemine dikkat \u00e7ekiyor.<\/p>\n\n\n\n<p>E\u011fitim alan\u0131ndaki uzmanlara g\u00f6re \u00f6\u011fretmenlerin mesleki verimlili\u011fini art\u0131ran uygulamalar yaln\u0131zca \u00e7al\u0131\u015fan memnuniyetini de\u011fil, \u00f6\u011frencilerin akademik ve sosyal geli\u015fimini de destekliyor. Bu nedenle \u00e7al\u0131\u015fma d\u00fczenine ili\u015fkin de\u011ferlendirmelerin, e\u011fitim sisteminin b\u00fct\u00fcn\u00fcn\u00fc kapsayan bir perspektifle ele al\u0131nmas\u0131 gerekti\u011fi ifade ediliyor.<\/p>\n\n\n\n<p>#\u00d6\u011fretmen#\u00d6\u011fretmenler#E\u011fitim\u00c7al\u0131\u015fanlar\u0131#E\u011fitimciler#\u00d6\u011fretmenG\u00fcndemi#E\u011fitimHaberleri<\/p>\n\n\n\n<p><\/p>\n","protected":false},"excerpt":{"rendered":"<p>E\u011fitim \u00e7al\u0131\u015fanlar\u0131 \u00e7al\u0131\u015fma ko\u015fullar\u0131, g\u00f6rev da\u011f\u0131l\u0131m\u0131 ve mesleki planlama ba\u015fl\u0131klar\u0131nda yap\u0131labilecek iyile\u015ftirmeleri de\u011ferlendiriyor T\u00fcrkiye genelinde g\u00f6rev&#46;&#46;&#46;<\/p>\n","protected":false},"author":1,"featured_media":0,"comment_status":"open","ping_status":"open","sticky":false,"template":"","format":"standard","meta":{"footnotes":""},"categories":[37],"tags":[],"class_list":["post-122302","post","type-post","status-publish","format-standard","hentry","category-kamu"],"_links":{"self":[{"href":"https:\/\/ekamu.net\/index.php\/wp-json\/wp\/v2\/posts\/122302","targetHints":{"allow":["GET"]}}],"collection":[{"href":"https:\/\/ekamu.net\/index.php\/wp-json\/wp\/v2\/posts"}],"about":[{"href":"https:\/\/ekamu.net\/index.php\/wp-json\/wp\/v2\/types\/post"}],"author":[{"embeddable":true,"href":"https:\/\/ekamu.net\/index.php\/wp-json\/wp\/v2\/users\/1"}],"replies":[{"embeddable":true,"href":"https:\/\/ekamu.net\/index.php\/wp-json\/wp\/v2\/comments?post=122302"}],"version-history":[{"count":1,"href":"https:\/\/ekamu.net\/index.php\/wp-json\/wp\/v2\/posts\/122302\/revisions"}],"predecessor-version":[{"id":122304,"href":"https:\/\/ekamu.net\/index.php\/wp-json\/wp\/v2\/posts\/122302\/revisions\/122304"}],"wp:attachment":[{"href":"https:\/\/ekamu.net\/index.php\/wp-json\/wp\/v2\/media?parent=122302"}],"wp:term":[{"taxonomy":"category","embeddable":true,"href":"https:\/\/ekamu.net\/index.php\/wp-json\/wp\/v2\/categories?post=122302"},{"taxonomy":"post_tag","embeddable":true,"href":"https:\/\/ekamu.net\/index.php\/wp-json\/wp\/v2\/tags?post=122302"}],"curies":[{"name":"wp","href":"https:\/\/api.w.org\/{rel}","templated":true}]}}