{"id":122674,"date":"2026-03-04T13:04:11","date_gmt":"2026-03-04T13:04:11","guid":{"rendered":"https:\/\/ekamu.net\/?p=122674"},"modified":"2026-03-04T13:04:11","modified_gmt":"2026-03-04T13:04:11","slug":"irandan-firlatilan-ve-turk-hava-sahasina-yonelen-balistik-fuze-engellendi","status":"publish","type":"post","link":"https:\/\/ekamu.net\/index.php\/2026\/03\/04\/irandan-firlatilan-ve-turk-hava-sahasina-yonelen-balistik-fuze-engellendi\/","title":{"rendered":"\u0130ran\u2019dan f\u0131rlat\u0131lan ve T\u00fcrk hava sahas\u0131na y\u00f6nelen balistik f\u00fcze engellendi"},"content":{"rendered":"<p><figure> <span> <img decoding=\"async\" src=\"https:\/\/ekamu.net\/wp-content\/uploads\/2026\/03\/irandan-firlatilan-ve-turk-hava-sahasina-yonelen-balistik-fuze-engellendi-0-Om6Y4L2w.jpg\"\/> <\/span> <strong>Milli Savunma Bakanl\u0131\u011f\u0131<\/strong> (MSB), \u0130ran\u2019dan ate\u015flenen ve Irak ile Suriye hava sahas\u0131n\u0131 ge\u00e7tikten sonra <strong>T\u00fcrkiye\u2019ye<\/strong> <strong>y\u00f6neldi\u011fi<\/strong> belirlenen bir balistik m\u00fchimmat\u0131n Do\u011fu Akdeniz\u2019de konu\u015flu <strong>NATO hava ve f\u00fcze savunma<\/strong> unsurlar\u0131 taraf\u0131ndan etkisiz hale getirildi\u011fini a\u00e7\u0131klad\u0131. Olayda herhangi bir <strong>can kayb\u0131 ya da yaralanma ya\u015fanmad\u0131\u011f\u0131<\/strong> bildirildi. <\/figure>\n<p>Bakanl\u0131k taraf\u0131ndan yap\u0131lan a\u00e7\u0131klamada, s\u00f6z konusu balistik tehdidin T\u00fcrk hava sahas\u0131na y\u00f6neldi\u011finin tespit edilmesi \u00fczerine NATO unsurlar\u0131n\u0131n zaman\u0131nda angajmana ge\u00e7ti\u011fi ve m\u00fchimmat\u0131n havada imha edildi\u011fi belirtildi. M\u00fcdahalenin Do\u011fu Akdeniz\u2019de g\u00f6rev yapan NATO hava ve f\u00fcze savunma sistemleri taraf\u0131ndan ger\u00e7ekle\u015ftirildi\u011fi kaydedildi.<\/p>\n<p><b>D\u00f6rtyol\u2019a d\u00fc\u015fen par\u00e7a \u00f6nleme f\u00fczesine ait<\/b><\/p>\n<p>A\u00e7\u0131klamada, <strong>Hatay\u2019\u0131n D\u00f6rtyol il\u00e7esinde<\/strong> a\u00e7\u0131k bir alana d\u00fc\u015fen m\u00fchimmat par\u00e7as\u0131n\u0131n, balistik tehdidin imha edilmesi s\u0131ras\u0131nda kullan\u0131lan hava savunma m\u00fchimmat\u0131na ait oldu\u011funun tespit edildi\u011fi ifade edildi. Yetkililer, olay\u0131n ard\u0131ndan yap\u0131lan incelemelerde d\u00fc\u015fen par\u00e7an\u0131n \u00f6nleyici f\u00fcze unsuru oldu\u011funun belirlendi\u011fini ve herhangi bir sivil kayb\u0131n s\u00f6z konusu olmad\u0131\u011f\u0131n\u0131 vurgulad\u0131.<\/p>\n<p>Bakanl\u0131k, <em>\u201c\u00dclkemizin ve vatanda\u015flar\u0131m\u0131z\u0131n g\u00fcvenli\u011fini sa\u011flamak konusundaki irademiz ve kapasitemiz en \u00fcst seviyededir. T\u00fcrkiye b\u00f6lgesel istikrar ve huzurdan yana taraf olurken kimden ve nereden gelirse gelsin topraklar\u0131n\u0131n ve vatanda\u015flar\u0131n\u0131n g\u00fcvenli\u011fini sa\u011flamaya muktedirdir. Topraklar\u0131m\u0131z\u0131n ve hava saham\u0131z\u0131n savunulmas\u0131na y\u00f6nelik her t\u00fcrl\u00fc ad\u0131m kararl\u0131l\u0131kla ve teredd\u00fcts\u00fcz at\u0131lacakt\u0131r. \u00dclkemize y\u00f6nelik her t\u00fcrl\u00fc hasmane tutuma kar\u015f\u0131 cevap verme hakk\u0131m\u0131z\u0131n mahfuz oldu\u011funu hat\u0131rlat\u0131yoruz. T\u00fcm taraflara, \u00e7at\u0131\u015fmalar\u0131n b\u00f6lgede daha da yay\u0131lmas\u0131na neden olacak ad\u0131mlardan uzak durma uyar\u0131s\u0131nda bulunuyoruz. Bu kapsamda NATO ve di\u011fer m\u00fcttefiklerimizle isti\u015fare i\u00e7inde olmay\u0131 s\u00fcrd\u00fcrece\u011fiz\u201d<\/em> ifadelerini kulland\u0131.<\/p>\n<p>\u0130leti\u015fim Ba\u015fkan\u0131 <strong>Burhanettin Duran<\/strong> da konuya ili\u015fkin yapt\u0131\u011f\u0131 de\u011ferlendirmede, \u0130ran\u2019dan f\u0131rlat\u0131lan ve Hatay b\u00f6lgesi \u00fczerinden T\u00fcrk hava sahas\u0131na y\u00f6nelen f\u00fczenin NATO hava savunma sistemlerince imha edildi\u011fini do\u011frulad\u0131. S\u00fcrecin ilgili t\u00fcm kurumlar taraf\u0131ndan anl\u0131k ve tam koordinasyon i\u00e7inde takip edildi\u011fini aktaran Duran, T\u00fcrkiye\u2019nin g\u00fcvenli\u011fine y\u00f6nelik gerekli ad\u0131mlar\u0131n teredd\u00fcts\u00fcz at\u0131laca\u011f\u0131n\u0131 ifade etti. Uluslararas\u0131 hukuk \u00e7er\u00e7evesinde kar\u015f\u0131l\u0131k verme hakk\u0131n\u0131n sakl\u0131 tutuldu\u011funu vurgulayan Duran, NATO ve m\u00fcttefiklerle isti\u015fare ve i\u015f birli\u011finin s\u00fcrece\u011fini bildirdi.<\/p>\n\n<p><span style=\"display: block; width: 343.125px; color: rgb(55, 58, 60); font-size: 14px; background-color: rgb(255, 249, 236);\"><\/span><\/p>\n<p>Kaynak :\u00a0<span style=\"background-color: rgb(255, 249, 236); color: rgb(55, 58, 60); font-size: 14px;\">https:\/\/www.donanimhaber.com\/iran-dan-firlatilan-ve-turk-hava-sahasina-yonelen-fuze-engellendi&#8211;202817<\/span><\/p>\n","protected":false},"excerpt":{"rendered":"<p>Milli Savunma Bakanl\u0131\u011f\u0131 (MSB), \u0130ran\u2019dan ate\u015flenen ve Irak ile Suriye hava sahas\u0131n\u0131 ge\u00e7tikten sonra T\u00fcrkiye\u2019ye y\u00f6neldi\u011fi belirlenen bir balistik m\u00fchimmat\u0131n Do\u011fu Akdeniz\u2019de konu\u015flu NATO hava ve f\u00fcze savunma unsurlar\u0131 taraf\u0131ndan etkisiz hale &#8230;<\/p>\n","protected":false},"author":1,"featured_media":122675,"comment_status":"open","ping_status":"open","sticky":false,"template":"","format":"standard","meta":{"footnotes":""},"categories":[8],"tags":[2960,422,953,335,220],"class_list":["post-122674","post","type-post","status-publish","format-standard","has-post-thumbnail","hentry","category-teknoloji","tag-fuze","tag-hava","tag-nato","tag-taraf","tag-turk"],"_links":{"self":[{"href":"https:\/\/ekamu.net\/index.php\/wp-json\/wp\/v2\/posts\/122674","targetHints":{"allow":["GET"]}}],"collection":[{"href":"https:\/\/ekamu.net\/index.php\/wp-json\/wp\/v2\/posts"}],"about":[{"href":"https:\/\/ekamu.net\/index.php\/wp-json\/wp\/v2\/types\/post"}],"author":[{"embeddable":true,"href":"https:\/\/ekamu.net\/index.php\/wp-json\/wp\/v2\/users\/1"}],"replies":[{"embeddable":true,"href":"https:\/\/ekamu.net\/index.php\/wp-json\/wp\/v2\/comments?post=122674"}],"version-history":[{"count":1,"href":"https:\/\/ekamu.net\/index.php\/wp-json\/wp\/v2\/posts\/122674\/revisions"}],"predecessor-version":[{"id":122677,"href":"https:\/\/ekamu.net\/index.php\/wp-json\/wp\/v2\/posts\/122674\/revisions\/122677"}],"wp:featuredmedia":[{"embeddable":true,"href":"https:\/\/ekamu.net\/index.php\/wp-json\/wp\/v2\/media\/122675"}],"wp:attachment":[{"href":"https:\/\/ekamu.net\/index.php\/wp-json\/wp\/v2\/media?parent=122674"}],"wp:term":[{"taxonomy":"category","embeddable":true,"href":"https:\/\/ekamu.net\/index.php\/wp-json\/wp\/v2\/categories?post=122674"},{"taxonomy":"post_tag","embeddable":true,"href":"https:\/\/ekamu.net\/index.php\/wp-json\/wp\/v2\/tags?post=122674"}],"curies":[{"name":"wp","href":"https:\/\/api.w.org\/{rel}","templated":true}]}}