{"id":122678,"date":"2026-03-04T13:08:10","date_gmt":"2026-03-04T13:08:10","guid":{"rendered":"https:\/\/ekamu.net\/?p=122678"},"modified":"2026-03-04T13:08:10","modified_gmt":"2026-03-04T13:08:10","slug":"apple-bir-haftada-7-urununu-satistan-kaldirdi-o-modeller-artik-eski","status":"publish","type":"post","link":"https:\/\/ekamu.net\/index.php\/2026\/03\/04\/apple-bir-haftada-7-urununu-satistan-kaldirdi-o-modeller-artik-eski\/","title":{"rendered":"Apple, bir haftada 7 \u00fcr\u00fcn\u00fcn\u00fc sat\u0131\u015ftan kald\u0131rd\u0131: O modeller art\u0131k eski!"},"content":{"rendered":"<p><figure> <span> <img decoding=\"async\" src=\"https:\/\/ekamu.net\/wp-content\/uploads\/2026\/03\/apple-bir-haftada-7-urununu-satistan-kaldirdi-o-modeller-artik-eski-0-nMBkXYHa.jpg\"\/> <\/span> \u015eimdiye kadar <strong>Apple<\/strong> alt\u0131 yeni cihaz tan\u0131tt\u0131 ve her biri mevcut bir modelin yerini ald\u0131. Art\u0131k bu \u00fcr\u00fcnleri Apple&#8217;\u0131n kendi ma\u011fazalar\u0131nda bulmak m\u00fcmk\u00fcn de\u011fil. \u0130\u015fte yak\u0131n zamanda sat\u0131\u015ftan kald\u0131r\u0131lan Apple \u00fcr\u00fcnleri: <\/figure>\n<p><b>Apple\u2019\u0131n sat\u0131\u015ftan kald\u0131rd\u0131\u011f\u0131 \u00fcr\u00fcnler<\/b><\/p>\n<ul>\n<li>iPhone 16e, yerini iPhone 17e&#8217;ye b\u0131rakt\u0131<\/li>\n<li>M4 MacBook Air, yerini M5 MacBook Air&#8217;e b\u0131rakt\u0131<\/li>\n<li>M4 Pro ve M4 Max i\u015flemcili MacBook Pro, yerini M5 Pro ve M5 Max \u00e7ipli MacBook Pro&#8217;ya b\u0131rakt\u0131<\/li>\n<li>512 GB depolama alanl\u0131 M5 MacBook Pro, yerini 1 TB depolama alanl\u0131 M5 MacBook Pro&#8217;ya b\u0131rakt\u0131<\/li>\n<li>M3 iPad Air, yerini M4 iPad Air&#8217;e b\u0131rakt\u0131<\/li>\n<li>Apple Studio Display 2022 modeli, yerini yeni Studio Display&#8217;e b\u0131rakt\u0131<\/li>\n<li>Pro Display XDR, yerini Studio Display XDR&#8217;a b\u0131rakt\u0131<\/li>\n<\/ul>\n<p>Bu g\u00fcncellemelerin \u00e7o\u011fu, Apple&#8217;\u0131n her zamanki y\u0131ll\u0131k y\u00fckseltme d\u00f6ng\u00fcs\u00fcn\u00fc takip ediyor. iPhone 17e, M5 MacBook Air, yeni MacBook Pro modelleri ve M4 iPad Air, performans iyile\u015ftirmeleri ve g\u00fcncellenmi\u015f \u00e7ipler eklerken ayn\u0131 temel tasar\u0131m\u0131 koruyor. Apple ayn\u0131 \u00fcr\u00fcn yap\u0131s\u0131n\u0131 koruyor ancak her \u015feyi yeni i\u015flemciyle ileriye ta\u015f\u0131yor.<\/p>\n<p>Bir karar dikkat \u00e7ekici. Apple, Ekim ay\u0131nda M5 MacBook Pro\u2019yu piyasaya s\u00fcrd\u00fckten sadece birka\u00e7 ay sonra 512 GB&#8217;l\u0131k s\u00fcr\u00fcm\u00fcn\u00fc sat\u0131\u015ftan kald\u0131rd\u0131. Art\u0131k en d\u00fc\u015f\u00fck 1 TB depolama sunuluyor, bu da temel fiyat\u0131 art\u0131rd\u0131 ve daha d\u00fc\u015f\u00fck giri\u015f se\u00e7ene\u011fini \u00fcr\u00fcn gam\u0131ndan \u00e7\u0131kard\u0131.<\/p>\n<p>Monit\u00f6rlere bak\u0131ld\u0131\u011f\u0131nda, Apple, 2022 Studio Display&#8217;i g\u00fcncellenmi\u015f bir modelle de\u011fi\u015ftirdi ve Pro Display XDR&#8217;\u0131 yeni Studio Display XDR tan\u0131t\u0131ld\u0131ktan sonra piyasadan kald\u0131rd\u0131. Yeni ekran, iyile\u015ftirmeler getirirken ayn\u0131 zamanda Apple&#8217;\u0131n \u00fcst d\u00fczey monit\u00f6r stratejisini de yeniden \u015fekillendiriyor.<\/p>\n<p>Apple&#8217;\u0131n bu hafta iki \u00fcr\u00fcn daha duyurmas\u0131 bekleniyor: yeni &#8220;MacBook Neo&#8221; ve A18 \u00e7iple g\u00fcncellenmi\u015f giri\u015f seviye iPad. MacBook Neo, tamamen yeni bir model olarak \u00e7\u0131kacak. Ancak, Apple A18 \u00e7ipli iPad \u00e7\u0131karsa, A16 \u00e7ipli mevcut 11. nesil iPad muhtemelen sat\u0131\u015ftan kalkacak. Bu model ge\u00e7en Mart ay\u0131nda piyasaya s\u00fcr\u00fcld\u00fc ve Apple&#8217;\u0131n \u00fcr\u00fcn gam\u0131ndaki Apple Intelligence&#8217;\u0131 desteklemeyen tek \u00fcr\u00fcn olmaya devam ediyor. Apple, A18&#8217;e ge\u00e7erek t\u00fcm \u00fcr\u00fcn yelpazesini yapay zeka uyumlu hale getirecek.<\/p>\n\n<p><span style=\"display: block; width: 343.125px; color: rgb(55, 58, 60); font-size: 14px; background-color: rgb(255, 249, 236);\"><\/span><\/p>\n<p>Kaynak :\u00a0<span style=\"background-color: rgb(255, 249, 236); color: rgb(55, 58, 60); font-size: 14px;\">https:\/\/www.donanimhaber.com\/apple-bir-haftada-7-urununu-satistan-kaldirdi&#8211;202807<\/span><\/p>\n","protected":false},"excerpt":{"rendered":"<p>\u015eimdiye kadar Apple alt\u0131 yeni cihaz tan\u0131tt\u0131 ve her biri mevcut bir modelin yerini ald\u0131. Art\u0131k bu \u00fcr\u00fcnleri Apple&#8217;\u0131n kendi ma\u011fazalar\u0131nda bulmak m\u00fcmk\u00fcn de\u011fil. \u0130\u015fte yak\u0131n zamanda sat\u0131\u015ftan kald\u0131r\u0131lan Apple \u00fcr\u00fcnleri: Apple\u2019\u0131n sat\u0131\u015ftan kald\u0131rd\u0131\u011f\u0131 &#8230;<\/p>\n","protected":false},"author":1,"featured_media":122679,"comment_status":"open","ping_status":"open","sticky":false,"template":"","format":"standard","meta":{"footnotes":""},"categories":[8],"tags":[140,7414,558,112,7413],"class_list":["post-122678","post","type-post","status-publish","format-standard","has-post-thumbnail","hentry","category-teknoloji","tag-apple","tag-birakti","tag-pro","tag-urun","tag-yerini"],"_links":{"self":[{"href":"https:\/\/ekamu.net\/index.php\/wp-json\/wp\/v2\/posts\/122678","targetHints":{"allow":["GET"]}}],"collection":[{"href":"https:\/\/ekamu.net\/index.php\/wp-json\/wp\/v2\/posts"}],"about":[{"href":"https:\/\/ekamu.net\/index.php\/wp-json\/wp\/v2\/types\/post"}],"author":[{"embeddable":true,"href":"https:\/\/ekamu.net\/index.php\/wp-json\/wp\/v2\/users\/1"}],"replies":[{"embeddable":true,"href":"https:\/\/ekamu.net\/index.php\/wp-json\/wp\/v2\/comments?post=122678"}],"version-history":[{"count":1,"href":"https:\/\/ekamu.net\/index.php\/wp-json\/wp\/v2\/posts\/122678\/revisions"}],"predecessor-version":[{"id":122681,"href":"https:\/\/ekamu.net\/index.php\/wp-json\/wp\/v2\/posts\/122678\/revisions\/122681"}],"wp:featuredmedia":[{"embeddable":true,"href":"https:\/\/ekamu.net\/index.php\/wp-json\/wp\/v2\/media\/122679"}],"wp:attachment":[{"href":"https:\/\/ekamu.net\/index.php\/wp-json\/wp\/v2\/media?parent=122678"}],"wp:term":[{"taxonomy":"category","embeddable":true,"href":"https:\/\/ekamu.net\/index.php\/wp-json\/wp\/v2\/categories?post=122678"},{"taxonomy":"post_tag","embeddable":true,"href":"https:\/\/ekamu.net\/index.php\/wp-json\/wp\/v2\/tags?post=122678"}],"curies":[{"name":"wp","href":"https:\/\/api.w.org\/{rel}","templated":true}]}}