{"id":122880,"date":"2026-03-05T18:52:09","date_gmt":"2026-03-05T18:52:09","guid":{"rendered":"https:\/\/ekamu.net\/?p=122880"},"modified":"2026-03-05T18:52:09","modified_gmt":"2026-03-05T18:52:09","slug":"yazin-depolanan-gunes-enerjisi-kisin-kullanilacak-yeni-kati-hal-hidrojen-sistemi","status":"publish","type":"post","link":"https:\/\/ekamu.net\/index.php\/2026\/03\/05\/yazin-depolanan-gunes-enerjisi-kisin-kullanilacak-yeni-kati-hal-hidrojen-sistemi\/","title":{"rendered":"Yaz\u0131n depolanan g\u00fcne\u015f enerjisi k\u0131\u015f\u0131n kullan\u0131lacak: Yeni kat\u0131 hal hidrojen sistemi"},"content":{"rendered":"<p><figure> <span> <img decoding=\"async\" src=\"https:\/\/ekamu.net\/wp-content\/uploads\/2026\/03\/yazin-depolanan-gunes-enerjisi-kisin-kullanilacak-yeni-kati-hal-hidrojen-sistemi-0-6ScSPtCS.jpg\"\/> <\/span> Avrupa\u2019da yenilenebilir enerji \u00fcretimi h\u0131zla artarken enerjinin uzun s\u00fcreli ve mevsimsel olarak depolanmas\u0131 sekt\u00f6r\u00fcn en b\u00fcy\u00fck sorunlar\u0131ndan biri olarak \u00f6ne \u00e7\u0131k\u0131yor. Norve\u00e7 merkezli enerji depolama giri\u015fimi <strong>Photoncycle<\/strong>, bu soruna \u00e7\u00f6z\u00fcm sunmay\u0131 hedefleyen yeni bir teknoloji geli\u015ftirdi. \u015eirketin geli\u015ftirdi\u011fi <strong>kat\u0131 hal hidrojen<\/strong> temelli <strong>mevsimsel enerji depolama <\/strong>sistemi, yaz aylar\u0131nda \u00fcretilen fazla g\u00fcne\u015f enerjisinin hidrojen formuna d\u00f6n\u00fc\u015ft\u00fcr\u00fclerek depolanmas\u0131n\u0131 ve k\u0131\u015f aylar\u0131nda yeniden kullan\u0131lmas\u0131n\u0131 m\u00fcmk\u00fcn k\u0131lmay\u0131 ama\u00e7l\u0131yor. <\/figure>\n<p><b>1,4 TWh\u2019lik sistem i\u00e7in ad\u0131m at\u0131l\u0131yor<\/b><\/p>\n<p>\u015eirket, s\u00f6z konusu teknolojinin geli\u015ftirilmesi ve ticarile\u015ftirilmesi i\u00e7in 17,5 milyon dolar (yakla\u015f\u0131k 15 milyon euro) de\u011ferinde yat\u0131r\u0131m ald\u0131. Elde edilen finansman, \u015firketin planlad\u0131\u011f\u0131 <strong>y\u0131ll\u0131k 1,4 terawatt-saat<\/strong> (TWh) enerji depolama kapasitesine sahip \u00fcretim altyap\u0131s\u0131n\u0131n ilk a\u015famas\u0131n\u0131n kurulmas\u0131na destek sa\u011flayacak. Kurulmas\u0131 planlanan end\u00fcstriyel tesisin <strong>2027 y\u0131l\u0131nda<\/strong> faaliyete ge\u00e7mesi hedefleniyor. Tesis tam kapasiteye ula\u015ft\u0131\u011f\u0131nda <strong>yakla\u015f\u0131k 140 bin konutun<\/strong> mevsimsel enerji depolama ihtiyac\u0131n\u0131 kar\u015f\u0131layabilecek sistemlerin \u00fcretimi m\u00fcmk\u00fcn olacak.<\/p>\n<figure> <span> <img decoding=\"async\" src=\"https:\/\/ekamu.net\/wp-content\/uploads\/2026\/03\/yazin-depolanan-gunes-enerjisi-kisin-kullanilacak-yeni-kati-hal-hidrojen-sistemi-1-zxxfbKNL.jpg\"\/> <\/span> Photoncycle\u2019\u0131n geli\u015ftirdi\u011fi teknoloji, da\u011f\u0131t\u0131k ve hane bazl\u0131 enerji depolama yakla\u015f\u0131m\u0131na dayan\u0131yor. Sistem, yaz aylar\u0131nda g\u00fcne\u015f panellerinden elde edilen fazla elektri\u011fi hidrojen \u00fcretimi i\u00e7in kullan\u0131yor. Bu hidrojen kat\u0131 hal depolama y\u00f6ntemiyle g\u00fcvenli bi\u00e7imde saklan\u0131yor ve k\u0131\u015f aylar\u0131nda enerji ihtiyac\u0131n\u0131n artt\u0131\u011f\u0131 d\u00f6nemlerde tekrar kullan\u0131labiliyor. <\/figure>\n<p>Bu yakla\u015f\u0131m\u0131n temel hedeflerinden biri k\u0131\u015f aylar\u0131nda \u0131s\u0131nma i\u00e7in <strong>ithal edilen do\u011fal gaz miktar\u0131n\u0131 azaltmak<\/strong> ve Avrupa\u2019n\u0131n fosil yak\u0131tlara ba\u011f\u0131ml\u0131l\u0131\u011f\u0131n\u0131 d\u00fc\u015f\u00fcrmek. Ayn\u0131 zamanda sistemin ev sahiplerinin enerji faturalar\u0131n\u0131 azaltmas\u0131, enerji maliyetlerinin daha \u00f6ng\u00f6r\u00fclebilir hale gelmesi ve hanelerin kendi yenilenebilir enerjilerini \u00fcretip depolayarak daha ba\u011f\u0131ms\u0131z hale gelmesi bekleniyor.<\/p>\n<p><b>Abonelik modeliyle sunulacak<\/b><\/p>\n<p>Photoncycle sistemi do\u011frudan donan\u0131m sat\u0131\u015f\u0131 yerine <strong>abonelik modeliyle<\/strong> sunmay\u0131 planl\u0131yor. Bu model kapsam\u0131nda kullan\u0131c\u0131lar g\u00fcne\u015f panelleri, enerji depolama sistemi, bak\u0131m hizmetleri ve enerji ticareti piyasalar\u0131na eri\u015fim gibi bile\u015fenleri tek paket halinde kullanabilecek.<\/p>\n<p>Proje \u015fimdiden \u00f6zellikle <strong>Danimarka\u2019da \u00f6nemli bir ilgi g\u00f6rm\u00fc\u015f durumda<\/strong>. \u00dclkede do\u011fal gazl\u0131 \u0131s\u0131tma sistemlerinden uzakla\u015fmak isteyen haneler i\u00e7in bekleme listesi giderek b\u00fcy\u00fcyor. Danimarka, Avrupa\u2019n\u0131n en y\u00fcksek enerji fiyatlar\u0131ndan baz\u0131lar\u0131na sahip \u00fclkeler aras\u0131nda yer al\u0131yor ve yakla\u015f\u0131k 300 bin konut halen do\u011fal gazl\u0131 \u0131s\u0131tma sistemlerine ba\u011fl\u0131. Bu sistemlerin 2035 y\u0131l\u0131na kadar tamamen kald\u0131r\u0131lmas\u0131 planlan\u0131yor.<\/p>\n<p>Photoncycle\u2019\u0131n planlad\u0131\u011f\u0131 \u00fcretim tesisinin tam kapasiteye ula\u015ft\u0131\u011f\u0131nda sa\u011flayaca\u011f\u0131 enerji depolama kapasitesi dikkat \u00e7ekici seviyede. \u015eirketin hesaplamalar\u0131na g\u00f6re tesis, her biri yakla\u015f\u0131k 10.000 kilovat-saat (kWh) enerji depolayabilen 140 bin konuta e\u015fde\u011fer mevsimsel depolama kapasitesi olu\u015fturabilecek.<\/p>\n\n<p><span style=\"display: block; width: 343.125px; color: rgb(55, 58, 60); font-size: 14px; background-color: rgb(255, 249, 236);\"><\/span><\/p>\n<p>Kaynak :\u00a0<span style=\"background-color: rgb(255, 249, 236); color: rgb(55, 58, 60); font-size: 14px;\">https:\/\/www.donanimhaber.com\/bu-sistem-yazin-depoladigi-gunes-enerjisini-kisin-kullanacak&#8211;202851<\/span><\/p>\n","protected":false},"excerpt":{"rendered":"<p>Avrupa\u2019da yenilenebilir enerji \u00fcretimi h\u0131zla artarken enerjinin uzun s\u00fcreli ve mevsimsel olarak depolanmas\u0131 sekt\u00f6r\u00fcn en b\u00fcy\u00fck sorunlar\u0131ndan biri olarak \u00f6ne \u00e7\u0131k\u0131yor. Norve\u00e7 merkezli enerji depolama giri\u015fimi Photoncycle, bu soruna \u00e7\u00f6z\u00fcm sunmay\u0131 &#8230;<\/p>\n","protected":false},"author":1,"featured_media":122881,"comment_status":"open","ping_status":"open","sticky":false,"template":"","format":"standard","meta":{"footnotes":""},"categories":[8],"tags":[137,6791,161,641,431],"class_list":["post-122880","post","type-post","status-publish","format-standard","has-post-thumbnail","hentry","category-teknoloji","tag-enerji","tag-enerji-depolama","tag-hal","tag-sistem","tag-tek"],"_links":{"self":[{"href":"https:\/\/ekamu.net\/index.php\/wp-json\/wp\/v2\/posts\/122880","targetHints":{"allow":["GET"]}}],"collection":[{"href":"https:\/\/ekamu.net\/index.php\/wp-json\/wp\/v2\/posts"}],"about":[{"href":"https:\/\/ekamu.net\/index.php\/wp-json\/wp\/v2\/types\/post"}],"author":[{"embeddable":true,"href":"https:\/\/ekamu.net\/index.php\/wp-json\/wp\/v2\/users\/1"}],"replies":[{"embeddable":true,"href":"https:\/\/ekamu.net\/index.php\/wp-json\/wp\/v2\/comments?post=122880"}],"version-history":[{"count":1,"href":"https:\/\/ekamu.net\/index.php\/wp-json\/wp\/v2\/posts\/122880\/revisions"}],"predecessor-version":[{"id":122884,"href":"https:\/\/ekamu.net\/index.php\/wp-json\/wp\/v2\/posts\/122880\/revisions\/122884"}],"wp:featuredmedia":[{"embeddable":true,"href":"https:\/\/ekamu.net\/index.php\/wp-json\/wp\/v2\/media\/122881"}],"wp:attachment":[{"href":"https:\/\/ekamu.net\/index.php\/wp-json\/wp\/v2\/media?parent=122880"}],"wp:term":[{"taxonomy":"category","embeddable":true,"href":"https:\/\/ekamu.net\/index.php\/wp-json\/wp\/v2\/categories?post=122880"},{"taxonomy":"post_tag","embeddable":true,"href":"https:\/\/ekamu.net\/index.php\/wp-json\/wp\/v2\/tags?post=122880"}],"curies":[{"name":"wp","href":"https:\/\/api.w.org\/{rel}","templated":true}]}}