{"id":123287,"date":"2026-03-12T13:32:20","date_gmt":"2026-03-12T13:32:20","guid":{"rendered":"https:\/\/ekamu.net\/?p=123287"},"modified":"2026-03-12T13:32:20","modified_gmt":"2026-03-12T13:32:20","slug":"xiaomi-book-pro-14-geliyor-core-ultra-x7-ve-1kg-agirlik","status":"publish","type":"post","link":"https:\/\/ekamu.net\/index.php\/2026\/03\/12\/xiaomi-book-pro-14-geliyor-core-ultra-x7-ve-1kg-agirlik\/","title":{"rendered":"Xiaomi Book Pro 14 geliyor: Core Ultra X7 ve 1kg a\u011f\u0131rl\u0131k"},"content":{"rendered":"<p><figure> <span> <img decoding=\"async\" src=\"https:\/\/ekamu.net\/wp-content\/uploads\/2026\/03\/xiaomi-book-pro-14-geliyor-core-ultra-x7-ve-1kg-agirlik-0-EapjfXh9.jpg\"\/> <\/span> Xiaomi&#8217;nin\u00a0\u00fc\u00e7 y\u0131l aradan sonra duyurmaya haz\u0131rland\u0131\u011f\u0131 ilk Xiaomi markal\u0131 diz\u00fcst\u00fc bilgisayar olarak ortaya \u00e7\u0131kt\u0131.\u00a0\u00c7in\u2019de yap\u0131lacak tan\u0131t\u0131m \u00f6ncesinde\u00a0<strong>Xiaomi Book Pro 14<\/strong> ilk kez g\u00f6sterildi.\u00a0Hat\u0131rlanaca\u011f\u0131 \u00fczere Xiaomi, son olarak 2023 y\u0131l\u0131nda tan\u0131t\u0131lan Xiaomi Book 14 modeliyle diz\u00fcst\u00fc bilgisayar taraf\u0131nda g\u00fcncelleme yapm\u0131\u015ft\u0131. Yeni Book Pro 14 ise bu serinin devam\u0131 niteli\u011finde olacak. <\/figure>\n<p><b>Xiaomi Book Pro 14 ilk kez g\u00f6sterildi<\/b><\/p>\n<p>Payla\u015f\u0131lan tan\u0131t\u0131m g\u00f6rsellerine g\u00f6re diz\u00fcst\u00fc bilgisayar <strong>Soft Fog Blue, White ve Elegant Gray<\/strong> olmak \u00fczere \u00fc\u00e7 farkl\u0131 renk se\u00e7ene\u011fiyle sunulacak. Metalik g\u00f6vdeye sahip olan cihaz, olduk\u00e7a ince ve d\u00fcz hatl\u0131 bir tasar\u0131m \u00e7izgisi benimsiyor. Xiaomi&#8217;nin verdi\u011fi bilgilere g\u00f6re Book Pro 14&#8217;te <strong>unibody d\u00f6k\u00fcm magnezyum ala\u015f\u0131ml\u0131 g\u00f6vde<\/strong> kullan\u0131l\u0131yor.<\/p>\n<p>Alt b\u00f6l\u00fcmde ise y\u00fcksek dayan\u0131ml\u0131 <strong>karbon fiber taban<\/strong> yer al\u0131yor. Klavye destek plakas\u0131 taraf\u0131nda ise daha hafif bir yap\u0131 sunan <strong>titanyum ala\u015f\u0131m\u0131<\/strong> tercih edilmi\u015f durumda. Bu tasar\u0131m sayesinde diz\u00fcst\u00fc bilgisayar\u0131n a\u011f\u0131rl\u0131\u011f\u0131 yaln\u0131zca <strong>1.08 kg<\/strong> seviyesinde kal\u0131yor.<\/p>\n<figure> <span> <img decoding=\"async\" src=\"https:\/\/ekamu.net\/wp-content\/uploads\/2026\/03\/xiaomi-book-pro-14-geliyor-core-ultra-x7-ve-1kg-agirlik-1-zrf58qZg.jpg\"\/> <\/span> Performans taraf\u0131nda ise cihaz\u0131n en dikkat \u00e7ekici noktalar\u0131ndan biri i\u015flemci se\u00e7imi olacak. Xiaomi, diz\u00fcst\u00fc bilgisayar\u0131n <strong>Intel Core Ultra X7 358H<\/strong> i\u015flemciden g\u00fc\u00e7 alaca\u011f\u0131n\u0131 do\u011frulad\u0131. Bu i\u015flemci 4+8 +4 \u00e7ekirdek d\u00fczenine sahip <strong>16 \u00e7ekirdekli bir yap\u0131<\/strong> sunuyor ve <strong>4.8 GHz<\/strong> seviyesine kadar \u00e7\u0131kabilen saat h\u0131zlar\u0131yla geliyor. Ayr\u0131ca i\u015flemci taraf\u0131nda <strong>18 MB L3 \u00f6nbellek<\/strong> ve entegre <strong>Intel Radiant B390<\/strong> grafik birimi yer al\u0131yor. <\/figure>\n<p>Xiaomi, bu i\u015flemcinin verimli \u00e7al\u0131\u015fabilmesi i\u00e7in diz\u00fcst\u00fc bilgisayarda geli\u015fmi\u015f bir so\u011futma sistemi kulland\u0131\u011f\u0131n\u0131 belirtiyor. Buna g\u00f6re cihazda <strong>10.000 mm\u00b2 b\u00fcy\u00fckl\u00fc\u011f\u00fcnde vapor chamber so\u011futma mod\u00fcl\u00fc<\/strong>, y\u00fcksek h\u0131zl\u0131 sessiz fan ve \u00fc\u00e7 boyutlu hava ak\u0131\u015f\u0131 sistemi bulunuyor. \u015eirket, bu yap\u0131 sayesinde sistemin <strong>50W seviyesine kadar s\u00fcrekli performans sunabildi\u011fini<\/strong> s\u00f6yl\u00fcyor.<\/p>\n<p>Ayr\u0131ca diz\u00fcst\u00fc bilgisayar\u0131n\u00a0<strong>Intel Core Ultra 5 325<\/strong> i\u015flemciye sahip daha uygun bir versiyonla da sat\u0131\u015fa sunulmas\u0131 bekleniyor.\u00a0Bellek ve depolama taraf\u0131nda ise iki farkl\u0131 konfig\u00fcrasyon sunulacak:\u00a0<strong>24 GB RAM + 1 TB SSD<\/strong> ve <strong>32 GB RAM + 1 TB SSD.\u00a0<\/strong>Hen\u00fcz ekran \u00e7\u00f6z\u00fcn\u00fcrl\u00fc\u011f\u00fc veya batarya kapasitesi gibi detaylar payla\u015f\u0131lm\u0131\u015f de\u011fil. Tan\u0131t\u0131m\u0131n ise \u00c7in&#8217;de yap\u0131lacak resmi etkinlikle birlikte k\u0131sa s\u00fcre i\u00e7inde ger\u00e7ekle\u015fmesi bekleniyor.<\/p>\n\n<p><span style=\"display: block; width: 343.125px; color: rgb(55, 58, 60); font-size: 14px; background-color: rgb(255, 249, 236);\"><\/span><\/p>\n<p>Kaynak :\u00a0<span style=\"background-color: rgb(255, 249, 236); color: rgb(55, 58, 60); font-size: 14px;\">https:\/\/www.donanimhaber.com\/xiaomi-book-pro-14-geliyor-core-ultra-x7-ve-1kg-agirlik&#8211;203110<\/span><\/p>\n","protected":false},"excerpt":{"rendered":"<p>Xiaomi&#8217;nin\u00a0\u00fc\u00e7 y\u0131l aradan sonra duyurmaya haz\u0131rland\u0131\u011f\u0131 ilk Xiaomi markal\u0131 diz\u00fcst\u00fc bilgisayar olarak ortaya \u00e7\u0131kt\u0131.\u00a0\u00c7in\u2019de yap\u0131lacak tan\u0131t\u0131m \u00f6ncesinde\u00a0Xiaomi Book Pro 14 ilk kez g\u00f6sterildi.\u00a0Hat\u0131rlanaca\u011f\u0131 \u00fczere Xiaomi, son olarak 2023 y\u0131l\u0131nda &#8230;<\/p>\n","protected":false},"author":1,"featured_media":123288,"comment_status":"open","ping_status":"open","sticky":false,"template":"","format":"standard","meta":{"footnotes":""},"categories":[8],"tags":[3484,124,1180,130,106],"class_list":["post-123287","post","type-post","status-publish","format-standard","has-post-thumbnail","hentry","category-teknoloji","tag-dizustu-bilgisayar","tag-islemci","tag-tarafinda","tag-xiaomi","tag-yapi"],"_links":{"self":[{"href":"https:\/\/ekamu.net\/index.php\/wp-json\/wp\/v2\/posts\/123287","targetHints":{"allow":["GET"]}}],"collection":[{"href":"https:\/\/ekamu.net\/index.php\/wp-json\/wp\/v2\/posts"}],"about":[{"href":"https:\/\/ekamu.net\/index.php\/wp-json\/wp\/v2\/types\/post"}],"author":[{"embeddable":true,"href":"https:\/\/ekamu.net\/index.php\/wp-json\/wp\/v2\/users\/1"}],"replies":[{"embeddable":true,"href":"https:\/\/ekamu.net\/index.php\/wp-json\/wp\/v2\/comments?post=123287"}],"version-history":[{"count":1,"href":"https:\/\/ekamu.net\/index.php\/wp-json\/wp\/v2\/posts\/123287\/revisions"}],"predecessor-version":[{"id":123291,"href":"https:\/\/ekamu.net\/index.php\/wp-json\/wp\/v2\/posts\/123287\/revisions\/123291"}],"wp:featuredmedia":[{"embeddable":true,"href":"https:\/\/ekamu.net\/index.php\/wp-json\/wp\/v2\/media\/123288"}],"wp:attachment":[{"href":"https:\/\/ekamu.net\/index.php\/wp-json\/wp\/v2\/media?parent=123287"}],"wp:term":[{"taxonomy":"category","embeddable":true,"href":"https:\/\/ekamu.net\/index.php\/wp-json\/wp\/v2\/categories?post=123287"},{"taxonomy":"post_tag","embeddable":true,"href":"https:\/\/ekamu.net\/index.php\/wp-json\/wp\/v2\/tags?post=123287"}],"curies":[{"name":"wp","href":"https:\/\/api.w.org\/{rel}","templated":true}]}}