{"id":123383,"date":"2026-03-13T21:44:10","date_gmt":"2026-03-13T21:44:10","guid":{"rendered":"https:\/\/ekamu.net\/?p=123383"},"modified":"2026-03-13T21:44:10","modified_gmt":"2026-03-13T21:44:10","slug":"m-fatih-karagumruk-2-0-fenerbahce","status":"publish","type":"post","link":"https:\/\/ekamu.net\/index.php\/2026\/03\/13\/m-fatih-karagumruk-2-0-fenerbahce\/","title":{"rendered":"M. Fatih Karag\u00fcmr\u00fck 2-0 Fenerbah\u00e7e"},"content":{"rendered":"<p>Fenerbah\u00e7emiz, Trendyol S\u00fcper Lig&#8217;in 26. hafta ma\u00e7\u0131nda M. Fatih Karag\u00fcmr\u00fck\u2019e konuk oldu. Atat\u00fcrk Olimpiyat Stadyumu\u2019nda oynanan m\u00fcsabaka 2-0 ev sahibi tak\u0131m\u0131n \u00fcst\u00fcnl\u00fc\u011f\u00fcyle tamamland\u0131.<\/p>\n<p> Her iki tak\u0131m oyuncular\u0131 da T\u0131p Bayram\u0131 nedeniyle kanserle m\u00fccadeleye dikkat \u00e7eken pankartlarla sahaya geldi.<\/p>\n<p> Futbol Tak\u0131m\u0131m\u0131z, ligin 27. haftas\u0131nda 17 Mart Sal\u0131 g\u00fcn\u00fc Chobani Stadyumu Fenerbah\u00e7e \u015e\u00fckr\u00fc Saraco\u011flu Spor Kompleksi\u2019nde Gaziantep Futbol Kul\u00fcb\u00fc\u2019n\u00fc konuk edecek.<\/p>\n<p> <strong>Ma\u00e7tan dakikalar<\/strong><\/p>\n<p> 15. dakikada M. Fatih Karag\u00fcmr\u00fck \u00f6ne ge\u00e7ti. Soldan kazan\u0131lan korner at\u0131\u015f\u0131nda Bar\u0131\u015f Kalayc\u0131 ceza sahas\u0131 i\u00e7ine ortalad\u0131. Jayden Oosterwolde&#8217;nin uzakla\u015ft\u0131rmak istedi\u011fi top Bartu\u011f Elmaz&#8217;\u0131n \u00f6n\u00fcnde kald\u0131. Bu futbolcunun geli\u015fine vuru\u015funda me\u015fin yuvarlak k\u00f6\u015feden filelere gitti: 1-0.<\/p>\n<p> 27. dakikada sa\u011fdan son \u00e7izgiye inen Fred, ceza sahas\u0131 yay\u0131 \u00fczerindeki Levent Mercan&#8217;a pas\u0131n\u0131 aktard\u0131. Bu futbolcunun d\u00fczeltip sert \u015futunda me\u015fin yuvarlak az farkla \u00fcstten d\u0131\u015far\u0131 \u00e7\u0131kt\u0131.<\/p>\n<p> 36. dakikada M. Fatih Karag\u00fcmr\u00fck etkili geldi. Sa\u011fdan ceza sahas\u0131na giren Serginho, penalt\u0131 noktas\u0131na hareketlenen Bar\u0131\u015f Kalayc\u0131&#8217;ya pas\u0131n\u0131 aktard\u0131. Bu futbolcunun yerden sert \u015futunda me\u015fin yuvarlak az farkla dire\u011fin yan\u0131ndan auta gitti.<\/p>\n<p> 45+1. dakikada ev sahibi tak\u0131m fark\u0131 2&#8217;ye \u00e7\u0131kard\u0131. Sa\u011fdan kullan\u0131lan korner at\u0131\u015f\u0131nda ceza sahas\u0131 i\u00e7inde y\u00fckselen Lichnovsky kafayla arka dire\u011fe indirdi. Bu noktaya ko\u015fan Serginho yak\u0131n mesafeden topu filelere yollad\u0131: 2-0.<\/p>\n<p> 52. dakikada ev sahibi ekip etkili geldi. Bar\u0131\u015f Kalayc\u0131&#8217;n\u0131n pas\u0131nda topla bulu\u015fan Tiago \u00c7ukur, savunman\u0131n arkas\u0131na hareketlenen Serginho&#8217;ya pas\u0131n\u0131 aktard\u0131. Bu futbolcunun ceza sahas\u0131 i\u00e7i sol \u00e7apraz\u0131ndan vuru\u015funda kaleci Mert ayaklar\u0131yla gole izin vermedi.<\/p>\n<p> 71. dakikada Levent Mercan&#8217;\u0131n pas\u0131nda sa\u011f kanatta topla bulu\u015fan Musaba, iki rakibinden s\u0131yr\u0131l\u0131p ceza sahas\u0131na girdi. Bu futbolcunun \u00e7aprazdan sert vuru\u015funda kaleci Grbic gole engel oldu.<\/p>\n<p> 79. dakikada O\u011fuz Ayd\u0131n&#8217;\u0131n sa\u011fdan ortas\u0131nda ceza sahas\u0131 i\u00e7inde topla bulu\u015fan Musaba&#8217;n\u0131n d\u00fczeltip vuru\u015funda kaleci Grbic son anda topu kornere g\u00f6nderdi.<\/p>\n<p> M\u00fcsabaka 2-0 ev sahibi tak\u0131m\u0131n \u00fcst\u00fcnl\u00fc\u011f\u00fcyle tamamland\u0131.<\/p>\n<p><b>Bas\u0131n Foto\u011fraflar\u0131<\/b><\/p>\n<div>\n<figure> <img decoding=\"async\" src=\"https:\/\/media.fenerbahce.org\/getattachment\/06d9ebb2-4600-402b-b02b-298a1f6c0cd4\/attachment.aspx\"\/> <\/figure>\n<figure> <img decoding=\"async\" src=\"https:\/\/media.fenerbahce.org\/getattachment\/e8091640-dda6-4828-b042-6b9ce52beab6\/attachment.aspx\"\/> <\/figure>\n<figure> <img decoding=\"async\" src=\"https:\/\/media.fenerbahce.org\/getattachment\/aa87b516-45cc-490f-bc68-bb9ae4bbe3d7\/attachment.aspx\"\/> <\/figure>\n<figure> <img decoding=\"async\" src=\"https:\/\/media.fenerbahce.org\/getattachment\/cdc68bf0-2b7b-420e-bd47-f4cfe20c64b1\/attachment.aspx\"\/> <\/figure>\n<figure> <img decoding=\"async\" src=\"https:\/\/media.fenerbahce.org\/getattachment\/b49dd1d7-0b74-4ddd-8def-bd4dbde1db50\/attachment.aspx\"\/> <\/figure>\n<figure> <img decoding=\"async\" src=\"https:\/\/media.fenerbahce.org\/getattachment\/b63bf67b-b5e4-4dc5-8810-f35256c368e1\/attachment.aspx\"\/> <\/figure>\n<figure> <img decoding=\"async\" src=\"https:\/\/media.fenerbahce.org\/getattachment\/c9d47558-5e57-4c3b-88ff-570089faed31\/attachment.aspx\"\/> <\/figure>\n<figure> <img decoding=\"async\" src=\"https:\/\/media.fenerbahce.org\/getattachment\/9463fded-831b-4f37-891a-6bb264d7f155\/attachment.aspx\"\/> <\/figure>\n<figure> <img decoding=\"async\" src=\"https:\/\/media.fenerbahce.org\/getattachment\/6ef5d72f-8b59-454a-abb3-d2105b226567\/attachment.aspx\"\/> <\/figure>\n<figure> <img decoding=\"async\" src=\"https:\/\/media.fenerbahce.org\/getattachment\/095e7cb8-d9f8-4ece-a25d-9430d5f5dc29\/attachment.aspx\"\/> <\/figure>\n<figure> <img decoding=\"async\" src=\"https:\/\/media.fenerbahce.org\/getattachment\/fe5ba141-bd87-4a10-a9bf-0880802bc931\/attachment.aspx\"\/> <\/figure>\n<figure> <img decoding=\"async\" src=\"https:\/\/media.fenerbahce.org\/getattachment\/4b220b77-58b0-4089-98ba-040db8d2d28d\/attachment.aspx\"\/> <\/figure>\n<figure> <img decoding=\"async\" src=\"https:\/\/media.fenerbahce.org\/getattachment\/ef3dbed1-bca8-419c-8357-c7e46fc4cb79\/attachment.aspx\"\/> <\/figure>\n<figure> <img decoding=\"async\" src=\"https:\/\/media.fenerbahce.org\/getattachment\/754a4a94-3bc9-4723-82af-35a353a09b77\/attachment.aspx\"\/> <\/figure>\n<figure> <img decoding=\"async\" src=\"https:\/\/media.fenerbahce.org\/getattachment\/07c1f0a6-c0c3-46a4-bb15-a5dde3687a93\/attachment.aspx\"\/> <\/figure>\n<\/p><\/div>\n<\/p>","protected":false},"excerpt":{"rendered":"<p>Fenerbah\u00e7emiz, Trendyol S\u00fcper Lig&#8217;in 26. hafta ma\u00e7\u0131nda M. Fatih Karag\u00fcmr\u00fck\u2019e konuk oldu. Atat\u00fcrk Olimpiyat Stadyumu\u2019nda oynanan m\u00fcsabaka 2-0 ev sahibi tak\u0131m\u0131n \u00fcst\u00fcnl\u00fc\u011f\u00fcyle tamamland\u0131. Her iki tak\u0131m oyuncular\u0131 da T\u0131p Bayram\u0131 nedeniyle kanserle &#8230;<\/p>\n","protected":false},"author":1,"featured_media":123384,"comment_status":"open","ping_status":"open","sticky":false,"template":"","format":"standard","meta":{"footnotes":""},"categories":[11],"tags":[3278,364,1823],"class_list":["post-123383","post","type-post","status-publish","format-standard","has-post-thumbnail","hentry","category-fenerbahce","tag-ceza-sahasi","tag-takim","tag-top"],"_links":{"self":[{"href":"https:\/\/ekamu.net\/index.php\/wp-json\/wp\/v2\/posts\/123383","targetHints":{"allow":["GET"]}}],"collection":[{"href":"https:\/\/ekamu.net\/index.php\/wp-json\/wp\/v2\/posts"}],"about":[{"href":"https:\/\/ekamu.net\/index.php\/wp-json\/wp\/v2\/types\/post"}],"author":[{"embeddable":true,"href":"https:\/\/ekamu.net\/index.php\/wp-json\/wp\/v2\/users\/1"}],"replies":[{"embeddable":true,"href":"https:\/\/ekamu.net\/index.php\/wp-json\/wp\/v2\/comments?post=123383"}],"version-history":[{"count":1,"href":"https:\/\/ekamu.net\/index.php\/wp-json\/wp\/v2\/posts\/123383\/revisions"}],"predecessor-version":[{"id":123385,"href":"https:\/\/ekamu.net\/index.php\/wp-json\/wp\/v2\/posts\/123383\/revisions\/123385"}],"wp:featuredmedia":[{"embeddable":true,"href":"https:\/\/ekamu.net\/index.php\/wp-json\/wp\/v2\/media\/123384"}],"wp:attachment":[{"href":"https:\/\/ekamu.net\/index.php\/wp-json\/wp\/v2\/media?parent=123383"}],"wp:term":[{"taxonomy":"category","embeddable":true,"href":"https:\/\/ekamu.net\/index.php\/wp-json\/wp\/v2\/categories?post=123383"},{"taxonomy":"post_tag","embeddable":true,"href":"https:\/\/ekamu.net\/index.php\/wp-json\/wp\/v2\/tags?post=123383"}],"curies":[{"name":"wp","href":"https:\/\/api.w.org\/{rel}","templated":true}]}}