{"id":12538,"date":"2024-06-02T03:48:04","date_gmt":"2024-06-02T03:48:04","guid":{"rendered":"https:\/\/ekamu.net\/?p=12538"},"modified":"2024-06-02T03:48:04","modified_gmt":"2024-06-02T03:48:04","slug":"efes-2024-seckin-gozlemci-gununun-gece-safhasi-nefes-kesti","status":"publish","type":"post","link":"https:\/\/ekamu.net\/index.php\/2024\/06\/02\/efes-2024-seckin-gozlemci-gununun-gece-safhasi-nefes-kesti\/","title":{"rendered":"Efes-2024 Se\u00e7kin G\u00f6zlemci G\u00fcn\u00fc&#8217;n\u00fcn gece safhas\u0131 nefes kesti!"},"content":{"rendered":"<p><p>T\u00fcrk Silahl\u0131 Kuvvetlerinin en b\u00fcy\u00fck tatbikat\u0131 olan Efes-2024 Birle\u015fik, M\u00fc\u015fterek Fiili At\u0131\u015fl\u0131 Arazi Tatbikat\u0131&#8217;n\u0131n Se\u00e7kin G\u00f6zlemci G\u00fcn\u00fc&#8217;n\u00fcn gece safhas\u0131 sona erdi. \u0130zmir&#8217;in Seferihisar il\u00e7esi Do\u011fanbey mevkiinde d\u00fczenlenen, 45 \u00fclkeden bin 745 yabanc\u0131 ve 9 bin 139 milli olmak \u00fczere toplamda 10 bin 884 personelin kat\u0131ld\u0131\u011f\u0131 tatbikat\u0131n gece faaliyetinde senaryo gere\u011fi top\u00e7u at\u0131\u015flar\u0131 ile desteklenen amfibi harekat\u0131 icra edilerek, hedefler kara ate\u015f destek vas\u0131talar\u0131, sava\u015f u\u00e7aklar\u0131 ve taarruz helikopterleri ile vuruldu.<\/p>\n<div>\n<div> <img decoding=\"async\" src=\"https:\/\/ekamu.net\/wp-content\/uploads\/2024\/06\/efes-2024-seckin-gozlemci-gununun-gece-safhasi-nefes-kesti-0-FhXfmTJl.jpg\"\/><\/img> <\/div>\n<\/p><\/div>\n<\/p>\n<p><strong>Denizden ve havadan s\u0131zma harekat\u0131 yap\u0131ld\u0131<\/strong><\/p>\n<p>Tatbikatta ilk olarak, denizden ve havadan s\u0131zma harekat\u0131 ger\u00e7ekle\u015ftirilerek, planlanan hedefler etkisiz hale getirildi. \u00d6n Kuvvet Harek\u00e2t\u0131 kapsam\u0131nda, ATAK bot ile s\u00fcratli bot ile b\u00f6lgeye intikal edilip, denize b\u0131rak\u0131lmad\u0131 ve ke\u015fif harek\u00e2t\u0131 yap\u0131ld\u0131. \u00d6n Kuvvet Harek\u00e2t\u0131 ve m\u00fcteakiben icra edilen Amfibi Harek\u00e2t ile Hava H\u00fccum Harekat\u0131\u2019n\u0131n (HHH) desteklenmesi kapsam\u0131nda tespit edilen hedefler, ke\u015fif, g\u00f6zetleme ate\u015f destek unsurlar\u0131 ile taarruz helikopterleri taraf\u0131ndan e\u015f zamanl\u0131 ve koordineli olarak ate\u015f alt\u0131na al\u0131nd\u0131.<\/p>\n<div>\n<div> <img decoding=\"async\" src=\"https:\/\/ekamu.net\/wp-content\/uploads\/2024\/06\/efes-2024-seckin-gozlemci-gununun-gece-safhasi-nefes-kesti-1-lDfN9OYC.jpg\"\/><\/img> <\/div>\n<\/p><\/div>\n<\/p>\n<p><strong>D\u00fc\u015fmana yard\u0131m g\u00f6t\u00fcren gemi ele ge\u00e7irildi<\/strong><\/p>\n<p>Tatbikatta, d\u00fc\u015fmana yard\u0131m g\u00f6t\u00fcren gemi ele ge\u00e7irildi. \u00d6n Kuvvet Harek\u00e2t\u0131n\u0131 destekleyen at\u0131\u015flar kapsam\u0131nda, planl\u0131 hedefler top\u00e7u ve havan unsurlar\u0131 ile ate\u015f alt\u0131na al\u0131nd\u0131. \u00d6n Kuvvet Harek\u00e2t\u0131n\u0131 destekleyen at\u0131\u015flar kapsam\u0131nda, hedefler hava g\u00fcc\u00fc ile ate\u015f alt\u0131na al\u0131nd\u0131. Sonras\u0131nda, tespit edilen sualt\u0131 may\u0131nlar\u0131n\u0131n tahribi sa\u011fland\u0131. Ard\u0131ndan planl\u0131 hedefler top\u00e7u unsurlar\u0131 ile ate\u015f alt\u0131na al\u0131nd\u0131.<\/p>\n<p><strong>Taarruz helikopterleri hedefleri tam isabet vurdu<\/strong><\/p>\n<p>Senaryo kapsam\u0131nda ger\u00e7ekle\u015ftirilen harekatta, amfibi birlikler limbo ve y\u00fckleme bindirdi. Amfibi taktik aldatma harek\u00e2t\u0131 yap\u0131ld\u0131. Haz\u0131rl\u0131k ate\u015fleri kapsam\u0131nda planl\u0131 hedefler hava g\u00fcc\u00fc taraf\u0131ndan ate\u015f alt\u0131na al\u0131nd\u0131. Sonras\u0131nda amfibi ke\u015fif harek\u00e2t\u0131 ger\u00e7ekle\u015ftirildi. \u0130nme b\u00f6lgesinde tespit edilen hedefleri etkisiz hale getirmek maksad\u0131yla taarruz helikopterleri ile at\u0131\u015flar icra edildi.<\/p>\n<p><strong>D\u00fc\u015fman tanklar\u0131 tanksavar silah\u0131 ile ate\u015fe tutuldu<\/strong><\/p>\n<p>\u0130lerleyen senaryoda Hava H\u00fccum Harek\u00e2t\u0131n\u0131n \u0130cras\u0131 yap\u0131ld\u0131. D\u00fc\u015fmana ait unsurlara hava ba\u015f\u0131 tesis eden dost birliklere m\u00fcdahale edildi. Kar\u015f\u0131 kuvvet top\u00e7u at\u0131\u015flar\u0131 ile bask\u0131 alt\u0131na al\u0131nd\u0131. \u0130nen birlikler taraf\u0131ndan d\u00fc\u015fman tanklar\u0131 tanksavar silah\u0131 ile ate\u015f alt\u0131na al\u0131nd\u0131. Kar\u015f\u0131 kuvvet, havan at\u0131\u015flar\u0131 ile bask\u0131 alt\u0131na al\u0131nd\u0131. Hava H\u00fccum Harek\u00e2t\u0131n\u0131n \u0130cras\u0131nda 1\u2019inci dalga kapak atma mevkiine intikal etti ve sahile darbe at\u0131\u015flar\u0131 yap\u0131ld\u0131. Top\u00e7u ve havan at\u0131\u015flar\u0131 yap\u0131ld\u0131. 1&#8217;inci dalgan\u0131n kapak atmas\u0131n\u0131n ard\u0131ndan, amfibi h\u00fccumu destekleyen top\u00e7u at\u0131\u015flar\u0131 yap\u0131ld\u0131. Amfibi harekat\u0131 destekleyen istihkamc\u0131l\u0131k faaliyetleri ger\u00e7ekle\u015ftirildi.<\/p>\n<div>\n<div> <img decoding=\"async\" src=\"https:\/\/ekamu.net\/wp-content\/uploads\/2024\/06\/efes-2024-seckin-gozlemci-gununun-gece-safhasi-nefes-kesti-2-Yg2pg8Uc.jpg\"\/><\/img> <\/div>\n<\/p><\/div>\n<\/p>\n<p><strong>Hedefler hava savunma silahlar\u0131 taraf\u0131ndan imha edildi<\/strong><\/p>\n<p>Muharebe Arama Kurtarma (MAK) g\u00f6revinin icras\u0131 ger\u00e7ekle\u015ftirildi. Ana karada amfibi y\u00fckleme\/bindirme yapan unsurlar, hava taarruzuna maruz kald\u0131 ve tespit edilen hava hedefleri hava savunma silahlar\u0131 ile ate\u015f alt\u0131na al\u0131nd\u0131.<\/p>\n<p><strong>Tatbikatta ilk kez kullan\u0131lan silah ve ara\u00e7lar<\/strong><\/p>\n<p>Tatbikat\u0131n kara harekat\u0131nda milli imkanlarla \u00fcretilen yeni nesil F\u0131rt\u0131na-2, Boran ob\u00fcs\u00fc, Pars Omtas Kuleli tekerlekli ara\u00e7 ile araca monteli may\u0131n, KARGU hedefe y\u00f6nlendirilebilen m\u00fchimmat sistemi, BAHA insans\u0131z hava arac\u0131, TOGAN otonom d\u00f6ner kanatl\u0131 g\u00f6zc\u00fc \u0130HA sistemi, f\u00fczyon silah gece g\u00f6r\u00fc\u015f d\u00fcrb\u00fcn\u00fc, M\u0130LKAR 2A2 radar elektronik taarruz sistemi, M\u0130LKAR 3A3 bant elektronik taarruz sistemi, M\u0130LKAR 5S elektronik taarruz sistemi, C70 ve E60 termal silah d\u00fcrb\u00fcn\u00fc ile A960 1.5x-6x g\u00fcnd\u00fcz g\u00f6r\u00fc\u015f d\u00fcrb\u00fcn\u00fc, silah tespit radar\u0131, SERHAT radar sistemi, \u0130HTAR \u0130hasavar ile ACAR radar sistemi, \u015fi\u015firilebilir sahte tank sistemi ilk defa kullan\u0131ld\u0131. Deniz harekat\u0131nda ise TCG ANADOLU \u00e7ok maksatl\u0131 amfibi gemi ve TCG P\u0130R\u0130RE\u0130S denizalt\u0131, TCG DERYA ikmal muharebe destek gemisi ile TCG \u0130STANBUL F\u0131rkateyni, Z\u0131rhl\u0131 Amfibi H\u00fccum Arac\u0131 (ZAHA) ilk kez tatbikatta yer ald\u0131. \u00d6zel Kuvvetlerce de helikopterden havadan tahliye platformu, mikro kamikaze dron, havan m\u00fchimmat\u0131 ta\u015f\u0131yan d\u00f6ner kanatl\u0131 \u0130HA sistemi ile MX-908 patlay\u0131c\u0131 madde tespit cihaz\u0131, urgan ip kamera sistemi, CADEX keskin ni\u015fanc\u0131 t\u00fcfe\u011fi ve Night Force Atacr 5-25x silah \u00fcst\u00fc optik d\u00fcrb\u00fcn tatbikatta ilk kullan\u0131lan ara\u00e7lar aras\u0131nda dikkat \u00e7ekti.<\/p>\n<div>\n<div> <img decoding=\"async\" src=\"https:\/\/ekamu.net\/wp-content\/uploads\/2024\/06\/efes-2024-seckin-gozlemci-gununun-gece-safhasi-nefes-kesti-3-zRQwtLDT.jpg\"\/><\/img> <\/div>\n<\/p><\/div>\n<\/p>\n<p>Tatbikat\u0131n Se\u00e7kin G\u00f6zlemci G\u00fcn\u00fc&#8217;n\u00fcn gece safhas\u0131n\u0131, Milli Savunma Bakan\u0131 Ya\u015far G\u00fcler, Genelkurmay Ba\u015fkan\u0131 Orgeneral Metin G\u00fcrak, kuvvet komutanlar\u0131 ve di\u011fer \u00fclkelerden se\u00e7kin g\u00f6zlemciler takip etti.<\/p>\n<p>Efes-2024 Se\u00e7kin G\u00f6zlemci G\u00fcn\u00fc&#8217;n\u00fcn g\u00fcnd\u00fcz safhas\u0131 ise 30 May\u0131s&#8217;ta ger\u00e7ekle\u015ftirilecek.<\/p>\n\n<p>Kaynak :\u00a0<span style=\"background-color: rgb(255, 249, 236); color: rgb(55, 58, 60); font-size: 14px;\">http:\/\/www.milliyet.com.tr\/gundem\/efes-2024-seckin-gozlemci-gununun-gece-safhasi-nefes-kesti-7134412<\/span><\/p>\n","protected":false},"excerpt":{"rendered":"<p>T\u00fcrk Silahl\u0131 Kuvvetlerinin (TSK) en b\u00fcy\u00fck tatbikat\u0131 olan Efes-2024 Birle\u015fik, M\u00fc\u015fterek Fiili At\u0131\u015fl\u0131 Arazi Tatbikat\u0131&#8217;n\u0131n Se\u00e7kin G\u00f6zlemci G\u00fcn\u00fc&#8217;n\u00fcn gece safhas\u0131nda senaryo gere\u011fi top\u00e7u at\u0131\u015flar\u0131 ile desteklenen amfibi harekat\u0131 icra edilerek, hedefler kara ate\u015f destek vas\u0131talar\u0131, sava\u015f u\u00e7aklar\u0131 ve taarruz helikopterleri ile etkisiz hale getirildi.<\/p>\n","protected":false},"author":1,"featured_media":12539,"comment_status":"open","ping_status":"open","sticky":false,"template":"","format":"standard","meta":{"footnotes":""},"categories":[3],"tags":[921,422,919,922,920],"class_list":["post-12538","post","type-post","status-publish","format-standard","has-post-thumbnail","hentry","category-genel","tag-amfibi","tag-hava","tag-hedefler","tag-kuvvet","tag-silah"],"_links":{"self":[{"href":"https:\/\/ekamu.net\/index.php\/wp-json\/wp\/v2\/posts\/12538","targetHints":{"allow":["GET"]}}],"collection":[{"href":"https:\/\/ekamu.net\/index.php\/wp-json\/wp\/v2\/posts"}],"about":[{"href":"https:\/\/ekamu.net\/index.php\/wp-json\/wp\/v2\/types\/post"}],"author":[{"embeddable":true,"href":"https:\/\/ekamu.net\/index.php\/wp-json\/wp\/v2\/users\/1"}],"replies":[{"embeddable":true,"href":"https:\/\/ekamu.net\/index.php\/wp-json\/wp\/v2\/comments?post=12538"}],"version-history":[{"count":1,"href":"https:\/\/ekamu.net\/index.php\/wp-json\/wp\/v2\/posts\/12538\/revisions"}],"predecessor-version":[{"id":12544,"href":"https:\/\/ekamu.net\/index.php\/wp-json\/wp\/v2\/posts\/12538\/revisions\/12544"}],"wp:featuredmedia":[{"embeddable":true,"href":"https:\/\/ekamu.net\/index.php\/wp-json\/wp\/v2\/media\/12539"}],"wp:attachment":[{"href":"https:\/\/ekamu.net\/index.php\/wp-json\/wp\/v2\/media?parent=12538"}],"wp:term":[{"taxonomy":"category","embeddable":true,"href":"https:\/\/ekamu.net\/index.php\/wp-json\/wp\/v2\/categories?post=12538"},{"taxonomy":"post_tag","embeddable":true,"href":"https:\/\/ekamu.net\/index.php\/wp-json\/wp\/v2\/tags?post=12538"}],"curies":[{"name":"wp","href":"https:\/\/api.w.org\/{rel}","templated":true}]}}