{"id":13141,"date":"2024-06-02T14:00:04","date_gmt":"2024-06-02T14:00:04","guid":{"rendered":"https:\/\/ekamu.net\/?p=13141"},"modified":"2024-06-02T14:00:04","modified_gmt":"2024-06-02T14:00:04","slug":"toplumun-kucagina-vicdan-bombasi-attilar","status":"publish","type":"post","link":"https:\/\/ekamu.net\/index.php\/2024\/06\/02\/toplumun-kucagina-vicdan-bombasi-attilar\/","title":{"rendered":"\u2018Toplumun kuca\u011f\u0131na vicdan bombas\u0131 att\u0131lar\u2019"},"content":{"rendered":"<p><p>\u00a0<\/p>\n<p><strong>CO\u015eKUN ERG\u00dcL\/ANKARA-\u00a0<\/strong>\u0130Y\u0130 Parti Genel Ba\u015fkan\u0131 M\u00fcsavat Dervi\u015fo\u011flu, partisinin grup toplant\u0131s\u0131nda sokak k\u00f6pekleri hakk\u0131ndaki d\u00fczenleme i\u00e7in \u015funlar\u0131 s\u00f6yledi:\u00a0\u201cG\u00fcndemi \u015fi\u015firmek i\u00e7in toplumun kuca\u011f\u0131na b\u00fcy\u00fck bir vicdan bombas\u0131 att\u0131lar. Erdo\u011fan\u2019\u0131n yeni kutupla\u015fma bombas\u0131, \u00e7ocuklar m\u0131 \u00f6ls\u00fcn, k\u00f6pekler mi \u00f6ls\u00fcn? Sorduklar\u0131 sorular ya\u015famaya de\u011fil \u00f6l\u00fcme dair. Meselenin \u00e7\u00f6z\u00fcm\u00fc bellidir. Topla, k\u0131s\u0131rla\u015ft\u0131r, a\u015f\u0131la, koru. \u0130lla soru soracaksan\u0131z, bar\u0131nak m\u0131, sahiplenme mi? dersiniz. Maliyet diyecekseniz, bir hayvan\u0131 uyutman\u0131n maliyeti k\u0131s\u0131rla\u015ft\u0131rma maliyetinin 3 kat\u0131 kadard\u0131r.\u201d<\/p>\n\n<p>Kaynak :\u00a0<span style=\"background-color: rgb(255, 249, 236); color: rgb(55, 58, 60); font-size: 14px;\">http:\/\/www.milliyet.com.tr\/gundem\/toplumun-kucagina-vicdan-bombasi-attilar-7134468<\/span><\/p>\n","protected":false},"excerpt":{"rendered":"<p>\u00a0 CO\u015eKUN ERG\u00dcL\/ANKARA-\u00a0\u0130Y\u0130 Parti Genel Ba\u015fkan\u0131 M\u00fcsavat Dervi\u015fo\u011flu, partisinin grup toplant\u0131s\u0131nda sokak k\u00f6pekleri hakk\u0131ndaki d\u00fczenleme i\u00e7in \u015funlar\u0131 s\u00f6yledi:\u00a0\u201cG\u00fcndemi \u015fi\u015firmek i\u00e7in toplumun kuca\u011f\u0131na b\u00fcy\u00fck bir vicdan bombas\u0131 att\u0131lar. Erdo\u011fan\u2019\u0131n yeni &#8230;<\/p>\n","protected":false},"author":1,"featured_media":13142,"comment_status":"open","ping_status":"open","sticky":false,"template":"","format":"standard","meta":{"footnotes":""},"categories":[3],"tags":[],"class_list":["post-13141","post","type-post","status-publish","format-standard","has-post-thumbnail","hentry","category-genel"],"_links":{"self":[{"href":"https:\/\/ekamu.net\/index.php\/wp-json\/wp\/v2\/posts\/13141","targetHints":{"allow":["GET"]}}],"collection":[{"href":"https:\/\/ekamu.net\/index.php\/wp-json\/wp\/v2\/posts"}],"about":[{"href":"https:\/\/ekamu.net\/index.php\/wp-json\/wp\/v2\/types\/post"}],"author":[{"embeddable":true,"href":"https:\/\/ekamu.net\/index.php\/wp-json\/wp\/v2\/users\/1"}],"replies":[{"embeddable":true,"href":"https:\/\/ekamu.net\/index.php\/wp-json\/wp\/v2\/comments?post=13141"}],"version-history":[{"count":1,"href":"https:\/\/ekamu.net\/index.php\/wp-json\/wp\/v2\/posts\/13141\/revisions"}],"predecessor-version":[{"id":13143,"href":"https:\/\/ekamu.net\/index.php\/wp-json\/wp\/v2\/posts\/13141\/revisions\/13143"}],"wp:featuredmedia":[{"embeddable":true,"href":"https:\/\/ekamu.net\/index.php\/wp-json\/wp\/v2\/media\/13142"}],"wp:attachment":[{"href":"https:\/\/ekamu.net\/index.php\/wp-json\/wp\/v2\/media?parent=13141"}],"wp:term":[{"taxonomy":"category","embeddable":true,"href":"https:\/\/ekamu.net\/index.php\/wp-json\/wp\/v2\/categories?post=13141"},{"taxonomy":"post_tag","embeddable":true,"href":"https:\/\/ekamu.net\/index.php\/wp-json\/wp\/v2\/tags?post=13141"}],"curies":[{"name":"wp","href":"https:\/\/api.w.org\/{rel}","templated":true}]}}