{"id":1339,"date":"2024-05-28T12:02:11","date_gmt":"2024-05-28T12:02:11","guid":{"rendered":"https:\/\/ekamu.net\/?p=1339"},"modified":"2024-05-28T12:02:11","modified_gmt":"2024-05-28T12:02:11","slug":"hanehalki-mayista-yuzde-113-enflasyon-bekliyor","status":"publish","type":"post","link":"https:\/\/ekamu.net\/index.php\/2024\/05\/28\/hanehalki-mayista-yuzde-113-enflasyon-bekliyor\/","title":{"rendered":"Hanehalk\u0131 May\u0131s&#8217;ta y\u00fczde 113 enflasyon bekliyor"},"content":{"rendered":"<div>\n<p>Piyasa ve T\u00fcrkiye Cumhuriyet Merkez Bankas\u0131 (TCMB) May\u0131s ay\u0131nda yakla\u015f\u0131k y\u00fczde 75 y\u0131ll\u0131k enflasyon beklerken, hanehalk\u0131n\u0131n May\u0131s ay\u0131 enflasyon beklentisi \u00fc\u00e7 hanelerde.<\/p>\n<p>Ko\u00e7 \u00dcniversitesi ve Konda\u2019n\u0131n d\u00fczenledi\u011fi T\u00fcrkiye Hanehalk\u0131 Enflasyon Beklenti Anketi (TEBA) sonu\u00e7lar\u0131na g\u00f6re ankette, &#8220;2023&#8217;\u00fcn May\u0131s ay\u0131ndan bu May\u0131s ay\u0131na kadar fiyatlar\u0131n ortalama y\u00fczde ka\u00e7 artt\u0131\u011f\u0131n\u0131 d\u00fc\u015f\u00fcn\u00fcyorsunuz?&#8221; sorusuna verilen cevap ortalamada y\u00fczde 113 olarak kaydedildi.<\/p>\n<p>Ayn\u0131 ankette y\u0131l sonu enflasyon beklentisi ise Nisan ay\u0131ndaki ankete g\u00f6re 4 puan d\u00fc\u015ferek y\u00fczde 92 olarak kaydedildi.<\/p>\n<\/div>\n<div>\n<p>Hane halk\u0131n\u0131n y\u0131l sonu beklentisinin piyasa beklentilerinin iki kat\u0131 oldu\u011fu g\u00f6r\u00fcl\u00fcyor. TCMB&#8217;nin kendi tahmini y\u0131l sonunda enflasyonun y\u00fczde 38 olaca\u011f\u0131na i\u015faret ederken, TCMB&#8217;nin son piyasa kat\u0131l\u0131mc\u0131lar\u0131 anketinde ise y\u0131l sonu beklentisi y\u00fczde 43,6 olarak belirlenmi\u015fti. Bloomberg HT&#8217;nin son enflasyon anketinde ise piyasa kat\u0131l\u0131mc\u0131lar\u0131 y\u0131l sonu i\u00e7in y\u00fczde 43&#8217;l\u00fck beklenti girmi\u015flerdi.<\/p>\n<div>\n<figure>\n<div> <img decoding=\"async\" src=\"https:\/\/ekamu.net\/wp-content\/uploads\/2024\/05\/hanehalki-mayista-yuzde-113-enflasyon-bekliyor-0-1K7qUth4.jpg\"\/> <\/div>\n<\/figure><\/div>\n<\/p>\n<p>T\u00fcrkiye Hanehalk\u0131 Enflasyon Beklenti Anketi&#8217;nde y\u0131l\u0131n geri kalan\u0131 i\u00e7in hanehalk\u0131 enflasyon beklentilerinin seyrine bak\u0131ld\u0131\u011f\u0131nda, hanehalk\u0131 enflasyon beklentilerinin May\u0131s-Aral\u0131k d\u00f6neminde enflasyonda 21 puanl\u0131k d\u00fc\u015f\u00fc\u015f yans\u0131tt\u0131\u011f\u0131 izlendi.<\/p>\n<p><b><strong>Metropollerde daha y\u00fcksek beklenti<\/strong><\/b><\/p>\n<p>Ankette bireylerin ya\u015fad\u0131\u011f\u0131 yerle\u015fim tiplerine g\u00f6re, k\u0131r, kent ve metropol \u015feklinde bir ayr\u0131\u015ft\u0131rma<br \/>yap\u0131ld\u0131\u011f\u0131nda k\u0131rdan metropol alanlar\u0131na do\u011fru gittik\u00e7e fiyat art\u0131\u015f\u0131 beklentisinin y\u00fckseldi\u011fi g\u00f6zlendi. Buna g\u00f6re k\u0131rsal b\u00f6lgede 2024 i\u00e7in y\u00fczde 93 enflasyon beklenirken, metropollerde bu oran y\u00fczde 95 oldu.<\/p>\n<p>G\u00f6r\u00fc\u015f\u00fclen ki\u015filerin \u00e7al\u0131\u015fma durumuna g\u00f6re bir inceleme yap\u0131ld\u0131\u011f\u0131nda, enflasyon beklentisi en<br \/>y\u00fcksek olan grup emekliler oldu. Emeklileri i\u015fsizlerin takip etti\u011fi g\u00f6zlemlendi.<\/p>\n<p>Emekliler 2024&#8217;te y\u00fczde 104 enflasyon beklerken, i\u015fsizlerin beklentisi de y\u00fczde 93 olarak kaydedildi.<\/p>\n<p>Hanedeki ki\u015fi say\u0131s\u0131na g\u00f6re bir gruplama yap\u0131ld\u0131\u011f\u0131nda, en y\u00fcksek enflasyon beklentisi 1-2<br \/>ki\u015finin ya\u015fad\u0131\u011f\u0131 hanelerde izlendi.<\/p>\n<p><b><strong>Ara\u015ft\u0131rmaya 74 ilde, 2 bin 867 ki\u015fi kat\u0131l\u0131m g\u00f6sterdi<\/strong><\/b><\/p>\n<p>T\u00fcrkiye\u2019deki 18 ya\u015f \u00fcst\u00fc n\u00fcfusun enflasyon beklentilerini \u00f6l\u00e7meyi hedefleyen ara\u015ft\u0131rma 17-19 May\u0131s 2024 tarihlerinde telefon aramas\u0131 yap\u0131larak ger\u00e7ekle\u015ftirildi.<\/p>\n<p>Ara\u015ft\u0131rma kapsam\u0131nda, 74 ilde ve 1414 farkl\u0131 mahallede ya\u015fayan 2 bin 867 ki\u015fiyle telefonla g\u00f6r\u00fc\u015fme yap\u0131ld\u0131.<\/p>\n<\/div>\n<\/p>\n<p><\/p>\n<p>Kaynak :\u00a0<span style=\"background-color: rgb(255, 249, 236); color: rgb(55, 58, 60); font-size: 14px;\">Bloomberg HT<\/span><\/p>\n<p><span style=\"display: block; width: 343.125px; color: rgb(55, 58, 60); font-size: 14px; background-color: rgb(255, 249, 236);\"><\/span><\/p>\n","protected":false},"excerpt":{"rendered":"<p>Ko\u00e7 \u00dcniversitesi ve Konda\u2019n\u0131n d\u00fczenledi\u011fi T\u00fcrkiye Hanehalk\u0131 Enflasyon Beklenti Anketi (TEBA) sonu\u00e7lar\u0131na g\u00f6re hanehalk\u0131 May\u0131s ay\u0131 enflasyon beklentisi y\u00fczde 113 oldu. Y\u0131l sonu enflasyon beklentisi ise y\u00fczde 92\u2019ye geriledi.<\/p>\n","protected":false},"author":1,"featured_media":1340,"comment_status":"open","ping_status":"open","sticky":false,"template":"","format":"standard","meta":{"footnotes":""},"categories":[2],"tags":[58,44,57,60,59],"class_list":["post-1339","post","type-post","status-publish","format-standard","has-post-thumbnail","hentry","category-ekonomi","tag-beklenti","tag-enflasyon","tag-enflasyon-beklenti","tag-hanehalki","tag-mayis"],"_links":{"self":[{"href":"https:\/\/ekamu.net\/index.php\/wp-json\/wp\/v2\/posts\/1339","targetHints":{"allow":["GET"]}}],"collection":[{"href":"https:\/\/ekamu.net\/index.php\/wp-json\/wp\/v2\/posts"}],"about":[{"href":"https:\/\/ekamu.net\/index.php\/wp-json\/wp\/v2\/types\/post"}],"author":[{"embeddable":true,"href":"https:\/\/ekamu.net\/index.php\/wp-json\/wp\/v2\/users\/1"}],"replies":[{"embeddable":true,"href":"https:\/\/ekamu.net\/index.php\/wp-json\/wp\/v2\/comments?post=1339"}],"version-history":[{"count":1,"href":"https:\/\/ekamu.net\/index.php\/wp-json\/wp\/v2\/posts\/1339\/revisions"}],"predecessor-version":[{"id":1342,"href":"https:\/\/ekamu.net\/index.php\/wp-json\/wp\/v2\/posts\/1339\/revisions\/1342"}],"wp:featuredmedia":[{"embeddable":true,"href":"https:\/\/ekamu.net\/index.php\/wp-json\/wp\/v2\/media\/1340"}],"wp:attachment":[{"href":"https:\/\/ekamu.net\/index.php\/wp-json\/wp\/v2\/media?parent=1339"}],"wp:term":[{"taxonomy":"category","embeddable":true,"href":"https:\/\/ekamu.net\/index.php\/wp-json\/wp\/v2\/categories?post=1339"},{"taxonomy":"post_tag","embeddable":true,"href":"https:\/\/ekamu.net\/index.php\/wp-json\/wp\/v2\/tags?post=1339"}],"curies":[{"name":"wp","href":"https:\/\/api.w.org\/{rel}","templated":true}]}}