{"id":1371,"date":"2024-05-28T12:22:11","date_gmt":"2024-05-28T12:22:11","guid":{"rendered":"https:\/\/ekamu.net\/?p=1371"},"modified":"2024-05-28T12:22:11","modified_gmt":"2024-05-28T12:22:11","slug":"erzurumda-kaza-3-olu-5-yarali","status":"publish","type":"post","link":"https:\/\/ekamu.net\/index.php\/2024\/05\/28\/erzurumda-kaza-3-olu-5-yarali\/","title":{"rendered":"Erzurum&#8217;da kaza: 3 \u00f6l\u00fc, 5 yaral\u0131"},"content":{"rendered":"<p><p>Kaza, saat 03.00 s\u0131ralar\u0131nda, Aziziye il\u00e7esi Belediye Hizmet Binas\u0131 \u00f6n\u00fcnden ge\u00e7en E-80 kara yolunda meydana geldi.<\/p>\n<p>Enes Kola&#8217;n\u0131n kulland\u0131\u011f\u0131 25 ADP 297 plakal\u0131 otomobil, \u0131\u015f\u0131kl\u0131 kav\u015fakta, Hasan Ekinci idaresindeki 16 AGP 873 plakal\u0131 otomobille \u00e7arp\u0131\u015ft\u0131. \u0130hbar \u00fczerine kaza yerine polis, itfaiye ve sa\u011fl\u0131k ekipleri sevk edildi. Ara\u00e7ta s\u0131k\u0131\u015fan yaral\u0131lar, itfaiye erleri taraf\u0131ndan bulunduklar\u0131 yerlerden \u00e7\u0131kar\u0131ld\u0131.<\/p>\n<div>\n<div> <img decoding=\"async\" src=\"https:\/\/ekamu.net\/wp-content\/uploads\/2024\/05\/erzurumda-kaza-3-olu-5-yarali-0-TUnZgu57.jpg\"\/><\/img> <\/div>\n<\/p><\/div>\n<\/p>\n<p>Kazada, Furkan Kur\u00e7 ile Fatime Kur\u00e7 olay yerinde ya\u015fam\u0131n\u0131 yitirdi. Hastaneye kald\u0131r\u0131lan yaral\u0131lardan Serap Kur\u00e7 da yap\u0131lan t\u00fcm m\u00fcdahaleye ra\u011fmen kurtar\u0131lamad\u0131. Yaral\u0131lar Hasan Ekinci, Semanur Ekinci, Sevgi Kur\u00e7, Enes Kola ve G\u00f6zde Ya\u011fmur Ekinci&#8217;nin tedavileri ise hastanede s\u00fcr\u00fcyor. Yaral\u0131lardan Semanur Ekinci&#8217;nin durumunun ise a\u011f\u0131r oldu\u011fu bildirildi.<\/p>\n\n<p>Kaynak :\u00a0<span style=\"background-color: rgb(255, 249, 236); color: rgb(55, 58, 60); font-size: 14px;\">http:\/\/www.milliyet.com.tr\/gundem\/erzurumda-kaza-3-olu-5-yarali-7133534<\/span><\/p>\n","protected":false},"excerpt":{"rendered":"<p>Erzrurum&#8217;da iki otomobilin \u00e7arp\u0131\u015ft\u0131\u011f\u0131 kazada 3 ki\u015fi hayat\u0131n\u0131 kaybederken 1&#8217;i a\u011f\u0131r, 5 ki\u015fi de yaraland\u0131.<\/p>\n","protected":false},"author":1,"featured_media":1372,"comment_status":"open","ping_status":"open","sticky":false,"template":"","format":"standard","meta":{"footnotes":""},"categories":[3],"tags":[67],"class_list":["post-1371","post","type-post","status-publish","format-standard","has-post-thumbnail","hentry","category-genel","tag-ekinci"],"_links":{"self":[{"href":"https:\/\/ekamu.net\/index.php\/wp-json\/wp\/v2\/posts\/1371","targetHints":{"allow":["GET"]}}],"collection":[{"href":"https:\/\/ekamu.net\/index.php\/wp-json\/wp\/v2\/posts"}],"about":[{"href":"https:\/\/ekamu.net\/index.php\/wp-json\/wp\/v2\/types\/post"}],"author":[{"embeddable":true,"href":"https:\/\/ekamu.net\/index.php\/wp-json\/wp\/v2\/users\/1"}],"replies":[{"embeddable":true,"href":"https:\/\/ekamu.net\/index.php\/wp-json\/wp\/v2\/comments?post=1371"}],"version-history":[{"count":1,"href":"https:\/\/ekamu.net\/index.php\/wp-json\/wp\/v2\/posts\/1371\/revisions"}],"predecessor-version":[{"id":1374,"href":"https:\/\/ekamu.net\/index.php\/wp-json\/wp\/v2\/posts\/1371\/revisions\/1374"}],"wp:featuredmedia":[{"embeddable":true,"href":"https:\/\/ekamu.net\/index.php\/wp-json\/wp\/v2\/media\/1372"}],"wp:attachment":[{"href":"https:\/\/ekamu.net\/index.php\/wp-json\/wp\/v2\/media?parent=1371"}],"wp:term":[{"taxonomy":"category","embeddable":true,"href":"https:\/\/ekamu.net\/index.php\/wp-json\/wp\/v2\/categories?post=1371"},{"taxonomy":"post_tag","embeddable":true,"href":"https:\/\/ekamu.net\/index.php\/wp-json\/wp\/v2\/tags?post=1371"}],"curies":[{"name":"wp","href":"https:\/\/api.w.org\/{rel}","templated":true}]}}