{"id":13877,"date":"2024-06-03T00:24:04","date_gmt":"2024-06-03T00:24:04","guid":{"rendered":"https:\/\/ekamu.net\/?p=13877"},"modified":"2024-06-03T00:24:04","modified_gmt":"2024-06-03T00:24:04","slug":"istanbul-enflasyonu-15-yilin-zirvesinde","status":"publish","type":"post","link":"https:\/\/ekamu.net\/index.php\/2024\/06\/03\/istanbul-enflasyonu-15-yilin-zirvesinde\/","title":{"rendered":"\u0130stanbul enflasyonu 1,5 y\u0131l\u0131n zirvesinde"},"content":{"rendered":"<div>\n<p>\u0130stanbul Ticaret Odas\u0131 (\u0130TO), kentte May\u0131s ay\u0131nda \u00f6nceki aya g\u00f6re perakende fiyatlar\u0131n y\u00fczde 3,59, toptan fiyatlar\u0131n y\u00fczde 2,59 artt\u0131\u011f\u0131n\u0131 belirtti.<\/p>\n<p>\u0130TO, May\u0131s ay\u0131 \u0130stanbul \u00dccretliler Ge\u00e7inme \u0130ndeksi ile Toptan E\u015fya Fiyatlar\u0131 \u0130ndeksi verilerini a\u00e7\u0131klad\u0131.<\/p>\n<p>Buna g\u00f6re, kentteki perakende fiyat hareketlerinin g\u00f6stergesi olan \u0130stanbul \u00dccretliler Ge\u00e7inme \u0130ndeksi May\u0131s&#8217;ta \u00f6nceki aya g\u00f6re y\u00fczde 3,59, toptan fiyat hareketlerini yans\u0131tan Toptan E\u015fya Fiyatlar\u0131 \u0130ndeksi de y\u00fczde 2,59 artt\u0131.<\/p>\n<p>S\u00f6z konusu veriler, y\u0131ll\u0131k bazda incelendi\u011finde art\u0131\u015f oran\u0131n\u0131n perakendede y\u00fczde 82,20, toptan e\u015fyada y\u00fczde 61,21 oldu\u011fu g\u00f6r\u00fcld\u00fc.<\/p>\n<\/div>\n<p><b><strong>Sekt\u00f6rel bazda de\u011fi\u015fim oranlar\u0131<\/strong><\/b><\/p>\n<div>\n<p>May\u0131s&#8217;ta perakende fiyatlarda bir \u00f6nceki aya g\u00f6re k\u00fclt\u00fcr, e\u011fitim ve e\u011flence harcamalar\u0131nda y\u00fczde 7,86, konut harcamalar\u0131nda y\u00fczde 7,07, giyim harcamalar\u0131 grubunda y\u00fczde 6,76, ev e\u015fyas\u0131 harcamalar\u0131nda y\u00fczde 3,48, g\u0131da harcamalar\u0131nda y\u00fczde 2,35 ve di\u011fer harcamalarda y\u00fczde 1,36 art\u0131\u015f izlenirken, sa\u011fl\u0131k ve ki\u015fisel bak\u0131m harcamalar\u0131nda y\u00fczde 0,13, ula\u015ft\u0131rma ve haberle\u015fme harcamalar\u0131nda ise y\u00fczde 0,45 azalma oldu.<\/p>\n<p>Toptan fiyatlarda ise i\u015flenmemi\u015f maddeler grubunda y\u00fczde 8,31, madenler grubunda y\u00fczde 5,13, in\u015faat malzemeleri grubunda y\u00fczde 4,28, g\u0131da maddeleri grubunda y\u00fczde 1,41, yakacak ve enerji maddeleri grubunda y\u00fczde 0,09 art\u0131\u015f g\u00f6r\u00fcl\u00fcrken, kimyevi maddeler grubunda ise y\u00fczde 7,40 azal\u0131\u015f izlendi. Mensucat grubunda de\u011fi\u015fim olmad\u0131.<\/p>\n<\/div>\n<\/p>\n<p><\/p>\n<p>Kaynak :\u00a0<span style=\"background-color: rgb(255, 249, 236); color: rgb(55, 58, 60); font-size: 14px;\">Bloomberg HT<\/span><\/p>\n<p><span style=\"display: block; width: 343.125px; color: rgb(55, 58, 60); font-size: 14px; background-color: rgb(255, 249, 236);\"><\/span><\/p>\n","protected":false},"excerpt":{"rendered":"<p>\u0130stanbul Ticaret Odas\u0131 (\u0130TO) verilerine g\u00f6re May\u0131s ay\u0131nda perakende fiyatlar bir \u00f6nceki y\u0131l\u0131n ayn\u0131 d\u00f6nemine g\u00f6re y\u00fczde 82,2 artt\u0131. B\u00f6ylelikle y\u0131ll\u0131k enflasyonda Aral\u0131k 2022&#8217;den bu yana en y\u00fcksek seviye kaydedildi.<\/p>\n","protected":false},"author":1,"featured_media":13878,"comment_status":"open","ping_status":"open","sticky":false,"template":"","format":"standard","meta":{"footnotes":""},"categories":[2],"tags":[116,1004],"class_list":["post-13877","post","type-post","status-publish","format-standard","has-post-thumbnail","hentry","category-ekonomi","tag-fiyat","tag-toptan"],"_links":{"self":[{"href":"https:\/\/ekamu.net\/index.php\/wp-json\/wp\/v2\/posts\/13877","targetHints":{"allow":["GET"]}}],"collection":[{"href":"https:\/\/ekamu.net\/index.php\/wp-json\/wp\/v2\/posts"}],"about":[{"href":"https:\/\/ekamu.net\/index.php\/wp-json\/wp\/v2\/types\/post"}],"author":[{"embeddable":true,"href":"https:\/\/ekamu.net\/index.php\/wp-json\/wp\/v2\/users\/1"}],"replies":[{"embeddable":true,"href":"https:\/\/ekamu.net\/index.php\/wp-json\/wp\/v2\/comments?post=13877"}],"version-history":[{"count":1,"href":"https:\/\/ekamu.net\/index.php\/wp-json\/wp\/v2\/posts\/13877\/revisions"}],"predecessor-version":[{"id":13879,"href":"https:\/\/ekamu.net\/index.php\/wp-json\/wp\/v2\/posts\/13877\/revisions\/13879"}],"wp:featuredmedia":[{"embeddable":true,"href":"https:\/\/ekamu.net\/index.php\/wp-json\/wp\/v2\/media\/13878"}],"wp:attachment":[{"href":"https:\/\/ekamu.net\/index.php\/wp-json\/wp\/v2\/media?parent=13877"}],"wp:term":[{"taxonomy":"category","embeddable":true,"href":"https:\/\/ekamu.net\/index.php\/wp-json\/wp\/v2\/categories?post=13877"},{"taxonomy":"post_tag","embeddable":true,"href":"https:\/\/ekamu.net\/index.php\/wp-json\/wp\/v2\/tags?post=13877"}],"curies":[{"name":"wp","href":"https:\/\/api.w.org\/{rel}","templated":true}]}}