{"id":14719,"date":"2024-06-03T09:48:06","date_gmt":"2024-06-03T09:48:06","guid":{"rendered":"https:\/\/ekamu.net\/?p=14719"},"modified":"2024-06-03T09:48:06","modified_gmt":"2024-06-03T09:48:06","slug":"tuba-unsal-atak-gecirdi-unlu-isim-hastaneye-kaldirildi","status":"publish","type":"post","link":"https:\/\/ekamu.net\/index.php\/2024\/06\/03\/tuba-unsal-atak-gecirdi-unlu-isim-hastaneye-kaldirildi\/","title":{"rendered":"Tuba \u00dcnsal atak ge\u00e7irdi! \u00dcnl\u00fc isim hastaneye kald\u0131r\u0131ld\u0131"},"content":{"rendered":"<p><p>Oyuncu ve model Tuba \u00dcnsal (42), \u00f6nceki g\u00fcn bir mekandan \u00e7\u0131karken g\u00f6r\u00fcnt\u00fclenmi\u015f ve CZN Burak olarak bilinen \u015fef Burak \u00d6zdemir&#8217;in Cannes Film Festivali&#8217;ne kat\u0131lmas\u0131 ve sosyal medyadan ald\u0131\u011f\u0131 tepkilerle ilgili konu\u015fmu\u015ftu.<\/p>\n<p><strong>&#8220;NE AYIP B\u0130R \u015eEY!&#8221;<\/strong><\/p>\n<p>\u00dcnsal, &#8220;Ne ay\u0131p bir \u015fey! Yani kimiz biz? Ona kebap\u00e7\u0131, buna model, ona sanat\u00e7\u0131 diye tan\u0131mlar&#8230; Bir kebap\u00e7\u0131 olarak gitmi\u015fse oraya, onun sadece alk\u0131\u015flanmas\u0131 gerekiyor!&#8221; demi\u015fti.<\/p>\n<p><img decoding=\"async\" src=\"https:\/\/ekamu.net\/wp-content\/uploads\/2024\/06\/tuba-unsal-atak-gecirdi-unlu-isim-hastaneye-kaldirildi-0-jXH5i22e.jpg\"\/><\/img><\/p>\n<p><strong>&#8220;DEN\u0130Z AKKAYA \u0130LE KIZI BEN\u0130 \u00c7OK ETK\u0130LED\u0130&#8221;<\/strong><\/p>\n<p>Deniz Akkaya&#8217;n\u0131n devlet korumas\u0131na al\u0131nan k\u0131z\u0131 A.\u00d6. ile ya\u015fad\u0131\u011f\u0131 problemlerle ilgili bir soru \u00fczerine Tuba \u00dcnsal, verdi\u011fi yan\u0131tla g\u00fcndem olmu\u015ftu. \u00dcnl\u00fc isim \u015fu ifadeleri kullanm\u0131\u015ft\u0131:<\/p>\n<section>\n<div>\n<p>Ben de bir k\u0131z \u00e7ocu\u011fu b\u00fcy\u00fct\u00fcyorum. Yaln\u0131z bir anne olman\u0131n insan\u0131 bazen \u00e7ok zor duruma soktu\u011fu zamanlar oluyor. \u00c7ocuklar, ergenliklerini bizim \u00e7ocuklu\u011fumuzda ya\u015fad\u0131\u011f\u0131m\u0131z gibi ya\u015famayabiliyorlar. Her iki taraf i\u00e7inde kalbimin i\u00e7inden derinden beni \u00e7ok etkiledi bu olay. Full sevgi g\u00f6nderiyorum hem anneye hem \u00e7ocu\u011fa. Ama bunun d\u0131\u015f\u0131nda anne \u00e7ocuk aras\u0131ndakilerle ilgili hi\u00e7 bir c\u00fcmle kuramam, yani biz getiriyoruz onlar\u0131 d\u00fcnyaya. \u0130yisine k\u00f6t\u00fcs\u00fcne, mutlusuna mutsuzlu\u011funa, hepsine bin \u015f\u00fck\u00fcr. Hayatta yapt\u0131\u011f\u0131m en g\u00fczel \u015fey. Hayat\u0131m\u0131 de\u011fi\u015ftirmem, o kadar g\u00fczel ki o k\u00fc\u00e7\u00fck varl\u0131klar. Anne olmak \u00e7ok \u00f6zel bir \u015fey.<\/p>\n<\/div>\n<\/section>\n<p><img decoding=\"async\" src=\"https:\/\/ekamu.net\/wp-content\/uploads\/2024\/06\/tuba-unsal-atak-gecirdi-unlu-isim-hastaneye-kaldirildi-1-yFO2tvwS.jpg\"\/><\/img><\/p>\n<p><strong>HASTANEYE KALDIRILDI<\/strong><\/p>\n<p>Ruhsar, Kara Melek, T\u00f6vbeler T\u00f6vbesi, Ruhumun Aynas\u0131, \u0130\u00e7erde, A\u015fk 101 ve Gecenin Ucunda gibi bir\u00e7ok projede boy g\u00f6steren Tuba \u00dcnsal, sosyal medya hesab\u0131ndan FMF ata\u011f\u0131 ge\u00e7irerek hastaneye kald\u0131r\u0131ld\u0131\u011f\u0131n\u0131 s\u00f6yledi.<\/p>\n<div>\n<div> <img decoding=\"async\" src=\"https:\/\/ekamu.net\/wp-content\/uploads\/2024\/06\/tuba-unsal-atak-gecirdi-unlu-isim-hastaneye-kaldirildi-2-YUtgHwXg.jpg\"\/><\/img> <\/div>\n<\/p><\/div>\n<\/p>\n<p><strong>&#8220;HAYATIMIN EN ZOR GECES\u0130&#8221;<\/strong><\/p>\n<p>\u00dcnsal sosyal medyadan sa\u011fl\u0131k durumu hakk\u0131nda sevenlerini bilgilendirdi:<\/p>\n<section>\n<div>\n<p>D\u00fcn gece ge\u00e7irdi\u011fim FMF ata\u011f\u0131 neticesinde kald\u0131r\u0131ld\u0131\u011f\u0131m hastanedeki \u00e7al\u0131\u015fanlara \u00e7ok te\u015fekk\u00fcr ederim. San\u0131r\u0131m hayat\u0131m\u0131n en zor gecesiydi. Elimi tutan ac\u0131m\u0131 dindirmek i\u00e7in ko\u015fturan herkese kalbimden bir par\u00e7a b\u0131rakt\u0131m. Bug\u00fcn v\u00fccudumun atak sonras\u0131 peri\u015fan halinden sete de gidemedim.<\/p>\n<\/div>\n<\/section>\n<p><strong>FMF ATA\u011eI NED\u0130R? A\u0130LEV\u0130 AKDEN\u0130Z ATE\u015e\u0130 BEL\u0130RT\u0130LER\u0130<\/strong><\/p>\n<p>Ailevi Akdeniz Ate\u015fi (FMF) bir otoinflamatuar hastal\u0131kt\u0131r. Bu rahats\u0131zl\u0131k genellikle Akdeniz k\u00f6kenli bireylerde g\u00f6r\u00fcl\u00fcr. FMF&#8217;de v\u00fccut, kendi dokular\u0131na kar\u015f\u0131 a\u015f\u0131r\u0131 ba\u011f\u0131\u015f\u0131kl\u0131k tepkisi verir.<\/p>\n<p>Belirtileri ise \u015fu \u015fekildedir;<\/p>\n<p>Kar\u0131n a\u011fr\u0131s\u0131, g\u00f6\u011f\u00fcs a\u011fr\u0131s\u0131, eklemlerde a\u011fr\u0131 ve \u015fi\u015flik, cilt k\u0131zar\u0131kl\u0131\u011f\u0131, d\u00f6k\u00fcnt\u00fcler.<\/p>\n<div>\n<div> <img decoding=\"async\" src=\"https:\/\/ekamu.net\/wp-content\/uploads\/2024\/06\/tuba-unsal-atak-gecirdi-unlu-isim-hastaneye-kaldirildi-3-runwj85S.jpg\"\/><\/img> <\/div>\n<\/p><\/div>\n<\/p>\n<p>Kaynak :\u00a0<span style=\"background-color: rgb(255, 249, 236); color: rgb(55, 58, 60); font-size: 14px;\">http:\/\/www.milliyet.com.tr\/cadde\/tuba-unsal-atak-gecirdi-unlu-isim-hastaneye-kaldirildi-7134646<\/span><\/p>\n","protected":false},"excerpt":{"rendered":"<p>\u00dcnl\u00fc oyuncu Tuba \u00dcnsal&#8217;dan hayranlar\u0131n\u0131 endi\u015felendiren haber geldi. G\u00fczel isim, FMF ata\u011f\u0131 ge\u00e7irerek hastaneye kald\u0131r\u0131ld\u0131. \u00dcnsal, sa\u011fl\u0131k durumu hakk\u0131nda sosyal medya hesab\u0131ndan a\u00e7\u0131klama yapt\u0131.<\/p>\n","protected":false},"author":1,"featured_media":14720,"comment_status":"open","ping_status":"open","sticky":false,"template":"","format":"standard","meta":{"footnotes":""},"categories":[4],"tags":[1070,1071],"class_list":["post-14719","post","type-post","status-publish","format-standard","has-post-thumbnail","hentry","category-magazin","tag-fmf","tag-unsal"],"_links":{"self":[{"href":"https:\/\/ekamu.net\/index.php\/wp-json\/wp\/v2\/posts\/14719","targetHints":{"allow":["GET"]}}],"collection":[{"href":"https:\/\/ekamu.net\/index.php\/wp-json\/wp\/v2\/posts"}],"about":[{"href":"https:\/\/ekamu.net\/index.php\/wp-json\/wp\/v2\/types\/post"}],"author":[{"embeddable":true,"href":"https:\/\/ekamu.net\/index.php\/wp-json\/wp\/v2\/users\/1"}],"replies":[{"embeddable":true,"href":"https:\/\/ekamu.net\/index.php\/wp-json\/wp\/v2\/comments?post=14719"}],"version-history":[{"count":1,"href":"https:\/\/ekamu.net\/index.php\/wp-json\/wp\/v2\/posts\/14719\/revisions"}],"predecessor-version":[{"id":14725,"href":"https:\/\/ekamu.net\/index.php\/wp-json\/wp\/v2\/posts\/14719\/revisions\/14725"}],"wp:featuredmedia":[{"embeddable":true,"href":"https:\/\/ekamu.net\/index.php\/wp-json\/wp\/v2\/media\/14720"}],"wp:attachment":[{"href":"https:\/\/ekamu.net\/index.php\/wp-json\/wp\/v2\/media?parent=14719"}],"wp:term":[{"taxonomy":"category","embeddable":true,"href":"https:\/\/ekamu.net\/index.php\/wp-json\/wp\/v2\/categories?post=14719"},{"taxonomy":"post_tag","embeddable":true,"href":"https:\/\/ekamu.net\/index.php\/wp-json\/wp\/v2\/tags?post=14719"}],"curies":[{"name":"wp","href":"https:\/\/api.w.org\/{rel}","templated":true}]}}