{"id":14729,"date":"2024-06-03T10:12:07","date_gmt":"2024-06-03T10:12:07","guid":{"rendered":"https:\/\/ekamu.net\/?p=14729"},"modified":"2024-06-03T10:12:07","modified_gmt":"2024-06-03T10:12:07","slug":"iskocyadaki-evsizler-taylor-swift-hayranlari-icin-kaldiklari-otellerden-tahliye-edildi","status":"publish","type":"post","link":"https:\/\/ekamu.net\/index.php\/2024\/06\/03\/iskocyadaki-evsizler-taylor-swift-hayranlari-icin-kaldiklari-otellerden-tahliye-edildi\/","title":{"rendered":"&#8216;\u0130sko\u00e7ya&#8217;daki evsizler Taylor Swift hayranlar\u0131 i\u00e7in kald\u0131klar\u0131 otellerden tahliye edildi!&#8217;"},"content":{"rendered":"<p><p>&#8216;Y\u0131l\u0131n Ki\u015fisi&#8217; se\u00e7ilen ABD&#8217;li \u015fark\u0131c\u0131 Taylor Swift, &#8216;Eras&#8217; adl\u0131 turnesinin Avrupa aya\u011f\u0131na \u0130spanya&#8217;n\u0131n ba\u015fkenti Madrid ve Portekiz&#8217;in ba\u015fkenti Lizbon&#8217;dan ba\u015flad\u0131.<\/p>\n<p>\u015eimdilerde Travis Kelce ile ya\u015fad\u0131\u011f\u0131 a\u015fkla ad\u0131ndan s\u00f6z ettiren 34 ya\u015f\u0131ndaki Swift&#8217;in turnesinde s\u0131ra, \u0130sko\u00e7ya&#8217;n\u0131n ba\u015fkenti Edinburgh&#8217;a geldi.<\/p>\n<div>\n<div> <img decoding=\"async\" src=\"https:\/\/ekamu.net\/wp-content\/uploads\/2024\/06\/iskocyadaki-evsizler-taylor-swift-hayranlari-icin-kaldiklari-otellerden-tahliye-edildi-0-uYdttZaF.jpg\"\/><\/img> <\/div>\n<\/p><\/div>\n<\/p>\n<p><strong>&#8216;EVS\u0130ZLER OTELDEN \u00c7IKARILDI&#8217; \u0130DD\u0130ASI<\/strong><\/p>\n<p>Ancak \u00fcnl\u00fc isim \u015fehre ula\u015ft\u0131\u011f\u0131nda, ilgin\u00e7 bir olay ya\u015fand\u0131\u011f\u0131 iddia edildi. BBC&#8217;nin haberine g\u00f6re; \u015fark\u0131c\u0131n\u0131n verece\u011fi konser \u00f6ncesinde, turistlere yer a\u00e7mak i\u00e7in \u00e7ok say\u0131da evsiz Edinburgh d\u0131\u015f\u0131na g\u00f6nderildi.<\/p>\n<div>\n<div> <img decoding=\"async\" src=\"https:\/\/ekamu.net\/wp-content\/uploads\/2024\/06\/iskocyadaki-evsizler-taylor-swift-hayranlari-icin-kaldiklari-otellerden-tahliye-edildi-1-Ta4WD7kc.jpg\"\/><\/img> <\/div>\n<\/p><\/div>\n<\/p>\n<p><strong>&#8220;A\u00c7IK B\u0130R HAKSIZLIK&#8221;<\/strong><\/p>\n<p>Bar\u0131nma konusunda insanlara yard\u0131m eden sivil toplum kurulu\u015fu Shelter Scotland, destekledi\u011fi baz\u0131 evsizlerin zorla taksiye bindirilip farkl\u0131 \u015fehirlere g\u00f6nderildi\u011fini a\u00e7\u0131klad\u0131:<\/p>\n<section>\n<div>\n<p>Edinburgh&#8217;daki bu acil durum, art\u0131k evsizlik ya\u015fayan insanlar\u0131 turistlerle do\u011frudan rekabete sokuyor. A\u00e7\u0131k bir haks\u0131zl\u0131k. Yatacak yere ihtiyac\u0131 olan insanlara, tek se\u00e7eneklerinin \u015fehri terk etmek oldu\u011fu s\u00f6yleniyor. Edinburgh&#8217;da evsizlik travmas\u0131 ya\u015fayan bir ailenin, acil kalacak yer bulmak i\u00e7in i\u015finden, okulundan ve toplumundan kilometrelerce uzakla\u015fmas\u0131 gerekmemeli.<\/p>\n<\/div>\n<\/section>\n<div>\n<div> <img decoding=\"async\" src=\"https:\/\/ekamu.net\/wp-content\/uploads\/2024\/06\/iskocyadaki-evsizler-taylor-swift-hayranlari-icin-kaldiklari-otellerden-tahliye-edildi-2-SQszjnJM.jpg\"\/><\/img> <\/div>\n<\/p><\/div>\n<\/p>\n<p><strong>&#8220;ALTERNAT\u0130F KONAKLAMA YER\u0130 \u0130\u00c7\u0130N \u00c7ALI\u015eIYORUZ&#8221;<\/strong><\/p>\n<p>Edinburgh \u015eehir Meclisi ise &#8216;uygun, alternatif konaklama yeri&#8217; bulmak i\u00e7in \u00e7al\u0131\u015ft\u0131klar\u0131n\u0131 a\u00e7\u0131klad\u0131.<\/p>\n\n<p>Kaynak :\u00a0<span style=\"background-color: rgb(255, 249, 236); color: rgb(55, 58, 60); font-size: 14px;\">http:\/\/www.milliyet.com.tr\/cadde\/iskocyadaki-evsizler-taylor-swift-hayranlari-icin-kaldiklari-otellerden-tahliye-edildi-7134689<\/span><\/p>\n","protected":false},"excerpt":{"rendered":"<p>Son d\u00f6nemin en ba\u015far\u0131l\u0131 \u015fark\u0131c\u0131lar\u0131ndan Taylor Swift, 7-9 Haziran tarihleri \u200b\u200baras\u0131nda Edinburgh&#8217;un Murrayfield stadyumunda \u00fc\u00e7 gece konser verecek. \u00dcnl\u00fc ismin y\u00fcz binlerce hayran\u0131 bu konser nedeniyle \u0130sko\u00e7ya&#8217;ya ak\u0131n ederken, otellerin turistlere yer a\u00e7mak i\u00e7in evsizleri \u015fehir d\u0131\u015f\u0131na g\u00f6nderdi\u011fi iddia edildi.<\/p>\n","protected":false},"author":1,"featured_media":14730,"comment_status":"open","ping_status":"open","sticky":false,"template":"","format":"standard","meta":{"footnotes":""},"categories":[4],"tags":[1072,1073],"class_list":["post-14729","post","type-post","status-publish","format-standard","has-post-thumbnail","hentry","category-magazin","tag-edinburgh","tag-evsiz"],"_links":{"self":[{"href":"https:\/\/ekamu.net\/index.php\/wp-json\/wp\/v2\/posts\/14729","targetHints":{"allow":["GET"]}}],"collection":[{"href":"https:\/\/ekamu.net\/index.php\/wp-json\/wp\/v2\/posts"}],"about":[{"href":"https:\/\/ekamu.net\/index.php\/wp-json\/wp\/v2\/types\/post"}],"author":[{"embeddable":true,"href":"https:\/\/ekamu.net\/index.php\/wp-json\/wp\/v2\/users\/1"}],"replies":[{"embeddable":true,"href":"https:\/\/ekamu.net\/index.php\/wp-json\/wp\/v2\/comments?post=14729"}],"version-history":[{"count":1,"href":"https:\/\/ekamu.net\/index.php\/wp-json\/wp\/v2\/posts\/14729\/revisions"}],"predecessor-version":[{"id":14734,"href":"https:\/\/ekamu.net\/index.php\/wp-json\/wp\/v2\/posts\/14729\/revisions\/14734"}],"wp:featuredmedia":[{"embeddable":true,"href":"https:\/\/ekamu.net\/index.php\/wp-json\/wp\/v2\/media\/14730"}],"wp:attachment":[{"href":"https:\/\/ekamu.net\/index.php\/wp-json\/wp\/v2\/media?parent=14729"}],"wp:term":[{"taxonomy":"category","embeddable":true,"href":"https:\/\/ekamu.net\/index.php\/wp-json\/wp\/v2\/categories?post=14729"},{"taxonomy":"post_tag","embeddable":true,"href":"https:\/\/ekamu.net\/index.php\/wp-json\/wp\/v2\/tags?post=14729"}],"curies":[{"name":"wp","href":"https:\/\/api.w.org\/{rel}","templated":true}]}}