{"id":14895,"date":"2024-06-03T19:24:05","date_gmt":"2024-06-03T19:24:05","guid":{"rendered":"https:\/\/ekamu.net\/?p=14895"},"modified":"2024-06-03T19:24:05","modified_gmt":"2024-06-03T19:24:05","slug":"feci-olay-agacin-kirilan-dali-kirmizi-isikta-bekleyen-otomobilin-uzerine-dustu","status":"publish","type":"post","link":"https:\/\/ekamu.net\/index.php\/2024\/06\/03\/feci-olay-agacin-kirilan-dali-kirmizi-isikta-bekleyen-otomobilin-uzerine-dustu\/","title":{"rendered":"Feci olay! A\u011fac\u0131n k\u0131r\u0131lan dal\u0131, k\u0131rm\u0131z\u0131 \u0131\u015f\u0131kta bekleyen otomobilin \u00fczerine d\u00fc\u015ft\u00fc"},"content":{"rendered":"<p><p>Kentte etkili olan kuvvetli r\u00fczgar ya\u015fam\u0131 olumsuz etkiledi. Tepeba\u015f\u0131 il\u00e7esine ba\u011fl\u0131 Ho\u015fnudiye Mahallesi K\u0131z\u0131lc\u0131kl\u0131 Mahmut Pehlivan Caddesi\u2019nde, al\u0131\u015fveri\u015f merkezinin \u00f6n\u00fcndeki dut a\u011fac\u0131n\u0131n dal\u0131, r\u00fczgar nedeniyle k\u0131r\u0131l\u0131p \u0131\u015f\u0131klarda bekleyen 26 TU 200 plakal\u0131 otomobilin \u00fczerine d\u00fc\u015ft\u00fc, yol trafi\u011fe kapand\u0131. \u0130hbar \u00fczerine Eski\u015fehir B\u00fcy\u00fck\u015fehir Belediyesi\u2019ne ba\u011fl\u0131 ekipler, devrilen a\u011fa\u00e7 dal\u0131n\u0131 kesip, yoldan kald\u0131rd\u0131.<\/p>\n<div>\n<div> <img decoding=\"async\" src=\"https:\/\/ekamu.net\/wp-content\/uploads\/2024\/06\/feci-olay-agacin-kirilan-dali-kirmizi-isikta-bekleyen-otomobilin-uzerine-dustu-0-7Pza1DNJ.jpg\"\/><\/img> <\/div>\n<\/p><\/div>\n<\/p>\n<p>Otomobil s\u00fcr\u00fcc\u00fcs\u00fc G\u00fcrb\u00fcz U\u00e7ka\u00e7 (59), olay s\u0131ras\u0131nda \u00e7ok korktu\u011funu s\u00f6yleyerek, \u201cBiz arabayla \u0131\u015f\u0131klarda beklerken dut a\u011fac\u0131n\u0131n dal\u0131 k\u0131r\u0131l\u0131p \u00fczerimize d\u00fc\u015ft\u00fc. Elektrik dire\u011fiyle araban\u0131n tavan\u0131na zarar verdi. Annem kalp hastas\u0131 oldu\u011fu i\u00e7in anneme bir \u015fey oldu diye korktum. Yoksa araba yap\u0131lacak \u015fey\u201d dedi.<\/p>\n<p>Esnaf Fatih G\u00fczel (29) ise a\u011fa\u00e7 dal\u0131 d\u00fc\u015f\u00fcnce korktuklar\u0131n\u0131 belirterek, \u201cA\u011fa\u00e7 dal\u0131 birden devrildi, tam benim g\u00f6z\u00fcm\u00fcn \u00f6n\u00fcnde oldu. Yoldan ge\u00e7en araban\u0131n \u00fczerine direkle beraber devrildi. Herkes \u00e7ok \u015fa\u015f\u0131rd\u0131 ve tam trafikte arac\u0131n \u00fcst\u00fcne d\u00fc\u015fmesi de ilgin\u00e7ti\u201d diye konu\u015ftu.<\/p>\n\n<p>Kaynak :\u00a0<span style=\"background-color: rgb(255, 249, 236); color: rgb(55, 58, 60); font-size: 14px;\">http:\/\/www.milliyet.com.tr\/gundem\/feci-olay-agacin-kirilan-dali-kirmizi-isikta-bekleyen-otomobilin-uzerine-dustu-7134835<\/span><\/p>\n","protected":false},"excerpt":{"rendered":"<p>Eski\u015fehir\u2019de, olan kuvvetli r\u00fczgar dut a\u011fac\u0131n\u0131n k\u0131r\u0131lmas\u0131na sebep oldu. A\u011fac\u0131n k\u0131r\u0131lan dal\u0131, k\u0131rm\u0131z\u0131 \u0131\u015f\u0131kta bekleyen otomobilin \u00fczerine d\u00fc\u015ft\u00fc.<\/p>\n","protected":false},"author":1,"featured_media":14896,"comment_status":"open","ping_status":"open","sticky":false,"template":"","format":"standard","meta":{"footnotes":""},"categories":[3],"tags":[1132],"class_list":["post-14895","post","type-post","status-publish","format-standard","has-post-thumbnail","hentry","category-genel","tag-dali"],"_links":{"self":[{"href":"https:\/\/ekamu.net\/index.php\/wp-json\/wp\/v2\/posts\/14895","targetHints":{"allow":["GET"]}}],"collection":[{"href":"https:\/\/ekamu.net\/index.php\/wp-json\/wp\/v2\/posts"}],"about":[{"href":"https:\/\/ekamu.net\/index.php\/wp-json\/wp\/v2\/types\/post"}],"author":[{"embeddable":true,"href":"https:\/\/ekamu.net\/index.php\/wp-json\/wp\/v2\/users\/1"}],"replies":[{"embeddable":true,"href":"https:\/\/ekamu.net\/index.php\/wp-json\/wp\/v2\/comments?post=14895"}],"version-history":[{"count":1,"href":"https:\/\/ekamu.net\/index.php\/wp-json\/wp\/v2\/posts\/14895\/revisions"}],"predecessor-version":[{"id":14898,"href":"https:\/\/ekamu.net\/index.php\/wp-json\/wp\/v2\/posts\/14895\/revisions\/14898"}],"wp:featuredmedia":[{"embeddable":true,"href":"https:\/\/ekamu.net\/index.php\/wp-json\/wp\/v2\/media\/14896"}],"wp:attachment":[{"href":"https:\/\/ekamu.net\/index.php\/wp-json\/wp\/v2\/media?parent=14895"}],"wp:term":[{"taxonomy":"category","embeddable":true,"href":"https:\/\/ekamu.net\/index.php\/wp-json\/wp\/v2\/categories?post=14895"},{"taxonomy":"post_tag","embeddable":true,"href":"https:\/\/ekamu.net\/index.php\/wp-json\/wp\/v2\/tags?post=14895"}],"curies":[{"name":"wp","href":"https:\/\/api.w.org\/{rel}","templated":true}]}}