{"id":17025,"date":"2024-06-04T10:36:06","date_gmt":"2024-06-04T10:36:06","guid":{"rendered":"https:\/\/ekamu.net\/?p=17025"},"modified":"2024-06-04T10:36:06","modified_gmt":"2024-06-04T10:36:06","slug":"engelli-oglunun-bogazini-jiletle-kesip-intihar-etmisti-topraga-verildiler","status":"publish","type":"post","link":"https:\/\/ekamu.net\/index.php\/2024\/06\/04\/engelli-oglunun-bogazini-jiletle-kesip-intihar-etmisti-topraga-verildiler\/","title":{"rendered":"Engelli o\u011flunun bo\u011faz\u0131n\u0131 jiletle kesip intihar etmi\u015fti! Topra\u011fa verildiler"},"content":{"rendered":"<p><p>Bursa&#8217;da bedensel engelli o\u011flu Yusuf Hakan \u00d6zmen&#8217;in bo\u011faz\u0131n\u0131 jiletle keserek \u00f6ld\u00fcren, ard\u0131ndan ayn\u0131 jiletle kendi bo\u011faz\u0131n\u0131 da keserek ya\u015fam\u0131na son veren anne \u00dcmran \u00d6zmen ve o\u011flunun cenazesi topra\u011fa verildi.<\/p>\n<p>Olay, d\u00fcn saat 18.00 s\u0131ralar\u0131nda, Y\u0131ld\u0131r\u0131m il\u00e7esi Yi\u011fitler Mahallesi E233 Sokak&#8217;ta meydana geldi. Ak\u015fam saatlerinde eve gelen Ahmet \u00d6zmen, e\u015fi \u00dcmran ile bedensel engelli o\u011flu Yusuf Hakan \u00d6zmen&#8217;i banyoda kanlar i\u00e7inde yatarken buldu. Baba Ahmet \u00d6zmen&#8217;in ihbar\u0131 \u00fczerine olay yerine \u00e7ok say\u0131da polis ve sa\u011fl\u0131k ekibi sevk edildi. Sa\u011fl\u0131k ekipleri olay yerindeki kontrollerinde boynunda kesik bulunan Yusuf Hakan \u00d6zmen&#8217;in hayat\u0131n\u0131 kaybetti\u011fini belirlerken, ilk m\u00fcdahalesi yap\u0131lan anne \u00dcmran \u00d6zmen ise Y\u00fcksek \u0130htisas E\u011fitim ve Ara\u015ft\u0131rma Hastanesi&#8217;ne kald\u0131r\u0131ld\u0131. Polis ekiplerinin olay yerindeki incelemesinde anne \u00dcmran \u00d6zmen&#8217;in o\u011flu Yusuf Hakan&#8217;\u0131 bo\u011faz\u0131n\u0131 jiletle kesti\u011fi, ard\u0131ndan da ayn\u0131 jiletle kendi bo\u011faz\u0131n\u0131 keserek intihara te\u015febb\u00fcs etti\u011fi belirlendi. Yap\u0131lan incelemenin ard\u0131ndan Yusuf Hakan \u00d6zmen&#8217;in cans\u0131z bedeni, otopsi yap\u0131lmak \u00fczere Bursa Adli T\u0131p Kurumu&#8217;nun morguna g\u00f6t\u00fcr\u00fcld\u00fc.<\/p>\n<p>Tedaviye al\u0131nan \u00dcmran \u00d6zmen de yap\u0131lan t\u00fcm m\u00fcdahalelere ra\u011fmen, olaydan 5 saat sonra ya\u015fam\u0131n\u0131 yitirdi. Olayla ilgili soru\u015fturma ba\u015flat\u0131ld\u0131.<\/p>\n<div>\n<div> <img decoding=\"async\" src=\"https:\/\/ekamu.net\/wp-content\/uploads\/2024\/06\/engelli-oglunun-bogazini-jiletle-kesip-intihar-etmisti-topraga-verildiler-0-viLqDaQA.jpg\"\/><\/img> <\/div>\n<\/p><\/div>\n<\/p>\n<p><strong>ANNE VE O\u011eLU TOPRA\u011eA VER\u0130LD\u0130<\/strong><\/p>\n<p>Anne \u00dcmran ve o\u011flu Yusuf Hakan \u00d6zmen, Y\u0131ld\u0131r\u0131m il\u00e7esi Yi\u011fitler Mahallesi&#8217;nde bulunan Hac\u0131 \u0130brahim Altan Camii&#8217;nde k\u0131l\u0131nan cenaze namaz\u0131n\u0131n ard\u0131ndan \u0130neg\u00f6l il\u00e7esi Yenicek\u00f6y Mahalle Mezarl\u0131\u011f\u0131nda topra\u011fa verildi.<\/p>\n\n<p>Kaynak :\u00a0<span style=\"background-color: rgb(255, 249, 236); color: rgb(55, 58, 60); font-size: 14px;\">http:\/\/www.milliyet.com.tr\/gundem\/engelli-oglunun-bogazini-jiletle-kesip-intihar-etmisti-topraga-verildiler-7134931<\/span><\/p>\n","protected":false},"excerpt":{"rendered":"<p>Bursa&#8217;da feci bir olay ya\u015fand\u0131. Engelli o\u011flunun bo\u011faz\u0131n\u0131 jiletle kesip daha sonra ayn\u0131 jiletle kendi bo\u011faz\u0131n\u0131 keserek intihar eden anne \u00dcmran \u00d6zmen&#8217;in cenazeleri topra\u011fa verildi.<\/p>\n","protected":false},"author":1,"featured_media":17026,"comment_status":"open","ping_status":"open","sticky":false,"template":"","format":"standard","meta":{"footnotes":""},"categories":[3],"tags":[771,247,1199,1200,1201],"class_list":["post-17025","post","type-post","status-publish","format-standard","has-post-thumbnail","hentry","category-genel","tag-oglu","tag-olay","tag-ozmen","tag-umran","tag-yusuf-hakan"],"_links":{"self":[{"href":"https:\/\/ekamu.net\/index.php\/wp-json\/wp\/v2\/posts\/17025","targetHints":{"allow":["GET"]}}],"collection":[{"href":"https:\/\/ekamu.net\/index.php\/wp-json\/wp\/v2\/posts"}],"about":[{"href":"https:\/\/ekamu.net\/index.php\/wp-json\/wp\/v2\/types\/post"}],"author":[{"embeddable":true,"href":"https:\/\/ekamu.net\/index.php\/wp-json\/wp\/v2\/users\/1"}],"replies":[{"embeddable":true,"href":"https:\/\/ekamu.net\/index.php\/wp-json\/wp\/v2\/comments?post=17025"}],"version-history":[{"count":1,"href":"https:\/\/ekamu.net\/index.php\/wp-json\/wp\/v2\/posts\/17025\/revisions"}],"predecessor-version":[{"id":17028,"href":"https:\/\/ekamu.net\/index.php\/wp-json\/wp\/v2\/posts\/17025\/revisions\/17028"}],"wp:featuredmedia":[{"embeddable":true,"href":"https:\/\/ekamu.net\/index.php\/wp-json\/wp\/v2\/media\/17026"}],"wp:attachment":[{"href":"https:\/\/ekamu.net\/index.php\/wp-json\/wp\/v2\/media?parent=17025"}],"wp:term":[{"taxonomy":"category","embeddable":true,"href":"https:\/\/ekamu.net\/index.php\/wp-json\/wp\/v2\/categories?post=17025"},{"taxonomy":"post_tag","embeddable":true,"href":"https:\/\/ekamu.net\/index.php\/wp-json\/wp\/v2\/tags?post=17025"}],"curies":[{"name":"wp","href":"https:\/\/api.w.org\/{rel}","templated":true}]}}