{"id":17130,"date":"2024-06-04T16:12:04","date_gmt":"2024-06-04T16:12:04","guid":{"rendered":"https:\/\/ekamu.net\/?p=17130"},"modified":"2024-06-04T16:12:04","modified_gmt":"2024-06-04T16:12:04","slug":"ankarada-kamyonet-11-araca-carpti-vatandaslar-sofore-tepki-gosterdi","status":"publish","type":"post","link":"https:\/\/ekamu.net\/index.php\/2024\/06\/04\/ankarada-kamyonet-11-araca-carpti-vatandaslar-sofore-tepki-gosterdi\/","title":{"rendered":"Ankara&#8217;da kamyonet 11 araca \u00e7arpt\u0131, vatanda\u015flar \u015fof\u00f6re tepki g\u00f6sterdi"},"content":{"rendered":"<p><p>Olay, ak\u015fam saatlerinde \u00c7ankaya il\u00e7esi Gazi Mustafa Kemal Bulvar\u0131&#8217;nda meydana geldi. \u0130.\u00d6. y\u00f6netimindeki 06 BA 3607 plakal\u0131 kamyonet, s\u00fcr\u00fcc\u00fcs\u00fcn\u00fcn direksiyon hakimiyetini kaybetmesi sonucu park ve seyir halindeki ara\u00e7lara \u00e7arpt\u0131. \u00c7evredeki vatanda\u015flar\u0131n ihbar\u0131 \u00fczerinde olay yerine polis ekipleri sevk edildi. Kazalarda yaralanan olmazken, ara\u00e7larda maddi hasar meydana geldi. \u00c7evredeki vatanda\u015flar kamyonet s\u00fcr\u00fcc\u00fcs\u00fc \u0130.\u00d6.&#8217;ye tepki g\u00f6sterdi. Polis ekiplerinin m\u00fcdahalesiyle \u00f6fkeli kalabal\u0131k sakinle\u015ftirildi. Polis ekipleri, vatanda\u015flardan gelen \u015fikayetler sonras\u0131nda kazada toplamda 11 arac\u0131n hasar g\u00f6rd\u00fc\u011f\u00fcn\u00fc tespit etti.<\/p>\n<p>Kaza sonras\u0131 trafi\u011fin durdu\u011fu Gazi Mustafa Kemal Bulvar\u0131nda kamyonetin ve di\u011fer ara\u00e7lar\u0131n \u00e7ekiciler taraf\u0131ndan olay yerinden g\u00f6t\u00fcr\u00fclmesinin ard\u0131ndan ula\u015f\u0131m normale d\u00f6nd\u00fc. Polis, kazayla ilgili inceleme ba\u015flatt\u0131.<\/p>\n\n<p>Kaynak :\u00a0<span style=\"background-color: rgb(255, 249, 236); color: rgb(55, 58, 60); font-size: 14px;\">http:\/\/www.milliyet.com.tr\/gundem\/ankarada-kamyonet-11-araca-carpti-vatandaslar-sofore-tepki-gosterdi-7135065<\/span><\/p>\n","protected":false},"excerpt":{"rendered":"<p>Ankara&#8217;da s\u00fcr\u00fcc\u00fcs\u00fcn\u00fcn kontrol\u00fcn\u00fc kaybetti\u011fi kamyonet, park ve seyir halindeki 11 araca \u00e7arpt\u0131. Kaza sonras\u0131 yaralanan olmazken, vatanda\u015flar kamyonet s\u00fcr\u00fcc\u00fcs\u00fcne b\u00fcy\u00fck tepki g\u00f6sterdi.<\/p>\n","protected":false},"author":1,"featured_media":17131,"comment_status":"open","ping_status":"open","sticky":false,"template":"","format":"standard","meta":{"footnotes":""},"categories":[3],"tags":[],"class_list":["post-17130","post","type-post","status-publish","format-standard","has-post-thumbnail","hentry","category-genel"],"_links":{"self":[{"href":"https:\/\/ekamu.net\/index.php\/wp-json\/wp\/v2\/posts\/17130","targetHints":{"allow":["GET"]}}],"collection":[{"href":"https:\/\/ekamu.net\/index.php\/wp-json\/wp\/v2\/posts"}],"about":[{"href":"https:\/\/ekamu.net\/index.php\/wp-json\/wp\/v2\/types\/post"}],"author":[{"embeddable":true,"href":"https:\/\/ekamu.net\/index.php\/wp-json\/wp\/v2\/users\/1"}],"replies":[{"embeddable":true,"href":"https:\/\/ekamu.net\/index.php\/wp-json\/wp\/v2\/comments?post=17130"}],"version-history":[{"count":1,"href":"https:\/\/ekamu.net\/index.php\/wp-json\/wp\/v2\/posts\/17130\/revisions"}],"predecessor-version":[{"id":17132,"href":"https:\/\/ekamu.net\/index.php\/wp-json\/wp\/v2\/posts\/17130\/revisions\/17132"}],"wp:featuredmedia":[{"embeddable":true,"href":"https:\/\/ekamu.net\/index.php\/wp-json\/wp\/v2\/media\/17131"}],"wp:attachment":[{"href":"https:\/\/ekamu.net\/index.php\/wp-json\/wp\/v2\/media?parent=17130"}],"wp:term":[{"taxonomy":"category","embeddable":true,"href":"https:\/\/ekamu.net\/index.php\/wp-json\/wp\/v2\/categories?post=17130"},{"taxonomy":"post_tag","embeddable":true,"href":"https:\/\/ekamu.net\/index.php\/wp-json\/wp\/v2\/tags?post=17130"}],"curies":[{"name":"wp","href":"https:\/\/api.w.org\/{rel}","templated":true}]}}